{"id":3766,"date":"2014-08-21T18:11:47","date_gmt":"2014-08-21T18:11:47","guid":{"rendered":"http:\/\/www.rincondelbulla.cl\/portal\/?p=3766"},"modified":"2014-09-01T16:20:38","modified_gmt":"2014-09-01T16:20:38","slug":"waldo-ponce-si-hacia-el-gol-me-retiraba","status":"publish","type":"post","link":"https:\/\/www.rincondelbulla.cl\/portal\/2014\/08\/21\/waldo-ponce-si-hacia-el-gol-me-retiraba\/","title":{"rendered":"Waldo Ponce: \u201cSi hacia el gol me retiraba\u201d"},"content":{"rendered":"<p><strong><a href=\"http:\/\/www.rincondelbulla.cl\/portal\/wp-content\/uploads\/2014\/08\/ponce.jpg\"><img loading=\"lazy\" decoding=\"async\" class=\"alignnone size-full wp-image-5526\" src=\"http:\/\/www.rincondelbulla.cl\/portal\/wp-content\/uploads\/2014\/08\/ponce.jpg\" alt=\"ponce\" width=\"1100\" height=\"700\" srcset=\"https:\/\/www.rincondelbulla.cl\/portal\/wp-content\/uploads\/2014\/08\/ponce.jpg 1100w, https:\/\/www.rincondelbulla.cl\/portal\/wp-content\/uploads\/2014\/08\/ponce-300x191.jpg 300w, https:\/\/www.rincondelbulla.cl\/portal\/wp-content\/uploads\/2014\/08\/ponce-768x489.jpg 768w, https:\/\/www.rincondelbulla.cl\/portal\/wp-content\/uploads\/2014\/08\/ponce-696x443.jpg 696w, https:\/\/www.rincondelbulla.cl\/portal\/wp-content\/uploads\/2014\/08\/ponce-1068x680.jpg 1068w, https:\/\/www.rincondelbulla.cl\/portal\/wp-content\/uploads\/2014\/08\/ponce-660x420.jpg 660w\" sizes=\"auto, (max-width: 1100px) 100vw, 1100px\" \/><\/a><\/strong><\/p>\n<p><strong>Un chistoso y agradecido Waldo Ponce volvi\u00f3 a enfrentar los micr\u00f3fonos, tras un largo tiempo fuera de las canchas. Anoche ante Magallanes, visti\u00f3 nuevamente la camiseta azul y tambi\u00e9n tuvo la dicha de llevar la gineta de capit\u00e1n en un partido que netamente qued\u00f3 para la estad\u00edstica.<\/strong><\/p>\n<p><!--more--><\/p>\n<p>Por @felipe_ins<\/p>\n<p>Luego de dos a\u00f1os de inactividad, Waldo Ponce ayer volvi\u00f3 a pisar el c\u00e9sped con la camiseta titular de la \u201cU\u201d. \u00a0\u201cMe sent\u00ed bastante bien, obviamente raro, le dec\u00eda a mis compa\u00f1eros que deber\u00eda estar afuera viendo el partido. Estoy\u00a0 muy contento por el retorno y era lo que espere desde que sufr\u00ed la lesi\u00f3n\u201d, coment\u00f3 Ponce.<\/p>\n<p>La lesi\u00f3n para Waldo no fue su principal preocupaci\u00f3n, y as\u00ed lo dejo demostrado ayer disputando cada bal\u00f3n. \u201cMi tend\u00f3n no fue mi preocupaci\u00f3n mayor, y lo siento as\u00ed hace semanas, la principal preocupaci\u00f3n era no ahogarme y sentirme bien, el pie todo bien\u201d.<\/p>\n<p>En lo que respecta a pelear un puesto, Waldo se encuentra tranquilo y sabe en la situaci\u00f3n en la que se encuentra \u00e9l y el plantel. \u201cLo mejor para el profe es la disputa del puesto, es una linda pelea, y va en directo beneficio del equipo porque a todos nos pone en una alta competencia\u201d, coment\u00f3.<\/p>\n<p>Finalmente Waldo hizo un agradecimiento especial y mostr\u00f3 una polera en la cual se pod\u00edan leer agradecimientos para la familia, la hinchada y los compa\u00f1eros de profesi\u00f3n en general. \u201cesta polera refleja todo ese apoyo de las personas que me ayudaron en la recuperaci\u00f3n, y fueron fundamentales a la hora de ayudarme a sobreponerme a todo lo malo que viv\u00ed\u201d<\/p>\n","protected":false},"excerpt":{"rendered":"<p>Un chistoso y agradecido Waldo Ponce volvi\u00f3 a enfrentar los micr\u00f3fonos, tras un largo tiempo fuera de las canchas. Anoche ante Magallanes, visti\u00f3 nuevamente la camiseta azul y tambi\u00e9n tuvo la dicha de llevar la gineta de capit\u00e1n en un partido que netamente qued\u00f3 para la estad\u00edstica.<\/p>\n","protected":false},"author":65,"featured_media":5526,"comment_status":"closed","ping_status":"open","sticky":false,"template":"","format":"standard","meta":{"footnotes":""},"categories":[18],"tags":[],"class_list":{"0":"post-3766","1":"post","2":"type-post","3":"status-publish","4":"format-standard","5":"has-post-thumbnail","7":"category-actualidad"},"_links":{"self":[{"href":"https:\/\/www.rincondelbulla.cl\/portal\/wp-json\/wp\/v2\/posts\/3766","targetHints":{"allow":["GET"]}}],"collection":[{"href":"https:\/\/www.rincondelbulla.cl\/portal\/wp-json\/wp\/v2\/posts"}],"about":[{"href":"https:\/\/www.rincondelbulla.cl\/portal\/wp-json\/wp\/v2\/types\/post"}],"author":[{"embeddable":true,"href":"https:\/\/www.rincondelbulla.cl\/portal\/wp-json\/wp\/v2\/users\/65"}],"replies":[{"embeddable":true,"href":"https:\/\/www.rincondelbulla.cl\/portal\/wp-json\/wp\/v2\/comments?post=3766"}],"version-history":[{"count":2,"href":"https:\/\/www.rincondelbulla.cl\/portal\/wp-json\/wp\/v2\/posts\/3766\/revisions"}],"predecessor-version":[{"id":5527,"href":"https:\/\/www.rincondelbulla.cl\/portal\/wp-json\/wp\/v2\/posts\/3766\/revisions\/5527"}],"wp:featuredmedia":[{"embeddable":true,"href":"https:\/\/www.rincondelbulla.cl\/portal\/wp-json\/wp\/v2\/media\/5526"}],"wp:attachment":[{"href":"https:\/\/www.rincondelbulla.cl\/portal\/wp-json\/wp\/v2\/media?parent=3766"}],"wp:term":[{"taxonomy":"category","embeddable":true,"href":"https:\/\/www.rincondelbulla.cl\/portal\/wp-json\/wp\/v2\/categories?post=3766"},{"taxonomy":"post_tag","embeddable":true,"href":"https:\/\/www.rincondelbulla.cl\/portal\/wp-json\/wp\/v2\/tags?post=3766"}],"curies":[{"name":"wp","href":"https:\/\/api.w.org\/{rel}","templated":true}]}}