{"id":3767,"date":"2014-08-22T16:14:45","date_gmt":"2014-08-22T16:14:45","guid":{"rendered":"http:\/\/www.rincondelbulla.cl\/portal\/?p=3767"},"modified":"2014-08-30T17:50:30","modified_gmt":"2014-08-30T17:50:30","slug":"la-previa-la-u-buscara-el-triunfo-para-afirmarse-en-el-liderato","status":"publish","type":"post","link":"https:\/\/www.rincondelbulla.cl\/portal\/2014\/08\/22\/la-previa-la-u-buscara-el-triunfo-para-afirmarse-en-el-liderato\/","title":{"rendered":"La previa: La &#8216;U&#8217; buscar\u00e1 el triunfo para afirmarse en el liderato"},"content":{"rendered":"<figure id=\"attachment_5442\" aria-describedby=\"caption-attachment-5442\" style=\"width: 1100px\" class=\"wp-caption alignnone\"><a href=\"http:\/\/www.rincondelbulla.cl\/portal\/wp-content\/uploads\/2014\/08\/celebracion21.jpg\"><img loading=\"lazy\" decoding=\"async\" class=\"wp-image-5442 size-full\" src=\"http:\/\/www.rincondelbulla.cl\/portal\/wp-content\/uploads\/2014\/08\/celebracion21.jpg\" alt=\"\" width=\"1100\" height=\"700\" srcset=\"https:\/\/www.rincondelbulla.cl\/portal\/wp-content\/uploads\/2014\/08\/celebracion21.jpg 1100w, https:\/\/www.rincondelbulla.cl\/portal\/wp-content\/uploads\/2014\/08\/celebracion21-300x191.jpg 300w, https:\/\/www.rincondelbulla.cl\/portal\/wp-content\/uploads\/2014\/08\/celebracion21-768x489.jpg 768w, https:\/\/www.rincondelbulla.cl\/portal\/wp-content\/uploads\/2014\/08\/celebracion21-696x443.jpg 696w, https:\/\/www.rincondelbulla.cl\/portal\/wp-content\/uploads\/2014\/08\/celebracion21-1068x680.jpg 1068w, https:\/\/www.rincondelbulla.cl\/portal\/wp-content\/uploads\/2014\/08\/celebracion21-660x420.jpg 660w\" sizes=\"auto, (max-width: 1100px) 100vw, 1100px\" \/><\/a><figcaption id=\"caption-attachment-5442\" class=\"wp-caption-text\">La \u201cU\u201d buscar\u00e1 imponerse para confirmar el liderazgo &#8211; Foto: Patricio Gonz\u00e1lez<\/figcaption><\/figure>\n<p class=\"p1\"><span class=\"s1\"><strong>En un fundamental partido ante Huachipato, la \u201cU\u201d buscar\u00e1 imponerse para confirmar el liderazgo que se ve amenazado tras el empate ante Iquique.<\/strong><\/span><!--more--><\/p>\n<p class=\"p1\"><span class=\"s1\"><strong>Por Enrique Moreno | @EnriqueMorenoS<\/strong><\/span><\/p>\n<p class=\"p1\"><span class=\"s1\">Desde las 12:30 horas de este s\u00e1bado Universidad de Chile saltar\u00e1 a la cancha del Estadio Nacional para enfrentar a Huachipato, en partido v\u00e1lido por la sexta fecha del Apertura. Con el arbitraje de Jorge Osorio, los azules buscar\u00e1n un triunfo que les permita seguir firmes en la punta.\u00a0<\/span><\/p>\n<p class=\"p1\"><span class=\"s1\">Esto, ya que tras el empate ante Iquique en la fecha pasada perdi\u00f3 la ventaja de tres puntos sobre sus escoltas, teniendo esta vez a Wanderers sigui\u00e9ndolo con 12 y a Colo Colo y al mismo Huachipato con 10.<\/span><\/p>\n<p class=\"p1\"><span class=\"s1\"><strong>Formaci\u00f3n de la \u201cU\u201d<\/strong><\/span><\/p>\n<p class=\"p1\"><span class=\"s1\">Mart\u00edn Lasarte no presentar\u00eda variantes en la formaci\u00f3n que ha venido utilizando en las \u00faltimas fechas. El \u00fanico posible cambio ser\u00eda el ingreso de Lorenzetti por Ram\u00f3n Fern\u00e1ndez, algo que a\u00fan no est\u00e1 definido.<\/span><\/p>\n<p class=\"p1\"><span class=\"s1\">De esta manera los once iniciales ser\u00edan Johnny Herrera; Mathias Corujo, Osvaldo Gonz\u00e1lez, Jos\u00e9 Rojas, Cristian Su\u00e1rez; Gonzalo Espinoza, Sebasti\u00e1n Mart\u00ednez; Ram\u00f3n Fern\u00e1ndez (Gustavo Lorenzetti); Sebasti\u00e1n Ubilla, Gustavo Canales y Patricio Rubio.<\/span><\/p>\n<p class=\"p1\"><span class=\"s1\"><strong>Historial y estad\u00edstica<\/strong><\/span><\/p>\n<p class=\"p1\"><span class=\"s1\">La \u00faltima vez que azules y acereros se enfrentaron fue el 13 de abril de este a\u00f1o en el estadio CAP de Talcahuano. Aquella vez fue una goleada rutilante por 5-2 para los del sur, en momentos que la conducci\u00f3n de \u201cRelojito\u201d Romero ya estaba por el suelo. Los descuentos para la \u201cU\u201d fueron obra de Fabi\u00e1n Carmona y Mat\u00edas Caruzzo.<\/span><\/p>\n<p class=\"p1\"><span class=\"s1\">En tanto, en el Nacional no se enfrentan desde el 24 de noviembre del a\u00f1o pasado, en lo que fue triunfo para los laicos por 1-0 con anotaci\u00f3n de Rub\u00e9n Farf\u00e1n.<\/span><\/p>\n<p class=\"p1\"><span class=\"s1\">En cuanto al historial, se han enfrentado en 85 oportunidades, con 42 triunfos, 18 empates y 25 derrotas, 140 goles a favor, 107 en contra y un positivo 60% de rendimiento.<\/span><\/p>\n<p class=\"p1\"><span class=\"s1\"><strong>Entradas y transmisi\u00f3n\u00a0<\/strong><\/span><\/p>\n<p class=\"p1\"><span class=\"s1\">Para este partido Azul Azul ha cambiado el sistema de venta de entradas para tratar de evitar los atochamientos y largas esperas a la que se han expuesto los hinchas para ingresar al estadio en los \u00faltimos partidos.<\/span><\/p>\n<p class=\"p1\"><span class=\"s1\">Ahora se deben comprar a trav\u00e9s de puntoticket.cl y posteriormente retirarla en puntos determinados. Para galer\u00edas, est\u00e1 habilitado exclusivamente el Vel\u00f3dromo del Estadio Nacional. En el caso de quienes compren galer\u00eda en regiones, podr\u00e1n retirar en tiendas Hites y Cine Mark.<\/span><\/p>\n<p class=\"p1\"><span class=\"s1\">En tanto, Andes puede retirar en el Vel\u00f3dromo o en puntos Hites y Cine Mark, mientras que Marquesina no deber\u00e1 retirar entradas y se podr\u00e1 ingresar con e-ticket. Abonados no tienen que retirar entrada.<\/span><\/p>\n<p class=\"p1\"><span class=\"s1\">Otro cambio ser\u00e1 que ahora cada sector tendr\u00e1 un ingreso exclusivo. Galer\u00eda sur por Guillermo Mann, Andes por Pedro de Valdivia, Galer\u00eda norte por Grecia y Marquesina por Marat\u00f3n.<\/span><\/p>\n<p class=\"p1\"><span class=\"s1\">Los precios son: Galer\u00eda ni\u00f1o $3.000, Galer\u00edas $5.000, Andes $8.000, Fuera Marquesina $25.000 y Bajo Marquesina $40.000.<\/span><\/p>\n<p class=\"p1\"><span class=\"s1\">El partido ser\u00e1 transmitido en vivo por CDF Premium y CDF HD con media hora de previa, como tambi\u00e9n podr\u00e1s seguir el minuto a minuto a trav\u00e9s del fan page de Rinc\u00f3n del Bulla.<\/span><\/p>\n","protected":false},"excerpt":{"rendered":"<p>En un fundamental partido ante Huachipato, la \u201cU\u201d buscar\u00e1 imponerse para confirmar el liderazgo que se ve amenazado tras el empate ante Iquique.<\/p>\n","protected":false},"author":56,"featured_media":5442,"comment_status":"closed","ping_status":"open","sticky":false,"template":"","format":"standard","meta":{"footnotes":""},"categories":[18],"tags":[454,232,37,214,102,157,156],"class_list":{"0":"post-3767","1":"post","2":"type-post","3":"status-publish","4":"format-standard","5":"has-post-thumbnail","7":"category-actualidad","8":"tag-actualidad","9":"tag-apertura-2014-2015","10":"tag-la-previa","11":"tag-la-u","12":"tag-los-de-abajo","13":"tag-portada","14":"tag-universidad-de-chile"},"_links":{"self":[{"href":"https:\/\/www.rincondelbulla.cl\/portal\/wp-json\/wp\/v2\/posts\/3767","targetHints":{"allow":["GET"]}}],"collection":[{"href":"https:\/\/www.rincondelbulla.cl\/portal\/wp-json\/wp\/v2\/posts"}],"about":[{"href":"https:\/\/www.rincondelbulla.cl\/portal\/wp-json\/wp\/v2\/types\/post"}],"author":[{"embeddable":true,"href":"https:\/\/www.rincondelbulla.cl\/portal\/wp-json\/wp\/v2\/users\/56"}],"replies":[{"embeddable":true,"href":"https:\/\/www.rincondelbulla.cl\/portal\/wp-json\/wp\/v2\/comments?post=3767"}],"version-history":[{"count":6,"href":"https:\/\/www.rincondelbulla.cl\/portal\/wp-json\/wp\/v2\/posts\/3767\/revisions"}],"predecessor-version":[{"id":5443,"href":"https:\/\/www.rincondelbulla.cl\/portal\/wp-json\/wp\/v2\/posts\/3767\/revisions\/5443"}],"wp:featuredmedia":[{"embeddable":true,"href":"https:\/\/www.rincondelbulla.cl\/portal\/wp-json\/wp\/v2\/media\/5442"}],"wp:attachment":[{"href":"https:\/\/www.rincondelbulla.cl\/portal\/wp-json\/wp\/v2\/media?parent=3767"}],"wp:term":[{"taxonomy":"category","embeddable":true,"href":"https:\/\/www.rincondelbulla.cl\/portal\/wp-json\/wp\/v2\/categories?post=3767"},{"taxonomy":"post_tag","embeddable":true,"href":"https:\/\/www.rincondelbulla.cl\/portal\/wp-json\/wp\/v2\/tags?post=3767"}],"curies":[{"name":"wp","href":"https:\/\/api.w.org\/{rel}","templated":true}]}}