{"id":3768,"date":"2014-08-23T00:18:52","date_gmt":"2014-08-23T00:18:52","guid":{"rendered":"http:\/\/www.rincondelbulla.cl\/portal\/?p=3768"},"modified":"2014-08-30T14:59:55","modified_gmt":"2014-08-30T14:59:55","slug":"martin-lasarte-prefiero-ser-lider-a-ir-detras","status":"publish","type":"post","link":"https:\/\/www.rincondelbulla.cl\/portal\/2014\/08\/23\/martin-lasarte-prefiero-ser-lider-a-ir-detras\/","title":{"rendered":"Mart\u00edn Lasarte: \u00abPrefiero ser l\u00edder a ir detr\u00e1s\u00bb"},"content":{"rendered":"<figure id=\"attachment_5410\" aria-describedby=\"caption-attachment-5410\" style=\"width: 1000px\" class=\"wp-caption alignnone\"><a href=\"http:\/\/www.rincondelbulla.cl\/portal\/wp-content\/uploads\/2014\/08\/martin.jpg\"><img loading=\"lazy\" decoding=\"async\" class=\"size-full wp-image-5410\" src=\"http:\/\/www.rincondelbulla.cl\/portal\/wp-content\/uploads\/2014\/08\/martin.jpg\" alt=\"Mart\u00edn Lasarte enfrent\u00f3 los micr\u00f3fonos -  Foto: Patricio Gonz\u00e1lez\" width=\"1000\" height=\"600\" srcset=\"https:\/\/www.rincondelbulla.cl\/portal\/wp-content\/uploads\/2014\/08\/martin.jpg 1000w, https:\/\/www.rincondelbulla.cl\/portal\/wp-content\/uploads\/2014\/08\/martin-300x180.jpg 300w, https:\/\/www.rincondelbulla.cl\/portal\/wp-content\/uploads\/2014\/08\/martin-768x461.jpg 768w, https:\/\/www.rincondelbulla.cl\/portal\/wp-content\/uploads\/2014\/08\/martin-696x418.jpg 696w, https:\/\/www.rincondelbulla.cl\/portal\/wp-content\/uploads\/2014\/08\/martin-700x420.jpg 700w\" sizes=\"auto, (max-width: 1000px) 100vw, 1000px\" \/><\/a><figcaption id=\"caption-attachment-5410\" class=\"wp-caption-text\">Mart\u00edn Lasarte enfrent\u00f3 los micr\u00f3fonos &#8211; Foto: Patricio Gonz\u00e1lez<\/figcaption><\/figure>\n<p class=\"p1\"><strong>Como todo d\u00eda Viernes el profe Lasarte enfrent\u00f3 los micr\u00f3fonos, habl\u00f3 de la presi\u00f3n al ser puntero, del duelo del s\u00e1bado y mucho m\u00e1s. <!--more--> Escrito por: Samyro Chamberline<\/strong><\/p>\n<p class=\"p3\"><span class=\"s1\">Mart\u00edn Lasarte tiene en su mente ser campe\u00f3n con la Gloriosa, y para eso explic\u00f3 que <\/span><span class=\"s2\">\u00abtenemos s\u00f3lo una competencia. Nuestra intenci\u00f3n es lo puntual, lo inmediato. En l\u00edneas generales con dos por posici\u00f3n, en casos puntuales uno m\u00e1s, Algunos jugadores que empezaron desde atr\u00e1s y est\u00e1n ocupando posici\u00f3n de recambio est\u00e1n entrenando muy bien, aprovechando las oportunidades\u00bb y sobre si sienten presi\u00f3n al interior del equipo <\/span><span class=\"s1\">\u201c<\/span>Prefiero ser l\u00edder a ir detr\u00e1s, donde mi margen de error ser\u00eda m\u00ednimo. Tenemos una caja de ahorros y por un traspi\u00e9 o dificultad, que siempre se tiene, te puede ayudar. Eso nos permite seguir siendo l\u00edderes. Si vas l\u00edder, siempre hay una presi\u00f3n, siempre est\u00e1. Si hay algo que el futbolista de equipo grande debe tener es saber solventarla, y No tenemos un grupo de jugadores novatos, es muy avezado\u201d.<\/p>\n<p class=\"p3\">Sobre el duelo de hoy donde se enfrenta Wanderers, sublider, con Audax Italiano \u00abNo me puse a pensar que Wanderers jugaba hoy -viernes-. Me preocupa nuestro rival. Ser\u00e1 complicado y dif\u00edcil, lo dem\u00e1s forma parte de esto. A veces tienes que jugar antes. Hay tantas verdades como las que queramos tener. Si gana Wanderers, tenemos que salir a ganar igual\u00bb . Adem\u00e1s analiz\u00f3 el nivel del equipo <span class=\"s2\">\u00abser\u00eda hip\u00f3crita no reconocer que la foto del primer partido generalmente no es la foto del \u00faltimo. Es importante mantenerlos a todos vivos, fuertes, positivos\u00bb.<\/span><\/p>\n<p class=\"p3\"><span class=\"s2\">Machete expres\u00f3 la alegr\u00eda de tener de vuelta a Waldo Ponce <\/span>\u00abFue una gran alegr\u00eda para todo el grupo. Es un gran jugador, en la medida que se ponga en un estado m\u00e1s cercano al 100 por ciento, seguramente va a ser utilizado\u00bb.<\/p>\n<p class=\"p4\">Finalmente confirm\u00f3 la formaci\u00f3n de ma\u00f1ana (Herrera; Corujo, Gonzalez, Rojas y Suarez; Espinoza, Martinez y Fernandez; Ubilla, Canales y Rubio) explicando que Suarez le da la posibilidad a que Corujo se descuelgue y jugar con una l\u00ednea de tres a ratos. Y sobre el partido de ma\u00f1ana \u00abVa a ser un partido intenso, de tr\u00e1mite incierto. Es dif\u00edcil pronosticar. Va a ser un partido de poder, va a estar bueno. Como entrenador uno debe buscar alternativas que minimicen las virtudes del rival\u00bb<\/p>\n","protected":false},"excerpt":{"rendered":"<p>Como todo d\u00eda Viernes el profe Lasarte enfrent\u00f3 los micr\u00f3fonos, habl\u00f3 de la presi\u00f3n al ser puntero, del duelo del s\u00e1bado y mucho m\u00e1s.<\/p>\n","protected":false},"author":56,"featured_media":5410,"comment_status":"closed","ping_status":"open","sticky":false,"template":"","format":"standard","meta":{"footnotes":""},"categories":[18],"tags":[454,232,224,156],"class_list":{"0":"post-3768","1":"post","2":"type-post","3":"status-publish","4":"format-standard","5":"has-post-thumbnail","7":"category-actualidad","8":"tag-actualidad","9":"tag-apertura-2014-2015","10":"tag-martin-lasarte","11":"tag-universidad-de-chile"},"_links":{"self":[{"href":"https:\/\/www.rincondelbulla.cl\/portal\/wp-json\/wp\/v2\/posts\/3768","targetHints":{"allow":["GET"]}}],"collection":[{"href":"https:\/\/www.rincondelbulla.cl\/portal\/wp-json\/wp\/v2\/posts"}],"about":[{"href":"https:\/\/www.rincondelbulla.cl\/portal\/wp-json\/wp\/v2\/types\/post"}],"author":[{"embeddable":true,"href":"https:\/\/www.rincondelbulla.cl\/portal\/wp-json\/wp\/v2\/users\/56"}],"replies":[{"embeddable":true,"href":"https:\/\/www.rincondelbulla.cl\/portal\/wp-json\/wp\/v2\/comments?post=3768"}],"version-history":[{"count":3,"href":"https:\/\/www.rincondelbulla.cl\/portal\/wp-json\/wp\/v2\/posts\/3768\/revisions"}],"predecessor-version":[{"id":5412,"href":"https:\/\/www.rincondelbulla.cl\/portal\/wp-json\/wp\/v2\/posts\/3768\/revisions\/5412"}],"wp:featuredmedia":[{"embeddable":true,"href":"https:\/\/www.rincondelbulla.cl\/portal\/wp-json\/wp\/v2\/media\/5410"}],"wp:attachment":[{"href":"https:\/\/www.rincondelbulla.cl\/portal\/wp-json\/wp\/v2\/media?parent=3768"}],"wp:term":[{"taxonomy":"category","embeddable":true,"href":"https:\/\/www.rincondelbulla.cl\/portal\/wp-json\/wp\/v2\/categories?post=3768"},{"taxonomy":"post_tag","embeddable":true,"href":"https:\/\/www.rincondelbulla.cl\/portal\/wp-json\/wp\/v2\/tags?post=3768"}],"curies":[{"name":"wp","href":"https:\/\/api.w.org\/{rel}","templated":true}]}}