{"id":5505,"date":"2014-09-02T03:18:31","date_gmt":"2014-09-02T03:18:31","guid":{"rendered":"http:\/\/www.rincondelbulla.cl\/portal\/?p=5505"},"modified":"2014-09-02T15:32:11","modified_gmt":"2014-09-02T15:32:11","slug":"las-tareas-de-machete-en-el-receso","status":"publish","type":"post","link":"https:\/\/www.rincondelbulla.cl\/portal\/2014\/09\/02\/las-tareas-de-machete-en-el-receso\/","title":{"rendered":"Las tareas de Machete en el receso"},"content":{"rendered":"<figure id=\"attachment_5520\" aria-describedby=\"caption-attachment-5520\" style=\"width: 1100px\" class=\"wp-caption alignnone\"><a href=\"http:\/\/www.rincondelbulla.cl\/portal\/wp-content\/uploads\/2014\/08\/martin1.jpg\"><img loading=\"lazy\" decoding=\"async\" class=\"wp-image-5520 size-full\" src=\"http:\/\/www.rincondelbulla.cl\/portal\/wp-content\/uploads\/2014\/08\/martin1.jpg\" alt=\"T\u00e9cnico de la Universidad de Chile - Foto: Patricio Gonz\u00e1lez\" width=\"1100\" height=\"700\" srcset=\"https:\/\/www.rincondelbulla.cl\/portal\/wp-content\/uploads\/2014\/08\/martin1.jpg 1100w, https:\/\/www.rincondelbulla.cl\/portal\/wp-content\/uploads\/2014\/08\/martin1-300x191.jpg 300w, https:\/\/www.rincondelbulla.cl\/portal\/wp-content\/uploads\/2014\/08\/martin1-768x489.jpg 768w, https:\/\/www.rincondelbulla.cl\/portal\/wp-content\/uploads\/2014\/08\/martin1-696x443.jpg 696w, https:\/\/www.rincondelbulla.cl\/portal\/wp-content\/uploads\/2014\/08\/martin1-1068x680.jpg 1068w, https:\/\/www.rincondelbulla.cl\/portal\/wp-content\/uploads\/2014\/08\/martin1-660x420.jpg 660w\" sizes=\"auto, (max-width: 1100px) 100vw, 1100px\" \/><\/a><figcaption id=\"caption-attachment-5520\" class=\"wp-caption-text\">T\u00e9cnico de la Universidad de Chile &#8211; Foto: Patricio Gonz\u00e1lez<\/figcaption><\/figure>\n<p><strong>Con el receso producto de la fecha Fifa para que juegue Chile los dos partidos amistosos, \u00abMachete\u00bb pareciera tener el tiempo necesario para aceitar las piezas y as\u00ed mejorar a\u00fan el rendimiento.<\/strong><!--more--><\/p>\n<p>Si bien la \u00abGloriosa\u00bb lleva un rendimiento m\u00e1s que suficiente, a tres puntos le pisa los talones los \u00abIncoloros\u00bb de Hector Tapia. \u00abEl receso servir\u00e1 para mejorar aspectos en los que no nos hemos visto tan bien\u00bb dijo el \u00abCharrua\u00bb en conferencia la semana pasada, aqu\u00ed revisaremos aspectos que sin dudas se deben mejorar para coronar con el titulo este muy buen arranque de campeonato.<\/p>\n<p><strong>La franja Izquierda<\/strong><\/p>\n<p>Si bien en los primeros partidos se le vio muy bien a Cristian Suarez, con el correr de los partidos ha sido por su sector por el que le han atacado y donde ha sido m\u00e1s permeable la defensa universitaria. Lasarte no contara con \u00abPepe\u00bb para reparar aspectos de coberturas y relevos en la franja izquierda, pero le servir\u00e1 este tiempo para probar a otros hombres como Benjamin Vidal en lugar del capit\u00e1n, o Joao Ortiz por Suarez (Recordemos que Cuevas est\u00e1 con la sub 20).<\/p>\n<p><strong>La Creaci\u00f3n Azul<\/strong><\/p>\n<p>Todos pens\u00e1bamos que con la vuelta de Ram\u00f3n Fernandez el equipo se iba a ver favorecido al hilvanar jugadas, pero la verdad el aporte de Ram\u00f3n ha sido muy bajo, y luego del pase gol que le dio Lorenzetti a Canales en el Santa Laura frente a los \u00abPanaderos\u00bb pareciera que el \u00abDuende\u00bb est\u00e1 pidiendo a gritos camiseta de titular en la U modelo 2014.<\/p>\n<p><strong>Muchos Nombres En Medio Terreno<\/strong><\/p>\n<p>El desempe\u00f1o de Martinez-Espinoza ha sido muy alto, pero sin dudas es en la zona donde el profe cuenta con mayores alternativas y de renombre, constantemente en el CDA se le pregunta a Mart\u00edn si es que pueden jugar juntos Fernandez y Lorenzetti, el dice que perfectamente, pero \u00a1en desmedro de qui\u00e9n jugar\u00edan los dos juntos?, en la banca tiene a Guzman Pereira que viene de ser elegido el mejor volante en la liga Uruguaya, pero que frente al altisimo nivel mostrado por Martinez y Espinoza solo a podido actuar unos minutos en el torneo. Lasarte la tiene dif\u00edcil, pero el receso sin duda servir\u00e1 para planear la estrategia de aqu\u00ed a fin de a\u00f1o con el \u00fanico objetivo de levantar la copa.<\/p>\n","protected":false},"excerpt":{"rendered":"<p>Con el receso producto de la fecha Fifa para que juegue Chile los dos partidos amistosos, \u00abMachete\u00bb pareciera tener el tiempo necesario para aceitar las piezas y as\u00ed mejorar a\u00fan el rendimiento.<\/p>\n","protected":false},"author":21381,"featured_media":5520,"comment_status":"closed","ping_status":"open","sticky":false,"template":"","format":"standard","meta":{"footnotes":""},"categories":[18],"tags":[454,224,36,157],"class_list":{"0":"post-5505","1":"post","2":"type-post","3":"status-publish","4":"format-standard","5":"has-post-thumbnail","7":"category-actualidad","8":"tag-actualidad","9":"tag-martin-lasarte","10":"tag-opinion","11":"tag-portada"},"_links":{"self":[{"href":"https:\/\/www.rincondelbulla.cl\/portal\/wp-json\/wp\/v2\/posts\/5505","targetHints":{"allow":["GET"]}}],"collection":[{"href":"https:\/\/www.rincondelbulla.cl\/portal\/wp-json\/wp\/v2\/posts"}],"about":[{"href":"https:\/\/www.rincondelbulla.cl\/portal\/wp-json\/wp\/v2\/types\/post"}],"author":[{"embeddable":true,"href":"https:\/\/www.rincondelbulla.cl\/portal\/wp-json\/wp\/v2\/users\/21381"}],"replies":[{"embeddable":true,"href":"https:\/\/www.rincondelbulla.cl\/portal\/wp-json\/wp\/v2\/comments?post=5505"}],"version-history":[{"count":4,"href":"https:\/\/www.rincondelbulla.cl\/portal\/wp-json\/wp\/v2\/posts\/5505\/revisions"}],"predecessor-version":[{"id":5531,"href":"https:\/\/www.rincondelbulla.cl\/portal\/wp-json\/wp\/v2\/posts\/5505\/revisions\/5531"}],"wp:featuredmedia":[{"embeddable":true,"href":"https:\/\/www.rincondelbulla.cl\/portal\/wp-json\/wp\/v2\/media\/5520"}],"wp:attachment":[{"href":"https:\/\/www.rincondelbulla.cl\/portal\/wp-json\/wp\/v2\/media?parent=5505"}],"wp:term":[{"taxonomy":"category","embeddable":true,"href":"https:\/\/www.rincondelbulla.cl\/portal\/wp-json\/wp\/v2\/categories?post=5505"},{"taxonomy":"post_tag","embeddable":true,"href":"https:\/\/www.rincondelbulla.cl\/portal\/wp-json\/wp\/v2\/tags?post=5505"}],"curies":[{"name":"wp","href":"https:\/\/api.w.org\/{rel}","templated":true}]}}