{"id":5660,"date":"2014-10-01T18:55:01","date_gmt":"2014-10-01T18:55:01","guid":{"rendered":"http:\/\/www.rincondelbulla.cl\/portal\/?p=5660"},"modified":"2014-10-01T19:53:12","modified_gmt":"2014-10-01T19:53:12","slug":"llegara-el-estadio-propio","status":"publish","type":"post","link":"https:\/\/www.rincondelbulla.cl\/portal\/2014\/10\/01\/llegara-el-estadio-propio\/","title":{"rendered":"\u00bfLLegar\u00e1 el estadio propio?"},"content":{"rendered":"<p><a href=\"http:\/\/www.rincondelbulla.cl\/portal\/wp-content\/uploads\/2014\/05\/87b6bf8d94ff18f53aa0d3f3cff62953.jpg\"><img loading=\"lazy\" decoding=\"async\" class=\"alignnone size-full wp-image-5294\" src=\"http:\/\/www.rincondelbulla.cl\/portal\/wp-content\/uploads\/2014\/05\/87b6bf8d94ff18f53aa0d3f3cff62953.jpg\" alt=\"87b6bf8d94ff18f53aa0d3f3cff62953\" width=\"700\" height=\"467\" srcset=\"https:\/\/www.rincondelbulla.cl\/portal\/wp-content\/uploads\/2014\/05\/87b6bf8d94ff18f53aa0d3f3cff62953.jpg 700w, https:\/\/www.rincondelbulla.cl\/portal\/wp-content\/uploads\/2014\/05\/87b6bf8d94ff18f53aa0d3f3cff62953-300x200.jpg 300w, https:\/\/www.rincondelbulla.cl\/portal\/wp-content\/uploads\/2014\/05\/87b6bf8d94ff18f53aa0d3f3cff62953-696x464.jpg 696w, https:\/\/www.rincondelbulla.cl\/portal\/wp-content\/uploads\/2014\/05\/87b6bf8d94ff18f53aa0d3f3cff62953-630x420.jpg 630w\" sizes=\"auto, (max-width: 700px) 100vw, 700px\" \/><\/a><\/p>\n<p><strong>\u00bfCu\u00e1ntos fueron los que se abrazaron? \u00bfcuantos nos emocionamos hasta el tu\u00e9tano? \u00bfquien de ustedes visit\u00f3 Car\u00e9n y lleg\u00f3 como pudo a los terrenos de la universidad?<\/strong><!--more--><\/p>\n<p>Para finales de abrir el flamante nuevo presidente azul, Carlos Heller, se desmarco de su antecesor, Yuraszeck, y anunciaba con bombos y platillos la construcci\u00f3n del Estadio Propio. La mayor\u00eda de los azules celebramos el anuncio y ve\u00edamos cerca al fin el sue\u00f1o de la casa propia, han pasado 5 meses y el propio presidente ha declarado que \u201cun estadio en car\u00e9n es casi imposible\u201d por sus altos costos. Hoy se anuncia la pintana como principal opci\u00f3n, seguida por la comuna de la granja. Pero nuevamente no hay un estudio ni nada que avale los sue\u00f1os de Heller y de todos los azules.<\/p>\n<p>Al parecer \u00a0el cambio de presidente en Azul Azul no signific\u00f3 el cambio de sus pol\u00edticas comunicacionales, ya Yuraszeck bajo su mandato hab\u00eda anunciado que \u201cmientras dure mi periodo se iniciar\u00e1 la construcci\u00f3n del estadio propio\u201d, ahora con Heller ha pasado lo mismo y la verdad uno como hincha ya no sabe qu\u00e9 pensar. Yo como primer s\u00edntoma siento que a los presidentes azules les gustan mas los flash y los micr\u00f3fonos que trabajar y cumplir sus promesas. Espero que esta vez sea la definitiva y por fin tengamos un estadio donde festejar nuestros triunfos, apoyar en los empates, y romper la voz en las derrotas.<\/p>\n<p>&nbsp;<\/p>\n","protected":false},"excerpt":{"rendered":"<p>\u00bfCu\u00e1ntos fueron los que se abrazaron? \u00bfcuantos nos emocionamos hasta el tu\u00e9tano? \u00bfquien de ustedes visit\u00f3 Car\u00e9n y lleg\u00f3 como pudo a los terrenos de la universidad?<\/p>\n","protected":false},"author":21381,"featured_media":5323,"comment_status":"closed","ping_status":"open","sticky":false,"template":"","format":"standard","meta":{"footnotes":""},"categories":[18],"tags":[142,36],"class_list":{"0":"post-5660","1":"post","2":"type-post","3":"status-publish","4":"format-standard","5":"has-post-thumbnail","7":"category-actualidad","8":"tag-estadio-de-la-u","9":"tag-opinion"},"_links":{"self":[{"href":"https:\/\/www.rincondelbulla.cl\/portal\/wp-json\/wp\/v2\/posts\/5660","targetHints":{"allow":["GET"]}}],"collection":[{"href":"https:\/\/www.rincondelbulla.cl\/portal\/wp-json\/wp\/v2\/posts"}],"about":[{"href":"https:\/\/www.rincondelbulla.cl\/portal\/wp-json\/wp\/v2\/types\/post"}],"author":[{"embeddable":true,"href":"https:\/\/www.rincondelbulla.cl\/portal\/wp-json\/wp\/v2\/users\/21381"}],"replies":[{"embeddable":true,"href":"https:\/\/www.rincondelbulla.cl\/portal\/wp-json\/wp\/v2\/comments?post=5660"}],"version-history":[{"count":4,"href":"https:\/\/www.rincondelbulla.cl\/portal\/wp-json\/wp\/v2\/posts\/5660\/revisions"}],"predecessor-version":[{"id":5664,"href":"https:\/\/www.rincondelbulla.cl\/portal\/wp-json\/wp\/v2\/posts\/5660\/revisions\/5664"}],"wp:featuredmedia":[{"embeddable":true,"href":"https:\/\/www.rincondelbulla.cl\/portal\/wp-json\/wp\/v2\/media\/5323"}],"wp:attachment":[{"href":"https:\/\/www.rincondelbulla.cl\/portal\/wp-json\/wp\/v2\/media?parent=5660"}],"wp:term":[{"taxonomy":"category","embeddable":true,"href":"https:\/\/www.rincondelbulla.cl\/portal\/wp-json\/wp\/v2\/categories?post=5660"},{"taxonomy":"post_tag","embeddable":true,"href":"https:\/\/www.rincondelbulla.cl\/portal\/wp-json\/wp\/v2\/tags?post=5660"}],"curies":[{"name":"wp","href":"https:\/\/api.w.org\/{rel}","templated":true}]}}