{"id":5801,"date":"2014-10-22T22:11:23","date_gmt":"2014-10-22T22:11:23","guid":{"rendered":"http:\/\/www.rincondelbulla.cl\/portal\/?p=5801"},"modified":"2014-10-23T16:10:33","modified_gmt":"2014-10-23T16:10:33","slug":"querido-por-muchos-odiado-por-otros","status":"publish","type":"post","link":"https:\/\/www.rincondelbulla.cl\/portal\/2014\/10\/22\/querido-por-muchos-odiado-por-otros\/","title":{"rendered":"Querido por muchos odiado por otros"},"content":{"rendered":"<figure id=\"attachment_5788\" aria-describedby=\"caption-attachment-5788\" style=\"width: 1100px\" class=\"wp-caption alignnone\"><a href=\"http:\/\/www.rincondelbulla.cl\/portal\/wp-content\/uploads\/2014\/10\/johnny_herrera2.jpg\"><img loading=\"lazy\" decoding=\"async\" class=\"size-full wp-image-5788\" src=\"http:\/\/www.rincondelbulla.cl\/portal\/wp-content\/uploads\/2014\/10\/johnny_herrera2.jpg\" alt=\"El meta azul es querido y respetado por la hinchada de la U - Foto: Patricio Gonz\u00e1lez\" width=\"1100\" height=\"700\" srcset=\"https:\/\/www.rincondelbulla.cl\/portal\/wp-content\/uploads\/2014\/10\/johnny_herrera2.jpg 1100w, https:\/\/www.rincondelbulla.cl\/portal\/wp-content\/uploads\/2014\/10\/johnny_herrera2-300x191.jpg 300w, https:\/\/www.rincondelbulla.cl\/portal\/wp-content\/uploads\/2014\/10\/johnny_herrera2-768x489.jpg 768w, https:\/\/www.rincondelbulla.cl\/portal\/wp-content\/uploads\/2014\/10\/johnny_herrera2-696x443.jpg 696w, https:\/\/www.rincondelbulla.cl\/portal\/wp-content\/uploads\/2014\/10\/johnny_herrera2-1068x680.jpg 1068w, https:\/\/www.rincondelbulla.cl\/portal\/wp-content\/uploads\/2014\/10\/johnny_herrera2-660x420.jpg 660w\" sizes=\"auto, (max-width: 1100px) 100vw, 1100px\" \/><\/a><figcaption id=\"caption-attachment-5788\" class=\"wp-caption-text\">El meta azul es querido y respetado por la hinchada de la U &#8211; Foto: Patricio Gonz\u00e1lez<\/figcaption><\/figure>\n<p><strong><span class=\"s1\">Herrera convers\u00f3 el d\u00eda de ayer con los medios de prensa en el CDA, en resumidas cuentas fue algo as\u00ed, \u201cDrama en tres actos: Equivocaciones, descriterios de un cl\u00e1sico y seguir en la pelea\u201d. <\/span><\/strong><!--more--><\/p>\n<p><strong><span class=\"s1\">Escrito por: Esteban Echag\u00fce<\/span><\/strong><\/p>\n<p>A muchos sorprendi\u00f3, en nuestro caso no, ver a\u00a0 Johnny Herrera dando declaraciones sobre lo ocurrido el domingo, y si todos pensaban que el partido quedaba en el olvido, el arquero de los azules se encarg\u00f3 de repasar algunas materias de aquel d\u00eda.<\/p>\n<p class=\"p1\"><span class=\"s1\">\u00c9l s\u00f3lo habl\u00f3 como un hincha m\u00e1s y dijo lo que todo azul de coraz\u00f3n quisiera decir, cosas como <strong>\u201cpara m\u00ed es un asco el Monumental. No s\u00e9 c\u00f3mo se deja entrar a esa gente a la galer\u00eda, pero ya sabemos lo que significa ir a Pedreros. Para m\u00ed, es un vertedero, cada vez que vas queda la grande.\u201d<\/strong> Lo que para muchos azules es obvio, para otros parecen palabras desde la rabia, independiente del resultado creo que lo que se dice es lo que vemos, por lo menos quienes ya no vamos a ese lugar a ver un cl\u00e1sico.<\/span><\/p>\n<p class=\"p1\">El jugador de los blancos, Felipe Flores, tampoco estuvo ausente de las cr\u00edticas y el enjuiciamiento del meta, <strong>\u201cme aguant\u00e9 de pegarle un combo en el hocico, pero no lo hice por que Dios es grande, me sigo lamentando de no peg\u00e1rselo, pero creo que hice bien. Hay jugadores que se respetan y otros que no. A el no lo respeto ni dentro ni fuera de la cancha\u201d<\/strong>.<\/p>\n<p class=\"p1\"><span class=\"s1\">Y cerr\u00f3 el tema con la denominaci\u00f3n y bautizo de \u201cChipamogli\u201d al delantero de los blancos, explicando que: <strong>\u201cno quise discriminar, sino que fue lo primero que se me vino a la cabeza. El se parece a ese personaje, me acord\u00e9 y lo nombr\u00e9\u201d<\/strong>, y ya en la fr\u00eda, y seg\u00fan nosotros algo tiene, sino que lo comprueben y busquen por Google.<\/span><\/p>\n<p class=\"p1\"><span class=\"s1\">Y por \u00faltimo las palabras para el arbitro y su deplorable desempe\u00f1o que manej\u00f3 y condicion\u00f3 el partido desde un comienzo, por ejemplo haciendo notar sobre las mismas palabras de Osorio al decir que: <strong>\u201cLamentablemente molesta que diga que para este partido ocupa criterios distintos, porque de haber sabido, si me gritaban el gol en la cara le pegaba un cornete. Es una simple excusa nom\u00e1s, yo cuando me equivoco lo digo. Hubiese sido de hombre<\/strong><\/span>\u00a0<strong>reconocer que se equivoc\u00f3, hubo criterios distintos para Colo Colo y la Universidad de Chile\u201d.<\/strong><\/p>\n<p class=\"p1\"><span class=\"s1\"><strong>\u00a0<\/strong>A modo de an\u00e1lisis, vale preguntarse por qu\u00e9 Jorge Osorio no dirigir\u00e1 en la duod\u00e9cima fecha del Apertura, ser\u00e1 como premio por su buen desempe\u00f1o ?, la respuesta es no, es un castigo por el mal arbitraje del d\u00eda domingo.<\/span><\/p>\n<p class=\"p1\">Tambi\u00e9n hubo espacio para la autocr\u00edtica del \u00a0juego mostrado por\u00a0los azules, lo catalog\u00f3 como <strong>\u201cp\u00e9simo\u201d<\/strong>, por que seg\u00fan Johnny, <strong>\u201chubo jugadores que no estuvieron a la altura\u2026 nos dijimos las cosas en la cara. Tenemos una autocr\u00edtica bastante fuerte pero hay que dar vuelta la p\u00e1gina\u201d,<\/strong> haciendo alusi\u00f3n a algunos de los referentes del equipo, los cuales para Johnny y muchos hinchas azules debieron mantener la calma y no entrar en el juego de los de Macul y menos en los errores, ya conocidos de un juez que ha actuado de la misma forma los \u00faltimos cl\u00e1sicos que ha dirigido.<\/p>\n<p class=\"p1\">Siempre pol\u00e9mico y en su estilo Johnny dio por superado este partido y se\u00f1al\u00f3 que se juraron ganar el torneo.<\/p>\n<p class=\"p1\"><span class=\"s1\">Herrera es de esos personajes queridos por los hinchas azules, pero a vista de cualquiera, tambi\u00e9n es un personaje odiado por los rivales, algo normal en este mundo del futbol, m\u00e1s a\u00fan, cuando el mismo Herrera se ha definido como un hincha m\u00e1s de la U y un anticolocolino.<\/span><\/p>\n","protected":false},"excerpt":{"rendered":"<p>Herrera convers\u00f3 el d\u00eda de ayer con los medios de prensa en el CDA, en resumidas cuentas fue algo as\u00ed, \u201cDrama en tres actos: Equivocaciones, descriterios de un cl\u00e1sico y seguir en la pelea\u201d.<\/p>\n","protected":false},"author":56,"featured_media":5788,"comment_status":"closed","ping_status":"open","sticky":false,"template":"","format":"standard","meta":{"footnotes":""},"categories":[18],"tags":[454,232,41,36,156],"class_list":{"0":"post-5801","1":"post","2":"type-post","3":"status-publish","4":"format-standard","5":"has-post-thumbnail","7":"category-actualidad","8":"tag-actualidad","9":"tag-apertura-2014-2015","10":"tag-johnny-herrera","11":"tag-opinion","12":"tag-universidad-de-chile"},"_links":{"self":[{"href":"https:\/\/www.rincondelbulla.cl\/portal\/wp-json\/wp\/v2\/posts\/5801","targetHints":{"allow":["GET"]}}],"collection":[{"href":"https:\/\/www.rincondelbulla.cl\/portal\/wp-json\/wp\/v2\/posts"}],"about":[{"href":"https:\/\/www.rincondelbulla.cl\/portal\/wp-json\/wp\/v2\/types\/post"}],"author":[{"embeddable":true,"href":"https:\/\/www.rincondelbulla.cl\/portal\/wp-json\/wp\/v2\/users\/56"}],"replies":[{"embeddable":true,"href":"https:\/\/www.rincondelbulla.cl\/portal\/wp-json\/wp\/v2\/comments?post=5801"}],"version-history":[{"count":2,"href":"https:\/\/www.rincondelbulla.cl\/portal\/wp-json\/wp\/v2\/posts\/5801\/revisions"}],"predecessor-version":[{"id":5806,"href":"https:\/\/www.rincondelbulla.cl\/portal\/wp-json\/wp\/v2\/posts\/5801\/revisions\/5806"}],"wp:featuredmedia":[{"embeddable":true,"href":"https:\/\/www.rincondelbulla.cl\/portal\/wp-json\/wp\/v2\/media\/5788"}],"wp:attachment":[{"href":"https:\/\/www.rincondelbulla.cl\/portal\/wp-json\/wp\/v2\/media?parent=5801"}],"wp:term":[{"taxonomy":"category","embeddable":true,"href":"https:\/\/www.rincondelbulla.cl\/portal\/wp-json\/wp\/v2\/categories?post=5801"},{"taxonomy":"post_tag","embeddable":true,"href":"https:\/\/www.rincondelbulla.cl\/portal\/wp-json\/wp\/v2\/tags?post=5801"}],"curies":[{"name":"wp","href":"https:\/\/api.w.org\/{rel}","templated":true}]}}