{"id":5880,"date":"2014-10-30T16:11:59","date_gmt":"2014-10-30T16:11:59","guid":{"rendered":"http:\/\/www.rincondelbulla.cl\/portal\/?p=5880"},"modified":"2014-10-30T16:22:39","modified_gmt":"2014-10-30T16:22:39","slug":"no-es-algo-para-morirse-pepe-iria-de-lateral-izquierdo","status":"publish","type":"post","link":"https:\/\/www.rincondelbulla.cl\/portal\/2014\/10\/30\/no-es-algo-para-morirse-pepe-iria-de-lateral-izquierdo\/","title":{"rendered":"\u00abNo es algo para morirse\u00bb Pepe ir\u00eda de lateral izquierdo"},"content":{"rendered":"<figure id=\"attachment_5879\" aria-describedby=\"caption-attachment-5879\" style=\"width: 1100px\" class=\"wp-caption alignnone\"><a href=\"http:\/\/www.rincondelbulla.cl\/portal\/wp-content\/uploads\/2014\/10\/jose_rojas2.jpg\"><img loading=\"lazy\" decoding=\"async\" class=\"size-full wp-image-5879\" src=\"http:\/\/www.rincondelbulla.cl\/portal\/wp-content\/uploads\/2014\/10\/jose_rojas2.jpg\" alt=\"Foto: Claudio C\u00e1ceres \" width=\"1100\" height=\"700\" srcset=\"https:\/\/www.rincondelbulla.cl\/portal\/wp-content\/uploads\/2014\/10\/jose_rojas2.jpg 1100w, https:\/\/www.rincondelbulla.cl\/portal\/wp-content\/uploads\/2014\/10\/jose_rojas2-300x191.jpg 300w, https:\/\/www.rincondelbulla.cl\/portal\/wp-content\/uploads\/2014\/10\/jose_rojas2-768x489.jpg 768w, https:\/\/www.rincondelbulla.cl\/portal\/wp-content\/uploads\/2014\/10\/jose_rojas2-696x443.jpg 696w, https:\/\/www.rincondelbulla.cl\/portal\/wp-content\/uploads\/2014\/10\/jose_rojas2-1068x680.jpg 1068w, https:\/\/www.rincondelbulla.cl\/portal\/wp-content\/uploads\/2014\/10\/jose_rojas2-660x420.jpg 660w\" sizes=\"auto, (max-width: 1100px) 100vw, 1100px\" \/><\/a><figcaption id=\"caption-attachment-5879\" class=\"wp-caption-text\">Jos\u00e9 Rojas en Conferencia de Prensa en el CDA Foto: Claudio C\u00e1ceres<\/figcaption><\/figure>\n<p><strong>Hoy jueves fue el turno del capit\u00e1n a la hora de enfrentar los micr\u00f3fonos, Pepe afirm\u00f3 que \u201cdebemos jugar como juega la \u2018U\u2019, siempre yendo para adelante como nos han inculcado desde peque\u00f1os\u201d Sobre el\u00a0cl\u00e1sico\u00a0del S\u00e1bado.<\/strong><!--more--><\/p>\n<p>Luego de cumplir la fecha de suspensi\u00f3n frente a Palestino (el capit\u00e1n igual estaba en el estadio alentando al Le\u00f3n), por la tarjeta roja recibida frente a los incoloros, Jos\u00e9 \u201cPepe\u201d Rojas volver\u00eda a la titularidad pero en el puesto de lateral izquierdo, ante lo cual pepe afirma que <b>\u00abNo es nada del otro mundo. No es nada para morirse. Hemos probado en varias posiciones. Adem\u00e1s, ya he jugado en esa posici\u00f3n\u00bb<\/b> dando por cerrado el tema.<\/p>\n<p>Sobre el nivel mostrado por el equipo, que vale recalcar que se encuentra en la cima del torneo, <b>\u00ab<\/b>Se han dejado de hacer cosas que se hicieron en los partidos de arranque del campeonato. Lo hemos hablado como grupo. En esta recta final tenemos que sacar lo bueno que se hizo a principio y poder llegar a tocar el cielo como todos queremos, y lo que el hincha tambi\u00e9n quiere\u201d<b>.<\/b> Lo que se viene es el cl\u00e1sico con los de la precordillera y as\u00ed ve el partido nuestro capit\u00e1n<b> \u00abLos cl\u00e1sicos siempre tienen algo especial. Eso marca como jugador y como historia. Hay un mont\u00f3n de cosas que a la larga los cl\u00e1sicos definen. Estamos ah\u00ed, a las puertas de seguir sumando para un campeonato, as\u00ed que tiene mucha importancia\u00bb \u00a0<\/b>y sobre c\u00f3mo o afrontar\u00e1n el encuentro el equipo de la franjahielo \u00abLa obligaci\u00f3n de ellos tambi\u00e9n es ganar los cl\u00e1sicos. No importa c\u00f3mo llegue cada equipo a un cl\u00e1sico, siempre dejan algo. En ese sentido, no hay que menospreciar a cat\u00f3lica\u00bb asever\u00f3.<\/p>\n<p>Por \u00faltimo Pepe tuvo palabras para su ex-t\u00e9cnico en Independiente de avellanada, quien ahora dirige a la UC, Julio Falccioni<b> \u201c<\/b><b>Todo mi respeto, Julio C\u00e9sar es un t\u00e9cnico que tiene mucha trayectoria\u201d<\/b><\/p>\n<p>La gloriosa recibe a Universidad Cat\u00f3lica este S\u00e1bado 1 de Noviembre a las 12 del d\u00eda en el Estadio Nacional, y la formaci\u00f3n que se vislumbra ser\u00eda: Herrera en el arco; Corujo, Osvaldo, Su\u00e1rez y Rojas en defensa; Pereira, Lorenzetti y Fern\u00e1ndez (Vidal) en el medio terreno; Ubilla, Canales y Rubio en Delantera.<\/p>\n","protected":false},"excerpt":{"rendered":"<p>Hoy jueves fue el turno del capit\u00e1n a la hora de enfrentar los micr\u00f3fonos, Pepe afirm\u00f3 que \u201cdebemos jugar como juega la \u2018U\u2019, siempre yendo para adelante como nos han inculcado desde peque\u00f1os\u201d Sobre el\u00a0cl\u00e1sico\u00a0del S\u00e1bado.<\/p>\n","protected":false},"author":21381,"featured_media":5879,"comment_status":"closed","ping_status":"open","sticky":false,"template":"","format":"standard","meta":{"footnotes":""},"categories":[18],"tags":[454,232,242,209,51],"class_list":{"0":"post-5880","1":"post","2":"type-post","3":"status-publish","4":"format-standard","5":"has-post-thumbnail","7":"category-actualidad","8":"tag-actualidad","9":"tag-apertura-2014-2015","10":"tag-capitan","11":"tag-conferencia-de-prensa","12":"tag-jose-rojas"},"_links":{"self":[{"href":"https:\/\/www.rincondelbulla.cl\/portal\/wp-json\/wp\/v2\/posts\/5880","targetHints":{"allow":["GET"]}}],"collection":[{"href":"https:\/\/www.rincondelbulla.cl\/portal\/wp-json\/wp\/v2\/posts"}],"about":[{"href":"https:\/\/www.rincondelbulla.cl\/portal\/wp-json\/wp\/v2\/types\/post"}],"author":[{"embeddable":true,"href":"https:\/\/www.rincondelbulla.cl\/portal\/wp-json\/wp\/v2\/users\/21381"}],"replies":[{"embeddable":true,"href":"https:\/\/www.rincondelbulla.cl\/portal\/wp-json\/wp\/v2\/comments?post=5880"}],"version-history":[{"count":5,"href":"https:\/\/www.rincondelbulla.cl\/portal\/wp-json\/wp\/v2\/posts\/5880\/revisions"}],"predecessor-version":[{"id":5885,"href":"https:\/\/www.rincondelbulla.cl\/portal\/wp-json\/wp\/v2\/posts\/5880\/revisions\/5885"}],"wp:featuredmedia":[{"embeddable":true,"href":"https:\/\/www.rincondelbulla.cl\/portal\/wp-json\/wp\/v2\/media\/5879"}],"wp:attachment":[{"href":"https:\/\/www.rincondelbulla.cl\/portal\/wp-json\/wp\/v2\/media?parent=5880"}],"wp:term":[{"taxonomy":"category","embeddable":true,"href":"https:\/\/www.rincondelbulla.cl\/portal\/wp-json\/wp\/v2\/categories?post=5880"},{"taxonomy":"post_tag","embeddable":true,"href":"https:\/\/www.rincondelbulla.cl\/portal\/wp-json\/wp\/v2\/tags?post=5880"}],"curies":[{"name":"wp","href":"https:\/\/api.w.org\/{rel}","templated":true}]}}