{"id":5887,"date":"2014-10-31T03:51:19","date_gmt":"2014-10-31T03:51:19","guid":{"rendered":"http:\/\/www.rincondelbulla.cl\/portal\/?p=5887"},"modified":"2014-10-31T03:55:00","modified_gmt":"2014-10-31T03:55:00","slug":"la-previa-la-u-juega-mas-que-un-clasico-ante-la-uc","status":"publish","type":"post","link":"https:\/\/www.rincondelbulla.cl\/portal\/2014\/10\/31\/la-previa-la-u-juega-mas-que-un-clasico-ante-la-uc\/","title":{"rendered":"La previa: La \u201cU\u201d juega m\u00e1s que un cl\u00e1sico ante la UC"},"content":{"rendered":"<figure id=\"attachment_5268\" aria-describedby=\"caption-attachment-5268\" style=\"width: 900px\" class=\"wp-caption alignnone\"><a href=\"http:\/\/www.rincondelbulla.cl\/portal\/wp-content\/uploads\/2014\/03\/b3f3569809bbc5be32ba2280db0ce2dc.jpg\"><img loading=\"lazy\" decoding=\"async\" class=\"size-full wp-image-5268\" src=\"http:\/\/www.rincondelbulla.cl\/portal\/wp-content\/uploads\/2014\/03\/b3f3569809bbc5be32ba2280db0ce2dc.jpg\" alt=\"La U se mide ante la UC este fin de semana - Foto: Claudio C\u00e1ceres \" width=\"900\" height=\"600\" srcset=\"https:\/\/www.rincondelbulla.cl\/portal\/wp-content\/uploads\/2014\/03\/b3f3569809bbc5be32ba2280db0ce2dc.jpg 900w, https:\/\/www.rincondelbulla.cl\/portal\/wp-content\/uploads\/2014\/03\/b3f3569809bbc5be32ba2280db0ce2dc-300x200.jpg 300w, https:\/\/www.rincondelbulla.cl\/portal\/wp-content\/uploads\/2014\/03\/b3f3569809bbc5be32ba2280db0ce2dc-768x512.jpg 768w, https:\/\/www.rincondelbulla.cl\/portal\/wp-content\/uploads\/2014\/03\/b3f3569809bbc5be32ba2280db0ce2dc-696x464.jpg 696w, https:\/\/www.rincondelbulla.cl\/portal\/wp-content\/uploads\/2014\/03\/b3f3569809bbc5be32ba2280db0ce2dc-630x420.jpg 630w\" sizes=\"auto, (max-width: 900px) 100vw, 900px\" \/><\/a><figcaption id=\"caption-attachment-5268\" class=\"wp-caption-text\">La U se mide ante la UC este fin de semana &#8211; Foto: Claudio C\u00e1ceres<\/figcaption><\/figure>\n<p><strong>La \u201cU\u201d se jugar\u00e1 en el cl\u00e1sico universitario la opci\u00f3n de seguir siendo el exclusivo puntero del campeonato. La primera y quiz\u00e1s la m\u00e1s importante final de las cinco que le quedan.<\/strong><!--more--><\/p>\n<p>Desde las 12 horas del d\u00eda s\u00e1bado, Universidad de Chile saltar\u00e1 a la cancha del Estadio Nacional para enfrentar a Universidad Cat\u00f3lica en una nueva versi\u00f3n del cl\u00e1sico universitario. El arbitraje correr\u00e1 por cuenta de Eduardo Gamboa.<\/p>\n<p>Los azules buscar\u00e1n afianzarse en el liderato del torneo, que lo tiene con 31 puntos, con dos sobre su m\u00e1s inmediato perseguidor, pero de paso mejorar el f\u00fatbol mostrado en la fecha pasada ante Palestino.<\/p>\n<p>En tanto, la UC solo buscar\u00e1 sumar para meterse en la zona de liguilla, pues con sus 19 puntos est\u00e1 lejos de las posiciones de avanzada, ubic\u00e1ndose noveno. Viene de ganar un trabado partido ante Audax Italiano por 2-1, en medio de un mar de cr\u00edticas para el trabajo de Julio C\u00e9sar Falcioni.<\/p>\n<p><strong>Formaci\u00f3n de la \u201cU\u201d<\/strong><\/p>\n<p>\u201cMachete\u201d Lasarte har\u00eda llamativos cambios para el trascendental encuentro. En la l\u00ednea defensiva, \u201cPepe\u201d Rojas y Cristian Su\u00e1rez cambiar\u00edan posiciones, pasando a ser lateral izquierdo y central respectivamente.<\/p>\n<p>En tanto, en el medio campo saldr\u00eda del equipo Ram\u00f3n Fern\u00e1ndez, el que ser\u00eda reemplazado por Benjam\u00edn Vidal, quien acompa\u00f1ar\u00eda a Guzm\u00e1n Pereira en la zona de quite, posici\u00f3n que ya ocup\u00f3 alguna vez en O\u2019Higgins.<\/p>\n<p>As\u00ed, los azules saltar\u00edan a la cancha con Johnny Herrera; Mathias Corujo, Osvaldo Gonz\u00e1lez, Cristian Su\u00e1rez, Jos\u00e9 Rojas; Guzm\u00e1n Pereira, Benjam\u00edn Vidal; Gustavo Lorenzetti; Sebasti\u00e1n Ubilla, Gustavo Canales y Patricio Rubio.<\/p>\n<p><strong>Historial y estad\u00edstica<\/strong><\/p>\n<p>La \u00faltima vez que ambos equipos se enfrentaron fue el 19 de marzo de este a\u00f1o en el estadio San Carlos de Apoquindo. Aquella vez la \u201cU\u201d se impuso categ\u00f3ricamente por 3-0, con goles de Patricio Rubio en dos ocasiones y Gustavo Lorenzetti.<\/p>\n<p>En tanto, en el Nacional chocaron por \u00faltima vez el 27 de octubre pasado, en el pol\u00e9mico partido que se suspendi\u00f3 tras haberle impactado un rollo de papel a Fernando Meneses, cuando el resultado estaba 1-0 a favor de la UC.<\/p>\n<p>Por torneos nacionales azules y cruzados se han enfrentado en 178 ocasiones, con 66 triunfos, 60 empates y 52 derrotas, con 260 goles a favor, 231 en contra y un 54% de rendimiento en una clara paternidad del cuadro laico.<\/p>\n<p><strong>Entradas y transmisi\u00f3n<\/strong><\/p>\n<p>Para este partido las entradas se pueden adquirir a trav\u00e9s del sistema puntoticket.cl. Quienes compren galer\u00edas deber\u00e1n retirarlas en las boleter\u00edas del Estadio Nacional por avenida Grecia. Para ello tendr\u00e1n hasta las 20 horas del viernes.<\/p>\n<p>Los precios son: Galer\u00eda ni\u00f1o $4.000 (agotado), Galer\u00eda sur (agotado) y Galer\u00eda norte $6.000, Andes $14.000, Pac\u00edfico Lateral Sur $30.000, Fuera Marquesina $45.000 y Bajo Marquesina $70.000. Abonados tendr\u00e1n pase liberado.<\/p>\n<p>El partido ser\u00e1 transmitido en vivo y con una hora de previa por CDF Premium y CDF HD. Adem\u00e1s, podr\u00e1s seguir el minuto a minuto en el fan page de Rinc\u00f3n del Bulla.<\/p>\n","protected":false},"excerpt":{"rendered":"<p>La \u201cU\u201d se jugar\u00e1 en el cl\u00e1sico universitario la opci\u00f3n de seguir siendo el exclusivo puntero del campeonato. La primera y quiz\u00e1s la m\u00e1s importante final de las cinco que le quedan.<\/p>\n","protected":false},"author":21380,"featured_media":5268,"comment_status":"closed","ping_status":"open","sticky":false,"template":"","format":"standard","meta":{"footnotes":""},"categories":[18],"tags":[454,37,157],"class_list":{"0":"post-5887","1":"post","2":"type-post","3":"status-publish","4":"format-standard","5":"has-post-thumbnail","7":"category-actualidad","8":"tag-actualidad","9":"tag-la-previa","10":"tag-portada"},"_links":{"self":[{"href":"https:\/\/www.rincondelbulla.cl\/portal\/wp-json\/wp\/v2\/posts\/5887","targetHints":{"allow":["GET"]}}],"collection":[{"href":"https:\/\/www.rincondelbulla.cl\/portal\/wp-json\/wp\/v2\/posts"}],"about":[{"href":"https:\/\/www.rincondelbulla.cl\/portal\/wp-json\/wp\/v2\/types\/post"}],"author":[{"embeddable":true,"href":"https:\/\/www.rincondelbulla.cl\/portal\/wp-json\/wp\/v2\/users\/21380"}],"replies":[{"embeddable":true,"href":"https:\/\/www.rincondelbulla.cl\/portal\/wp-json\/wp\/v2\/comments?post=5887"}],"version-history":[{"count":2,"href":"https:\/\/www.rincondelbulla.cl\/portal\/wp-json\/wp\/v2\/posts\/5887\/revisions"}],"predecessor-version":[{"id":5889,"href":"https:\/\/www.rincondelbulla.cl\/portal\/wp-json\/wp\/v2\/posts\/5887\/revisions\/5889"}],"wp:featuredmedia":[{"embeddable":true,"href":"https:\/\/www.rincondelbulla.cl\/portal\/wp-json\/wp\/v2\/media\/5268"}],"wp:attachment":[{"href":"https:\/\/www.rincondelbulla.cl\/portal\/wp-json\/wp\/v2\/media?parent=5887"}],"wp:term":[{"taxonomy":"category","embeddable":true,"href":"https:\/\/www.rincondelbulla.cl\/portal\/wp-json\/wp\/v2\/categories?post=5887"},{"taxonomy":"post_tag","embeddable":true,"href":"https:\/\/www.rincondelbulla.cl\/portal\/wp-json\/wp\/v2\/tags?post=5887"}],"curies":[{"name":"wp","href":"https:\/\/api.w.org\/{rel}","templated":true}]}}