{"id":599,"date":"2008-03-07T16:00:12","date_gmt":"2008-03-07T16:00:12","guid":{"rendered":"http:\/\/www.rincondelbulla.cl\/portal\/?p=599"},"modified":"2008-03-07T16:00:12","modified_gmt":"2008-03-07T16:00:12","slug":"emilio-hernandez-pide-camiseta-salah-aun-no-decide-quien-acompanara-a-montillo","status":"publish","type":"post","link":"https:\/\/www.rincondelbulla.cl\/portal\/2008\/03\/07\/emilio-hernandez-pide-camiseta-salah-aun-no-decide-quien-acompanara-a-montillo\/","title":{"rendered":"Emilio Hern\u00e1ndez pide camiseta: Salah a\u00fan no decide qui\u00e9n acompa\u00f1ar\u00e1 a Montillo"},"content":{"rendered":"<p><img decoding=\"async\" src=\"images\/stories\/hernandeznuevo3.jpg\" hspace=\"6\" alt=\"\" title=\"\" border=\"0\" style=\"float: left;\" \/><b>El t&eacute;cnico de Universidad de Chile tiene pr&aacute;cticamente confirmada la alineaci&oacute;n titular, la &uacute;nica duda es la inclusi&oacute;n o no de Emilio Hern&aacute;ndez por Ra&uacute;l Est&eacute;vez. En tanto, Luis Musrri reconoci&oacute; que le resulta especial enfrentar a la &#8216;U&#8217; desde la vereda opuesta.<\/b><br \/> Universidad de Chile quiere consolidar su liderato frente al sorprendete equipo  <!--more--> de Palestino. Los azules tienen la alineaci&oacute;n pr&aacute;cticamente confirmada. La &uacute;nica duda del t&eacute;cnico Arturo Salah ser&iacute;a el enganche que acompa&ntilde;e a Walter Montillo en las labores de creaci&oacute;n. Emilio Hern&aacute;ndez y R&aacute;ul Estevez son las alternativas, pero el primero parece correr con mayor ventaja.<\/p>\n<p> El ex volante de Everton coment&oacute; que &quot;he demostrado que puedo ser titular. Pero igual uno es centrado y sabe que hay buenos jugadores aca. Me falta tomar buenas decisiones en la cancha y es algo que he conversado con el profesor&quot;.<\/p>\n<p> Universidad de Chile formar&aacute; ante los &aacute;rabes con Miguel Pinto; Jos&eacute; Contreras, Nicol&aacute;s Larrondo, Rafael Olarra y Jos&eacute; Rojas; Christian Mart&iacute;nez, Marco Estrada, Walter Montillo y Emilio Hern&aacute;ndez (Ra&uacute;l Est&eacute;vez); Manuel Villalobos y Marcelo Salas.<\/p>\n<p> <b> LUIS MUSRRI CON EL CORAZ&Oacute;N DIVIDIDO<\/b><\/p>\n<p> Luis Musrri es uno de los s&iacute;mbolos de Universidad de Chile. Por eso resulta extra&ntilde;o ver al ex capit&aacute;n azul en la vereda opuesta. Y el mundialista de Francia 98&#8242; reconoce que enfrentar al club donde se form&oacute; le resulta especial.<\/p>\n<p> &quot;Para nosotros (con Cristi&aacute;n Casta&ntilde;eda) es especial enfrentar a la U, en especial para mi que estuve toda mi vida en el club, y aunque mi reencuentro con &#8216;Los de Abajo&#8217; siempre va a ser muy grato, esta vez yo defiendo los colores de Palestino y ojal&aacute; podamos quedarnos con los tres puntos&quot;, manifest&oacute; el DT a radio Cooperativa.<\/p>\n<p> El conjunto &aacute;rabe tiene como &uacute;nica duda para el duelo ante los azules a Roberto Bishara, quien presenta algunas molestias f&iacute;sicas. Los tetracolores podr&aacute;n volver a contar con Juan Pablo Ubeda, quien dej&oacute; atr&aacute;s la lesi&oacute;n que le impidi&oacute; estar presente en el &uacute;ltimo triunfo palestinista.<\/p>\n<p> Universidad de Chile y Palestino se enfrentar&aacute;n ma&ntilde;ana s&aacute;bado a partir de las 19:30 horas en el Estadio Nacional. <\/p>\n","protected":false},"excerpt":{"rendered":"<p>El t&eacute;cnico de Universidad de Chile tiene pr&aacute;cticamente confirmada la alineaci&oacute;n titular, la &uacute;nica duda es la inclusi&oacute;n o no de Emilio Hern&aacute;ndez por Ra&uacute;l Est&eacute;vez. En tanto, Luis Musrri reconoci&oacute; que le resulta especial enfrentar a la &#8216;U&#8217; desde la vereda opuesta. Universidad de Chile quiere consolidar su liderato frente al sorprendete equipo<\/p>\n","protected":false},"author":1,"featured_media":0,"comment_status":"open","ping_status":"open","sticky":false,"template":"","format":"standard","meta":{"footnotes":""},"categories":[18],"tags":[],"class_list":{"0":"post-599","1":"post","2":"type-post","3":"status-publish","4":"format-standard","6":"category-actualidad"},"_links":{"self":[{"href":"https:\/\/www.rincondelbulla.cl\/portal\/wp-json\/wp\/v2\/posts\/599","targetHints":{"allow":["GET"]}}],"collection":[{"href":"https:\/\/www.rincondelbulla.cl\/portal\/wp-json\/wp\/v2\/posts"}],"about":[{"href":"https:\/\/www.rincondelbulla.cl\/portal\/wp-json\/wp\/v2\/types\/post"}],"author":[{"embeddable":true,"href":"https:\/\/www.rincondelbulla.cl\/portal\/wp-json\/wp\/v2\/users\/1"}],"replies":[{"embeddable":true,"href":"https:\/\/www.rincondelbulla.cl\/portal\/wp-json\/wp\/v2\/comments?post=599"}],"version-history":[{"count":0,"href":"https:\/\/www.rincondelbulla.cl\/portal\/wp-json\/wp\/v2\/posts\/599\/revisions"}],"wp:attachment":[{"href":"https:\/\/www.rincondelbulla.cl\/portal\/wp-json\/wp\/v2\/media?parent=599"}],"wp:term":[{"taxonomy":"category","embeddable":true,"href":"https:\/\/www.rincondelbulla.cl\/portal\/wp-json\/wp\/v2\/categories?post=599"},{"taxonomy":"post_tag","embeddable":true,"href":"https:\/\/www.rincondelbulla.cl\/portal\/wp-json\/wp\/v2\/tags?post=599"}],"curies":[{"name":"wp","href":"https:\/\/api.w.org\/{rel}","templated":true}]}}