{"id":611,"date":"2008-03-12T11:53:58","date_gmt":"2008-03-12T11:53:58","guid":{"rendered":"http:\/\/www.rincondelbulla.cl\/portal\/?p=611"},"modified":"2008-03-12T11:53:58","modified_gmt":"2008-03-12T11:53:58","slug":"christian-martinez-quedo-descartado-e-iturra-recibio-alta-medica","status":"publish","type":"post","link":"https:\/\/www.rincondelbulla.cl\/portal\/2008\/03\/12\/christian-martinez-quedo-descartado-e-iturra-recibio-alta-medica\/","title":{"rendered":"Christian Mart\u00ednez qued\u00f3 descartado e Iturra recibi\u00f3 alta m\u00e9dica"},"content":{"rendered":"<p><img decoding=\"async\" src=\"images\/stories\/martineznuevo.jpg\" hspace=\"6\" alt=\"\" title=\"\" border=\"0\" style=\"float: left;\" \/><b>El futbolista de Universidad de Chile estar&aacute; al menos 10 d&iacute;as fuera de las canchas y en su lugar entrar&aacute; Manuel Iturra, quien qued&oacute; a disposici&oacute;n de Arturo Salah.<\/b><br \/> Justo cuando se afianzaba como eje de la campa&ntilde;a de Universidad de Chile, el volante Christian Mart&iacute;nez sufri&oacute; una contractura y un edema en la parte  <!--more--> posterior del muslo izquierdo, por lo que qued&oacute; descartado por 10 d&iacute;as.<\/p>\n<p> El mediocampista fue reemplazado en el segundo tiempo en el pasado duelo ante Palestino (1-0) luego de acusar una molesta en la zona afectada y este lunes se le realiz&oacute; una ecograf&iacute;a.<\/p>\n<p> El examen grafic&oacute; la dolencia, por lo cual el doctor del club, Alejandro Orizola decidi&oacute; que Mart&iacute;nez descanse por al menos 10 d&iacute;as, situaci&oacute;n que lo llevar&aacute; a perderse los partidos ante Universidad de Concepci&oacute;n (este mi&eacute;rcoles), Provincial Osorno (16 de marzo) y Huachipato (22 de marzo).<\/p>\n<p> Mart&iacute;nez ser&aacute; reemplazado seguramente por <b>Manuel Iturra<\/b>, quien recibi&oacute; el alta m&eacute;dico y qued&oacute; a disposici&oacute;n de Arturo Salah para volver a las canchas este mismo d&iacute;a mi&eacute;rcoles en el duelo ante los penquistas, por la 10&ordf; fecha del Torneo de Apertura. <\/p>\n","protected":false},"excerpt":{"rendered":"<p>El futbolista de Universidad de Chile estar&aacute; al menos 10 d&iacute;as fuera de las canchas y en su lugar entrar&aacute; Manuel Iturra, quien qued&oacute; a disposici&oacute;n de Arturo Salah. Justo cuando se afianzaba como eje de la campa&ntilde;a de Universidad de Chile, el volante Christian Mart&iacute;nez sufri&oacute; una contractura y un edema en la parte<\/p>\n","protected":false},"author":1,"featured_media":0,"comment_status":"open","ping_status":"open","sticky":false,"template":"","format":"standard","meta":{"footnotes":""},"categories":[18],"tags":[],"class_list":{"0":"post-611","1":"post","2":"type-post","3":"status-publish","4":"format-standard","6":"category-actualidad"},"_links":{"self":[{"href":"https:\/\/www.rincondelbulla.cl\/portal\/wp-json\/wp\/v2\/posts\/611","targetHints":{"allow":["GET"]}}],"collection":[{"href":"https:\/\/www.rincondelbulla.cl\/portal\/wp-json\/wp\/v2\/posts"}],"about":[{"href":"https:\/\/www.rincondelbulla.cl\/portal\/wp-json\/wp\/v2\/types\/post"}],"author":[{"embeddable":true,"href":"https:\/\/www.rincondelbulla.cl\/portal\/wp-json\/wp\/v2\/users\/1"}],"replies":[{"embeddable":true,"href":"https:\/\/www.rincondelbulla.cl\/portal\/wp-json\/wp\/v2\/comments?post=611"}],"version-history":[{"count":0,"href":"https:\/\/www.rincondelbulla.cl\/portal\/wp-json\/wp\/v2\/posts\/611\/revisions"}],"wp:attachment":[{"href":"https:\/\/www.rincondelbulla.cl\/portal\/wp-json\/wp\/v2\/media?parent=611"}],"wp:term":[{"taxonomy":"category","embeddable":true,"href":"https:\/\/www.rincondelbulla.cl\/portal\/wp-json\/wp\/v2\/categories?post=611"},{"taxonomy":"post_tag","embeddable":true,"href":"https:\/\/www.rincondelbulla.cl\/portal\/wp-json\/wp\/v2\/tags?post=611"}],"curies":[{"name":"wp","href":"https:\/\/api.w.org\/{rel}","templated":true}]}}