{"id":6335,"date":"2014-12-05T11:00:52","date_gmt":"2014-12-05T11:00:52","guid":{"rendered":"http:\/\/www.rincondelbulla.cl\/portal\/?p=6335"},"modified":"2014-12-05T22:49:09","modified_gmt":"2014-12-05T22:49:09","slug":"la-previa-el-ultimo-paso","status":"publish","type":"post","link":"https:\/\/www.rincondelbulla.cl\/portal\/2014\/12\/05\/la-previa-el-ultimo-paso\/","title":{"rendered":"La previa: El \u00faltimo paso"},"content":{"rendered":"<figure id=\"attachment_6253\" aria-describedby=\"caption-attachment-6253\" style=\"width: 1100px\" class=\"wp-caption alignnone\"><a href=\"http:\/\/www.rincondelbulla.cl\/portal\/wp-content\/uploads\/2014\/11\/plantel2014-barnechea.jpg\"><img loading=\"lazy\" decoding=\"async\" class=\"size-full wp-image-6253\" src=\"http:\/\/www.rincondelbulla.cl\/portal\/wp-content\/uploads\/2014\/11\/plantel2014-barnechea.jpg\" alt=\"La U sale a coronar una excelente temporada - Foto: Claudio C\u00e1ceres\" width=\"1100\" height=\"700\" srcset=\"https:\/\/www.rincondelbulla.cl\/portal\/wp-content\/uploads\/2014\/11\/plantel2014-barnechea.jpg 1100w, https:\/\/www.rincondelbulla.cl\/portal\/wp-content\/uploads\/2014\/11\/plantel2014-barnechea-300x191.jpg 300w, https:\/\/www.rincondelbulla.cl\/portal\/wp-content\/uploads\/2014\/11\/plantel2014-barnechea-768x489.jpg 768w, https:\/\/www.rincondelbulla.cl\/portal\/wp-content\/uploads\/2014\/11\/plantel2014-barnechea-696x443.jpg 696w, https:\/\/www.rincondelbulla.cl\/portal\/wp-content\/uploads\/2014\/11\/plantel2014-barnechea-1068x680.jpg 1068w, https:\/\/www.rincondelbulla.cl\/portal\/wp-content\/uploads\/2014\/11\/plantel2014-barnechea-660x420.jpg 660w\" sizes=\"auto, (max-width: 1100px) 100vw, 1100px\" \/><\/a><figcaption id=\"caption-attachment-6253\" class=\"wp-caption-text\">La U sale a coronar una excelente temporada &#8211; Foto: Claudio C\u00e1ceres<\/figcaption><\/figure>\n<p><b>Los azules intentar\u00e1n coronarse en la \u00faltima fecha imponi\u00e9ndose a Uni\u00f3n La Calera en un Nacional que lucir\u00e1 un lleno total. Puede haber final con el cl\u00e1sico rival.<\/b><\/p>\n<p class=\"p1\"><!--more--><\/p>\n<p class=\"p1\"><span class=\"s1\">Desde las 17 horas del s\u00e1bado, Universidad de Chile enfrentar\u00e1 en el Estadio Nacional a Uni\u00f3n La Calera, en el que ser\u00e1 el \u00faltimo partido del torneo. Con el arbitraje de Carlos Ulloa, los azules intentar\u00e1n imponerse para dar la vuelta ol\u00edmpica y evitar as\u00ed una posible final ante el archirrival.<\/span><\/p>\n<p class=\"p1\"><span class=\"s1\">En frente estar\u00e1 un Uni\u00f3n La Calera que viene de caer por 1-0 como local ante Santiago Wanderers y que se ubica s\u00e9ptimo con 22 puntos, a\u00fan con aspiraciones de disputar la liguilla para la Copa Libertadores.<\/span><\/p>\n<p class=\"p1\"><span class=\"s1\">En simult\u00e1neo estar\u00e1n jugando en el El\u00edas Figueroa de Valpara\u00edso caturros y albos, quienes son los otros dos equipos que pelean el Apertura.<\/span><\/p>\n<p class=\"p1\"><span class=\"s1\"><b>Formaci\u00f3n de la \u201cU\u201d<\/b><\/span><\/p>\n<p class=\"p1\"><span class=\"s1\">El equipo de Mart\u00edn Lasarte sufri\u00f3 esta semana la lesi\u00f3n de Sebasti\u00e1n Mart\u00ednez, quien ser\u00e1 una sensible baja para el s\u00e1bado. En su lugar ingresar\u00eda el uruguayo Guzm\u00e1n Pereira.<\/span><\/p>\n<p class=\"p1\"><span class=\"s1\">En tanto, Osvaldo Gonz\u00e1lez, quien hab\u00eda sufrido una fractura en la nariz en el partido ante \u00d1ublense, podr\u00e1 ser de la partida utilizando una m\u00e1scara protectora.<\/span><\/p>\n<p class=\"p1\"><span class=\"s1\">As\u00ed, el once inicial ser\u00eda con Johnny Herrera; Math\u00edas Corujo, Osvaldo Gonz\u00e1lez, Cristian Su\u00e1rez, Jos\u00e9 Rojas; Guzm\u00e1n Pereira, Gonzalo Espinoza; Ram\u00f3n Fern\u00e1ndez, Gustavo Lorenzetti; Gustavo Canales y Patricio Rubio.<\/span><\/p>\n<p class=\"p1\"><span class=\"s1\"><b>Historial y estad\u00edstica<\/b><\/span><\/p>\n<p class=\"p1\"><span class=\"s1\">La \u00faltima vez que azules y cementeros se enfrentaron fue el 29 de marzo en el Estadio Santa Laura. Aquella vez el equipo dirigido por Cristian Romero cay\u00f3 derrotado por 1-0.<\/span><\/p>\n<p class=\"p1\"><span class=\"s1\">En cuanto al historial, se han enfrentado en 33 ocasiones por el torneo nacional, con 23 triunfos de la \u201cU\u201d, 7 empates, 3 derrotas, 86 goles a favor, 33 en contra y un 80% de rendimiento.<\/span><\/p>\n<p class=\"p1\"><span class=\"s1\"><b>Venta de entradas<\/b><\/span><\/p>\n<p class=\"p1\"><span class=\"s1\">Las 45 mil entradas autorizadas para este partido fueron puestas a la venta en el sistema PuntoTicket y ya se encuentran absolutamente agotadas. Para quienes hayan comprado galer\u00edas, el retiro de entradas se realiza en las boleter\u00edas de Grecia en el Estadio Nacional hasta las 20 horas del viernes.<\/span><\/p>\n<p class=\"p1\"><span class=\"s1\">En tanto, los otros sectores podr\u00e1n entrar con e-ticket. Como siempre, los abonados tienen acceso liberado.<\/span><\/p>\n<p class=\"p1\"><span class=\"s1\"><b>Transmisi\u00f3n<\/b><\/span><\/p>\n<p class=\"p1\"><span class=\"s1\">El partido ser\u00e1 transmitido en vivo con una hora de previa por CDF B\u00e1sico, mientras que la se\u00f1al Premium y HD transmitir\u00e1 el partido entre Wanderers y Colo Colo. Tambi\u00e9n podr\u00e1s seguir el minuto a minuto en el fan page de Rinc\u00f3n del Bulla.<\/span><\/p>\n","protected":false},"excerpt":{"rendered":"<p>Los azules intentar\u00e1n coronarse en la \u00faltima fecha imponi\u00e9ndose a Uni\u00f3n La Calera en un Nacional que lucir\u00e1 un lleno total. Puede haber final con el cl\u00e1sico rival.<\/p>\n","protected":false},"author":56,"featured_media":6253,"comment_status":"closed","ping_status":"open","sticky":false,"template":"","format":"standard","meta":{"footnotes":""},"categories":[18],"tags":[454,232,37,157,156],"class_list":{"0":"post-6335","1":"post","2":"type-post","3":"status-publish","4":"format-standard","5":"has-post-thumbnail","7":"category-actualidad","8":"tag-actualidad","9":"tag-apertura-2014-2015","10":"tag-la-previa","11":"tag-portada","12":"tag-universidad-de-chile"},"_links":{"self":[{"href":"https:\/\/www.rincondelbulla.cl\/portal\/wp-json\/wp\/v2\/posts\/6335","targetHints":{"allow":["GET"]}}],"collection":[{"href":"https:\/\/www.rincondelbulla.cl\/portal\/wp-json\/wp\/v2\/posts"}],"about":[{"href":"https:\/\/www.rincondelbulla.cl\/portal\/wp-json\/wp\/v2\/types\/post"}],"author":[{"embeddable":true,"href":"https:\/\/www.rincondelbulla.cl\/portal\/wp-json\/wp\/v2\/users\/56"}],"replies":[{"embeddable":true,"href":"https:\/\/www.rincondelbulla.cl\/portal\/wp-json\/wp\/v2\/comments?post=6335"}],"version-history":[{"count":3,"href":"https:\/\/www.rincondelbulla.cl\/portal\/wp-json\/wp\/v2\/posts\/6335\/revisions"}],"predecessor-version":[{"id":6347,"href":"https:\/\/www.rincondelbulla.cl\/portal\/wp-json\/wp\/v2\/posts\/6335\/revisions\/6347"}],"wp:featuredmedia":[{"embeddable":true,"href":"https:\/\/www.rincondelbulla.cl\/portal\/wp-json\/wp\/v2\/media\/6253"}],"wp:attachment":[{"href":"https:\/\/www.rincondelbulla.cl\/portal\/wp-json\/wp\/v2\/media?parent=6335"}],"wp:term":[{"taxonomy":"category","embeddable":true,"href":"https:\/\/www.rincondelbulla.cl\/portal\/wp-json\/wp\/v2\/categories?post=6335"},{"taxonomy":"post_tag","embeddable":true,"href":"https:\/\/www.rincondelbulla.cl\/portal\/wp-json\/wp\/v2\/tags?post=6335"}],"curies":[{"name":"wp","href":"https:\/\/api.w.org\/{rel}","templated":true}]}}