{"id":6482,"date":"2014-12-12T20:49:01","date_gmt":"2014-12-12T20:49:01","guid":{"rendered":"http:\/\/www.rincondelbulla.cl\/portal\/?p=6482"},"modified":"2014-12-13T11:38:21","modified_gmt":"2014-12-13T11:38:21","slug":"al-igual-que-a-nivel-local-la-u-es-la-que-manda-a-nivel-continental","status":"publish","type":"post","link":"https:\/\/www.rincondelbulla.cl\/portal\/2014\/12\/12\/al-igual-que-a-nivel-local-la-u-es-la-que-manda-a-nivel-continental\/","title":{"rendered":"Al igual que a nivel local, la U es la que manda a nivel continental."},"content":{"rendered":"<figure id=\"attachment_6364\" aria-describedby=\"caption-attachment-6364\" style=\"width: 1100px\" class=\"wp-caption alignnone\"><a href=\"http:\/\/www.rincondelbulla.cl\/portal\/wp-content\/uploads\/2014\/12\/plantel-campeon2014.jpg\"><img loading=\"lazy\" decoding=\"async\" class=\"size-full wp-image-6364\" src=\"http:\/\/www.rincondelbulla.cl\/portal\/wp-content\/uploads\/2014\/12\/plantel-campeon2014.jpg\" alt=\"La U ya tiene fixture en la Libertadores 2015Foto: Patricio Gonz\u00e1lez-\" width=\"1100\" height=\"700\" srcset=\"https:\/\/www.rincondelbulla.cl\/portal\/wp-content\/uploads\/2014\/12\/plantel-campeon2014.jpg 1100w, https:\/\/www.rincondelbulla.cl\/portal\/wp-content\/uploads\/2014\/12\/plantel-campeon2014-300x191.jpg 300w, https:\/\/www.rincondelbulla.cl\/portal\/wp-content\/uploads\/2014\/12\/plantel-campeon2014-768x489.jpg 768w, https:\/\/www.rincondelbulla.cl\/portal\/wp-content\/uploads\/2014\/12\/plantel-campeon2014-696x443.jpg 696w, https:\/\/www.rincondelbulla.cl\/portal\/wp-content\/uploads\/2014\/12\/plantel-campeon2014-1068x680.jpg 1068w, https:\/\/www.rincondelbulla.cl\/portal\/wp-content\/uploads\/2014\/12\/plantel-campeon2014-660x420.jpg 660w\" sizes=\"auto, (max-width: 1100px) 100vw, 1100px\" \/><\/a><figcaption id=\"caption-attachment-6364\" class=\"wp-caption-text\">La U es el equipo de mejor rendimiento en la \u00a0Libertadores de los \u00faltimos 10 a\u00f1os.\u00a0Foto: Patricio Gonz\u00e1lez-<\/figcaption><\/figure>\n<p><strong>El 2015 viene con desaf\u00edos para la \u201cGloriosa\u201d, adem\u00e1s de defender el t\u00edtulo, debe ratificar que es el equipo Chileno con mejor rendimiento en la \u00faltima d\u00e9cada en la tan anhelada Copa Libertadores.<\/strong><br \/>\n<!--more--><\/p>\n<p>Luego de un excelente semestre el plantel de \u201cAzul\u201d junto al cuerpo t\u00e9cnico gozan de unas merecidas vacaciones, sin embargo los desaf\u00edos para el inicio del 2015 no son menores, debe enfrentar el torneo nacional para defender la corona y ojala quedarse con el bicampeonato, y adem\u00e1s enfrenta la Copa Libertadores, torneo tan esquivo para los universitarios. Cabe recalcar que en la \u00faltima d\u00e9cada el cuadro laico ha sido dos veces semifinalista (2010-2012) de la Libertadores. Y m\u00e1s a\u00fan, es el equipo con mejor rendimiento de nuestro pa\u00eds en el \u00faltimo lustro (52,9%). La pregunta que nos hacemos todos es \u00bftenemos plantel y la inversi\u00f3n en refuerzos ser\u00e1 acorde para un torneo continental?.<\/p>\n<p>En mi opini\u00f3n , el equipo no est\u00e1 capacitado para pensar en pelear una Libertadores, espero me equivoque y podamos levantar la Copa que ha sido tan esquiva para los \u201cRom\u00e1nticos Viajeros\u201d. El torneo pasado el nivel y la regularidad mostrada por el cuadro de \u201cMachete\u201d fue avasallador, sin embargo en m\u00e1s de alg\u00fan duelo vimos a nuestro equipo doblegado o confundido por el buen desempe\u00f1o rival. El tema no es nuevo en el f\u00fatbol, pero el equipo no se ha visto enfrentado con rivales internacionales, y la Copa Libertadores es un torneo muy duro y m\u00e1s a\u00fan con el grupo que nos toc\u00f3. Heller asegur\u00f3 que invertir\u00e1n en refuerzos de categor\u00eda para pelear por el torneo, \u00bfEs Benegas o Valencia un refuerzo de categor\u00eda continental?, hasta el momento no lo han sido y esperemos que su explosi\u00f3n sea azul.<\/p>\n","protected":false},"excerpt":{"rendered":"<p>El 2015 viene con desaf\u00edos para la \u201cGloriosa\u201d, adem\u00e1s de defender el t\u00edtulo, debe ratificar que es el equipo Chileno con mejor rendimiento en la \u00faltima d\u00e9cada en la tan anhelada Copa Libertadores.<\/p>\n","protected":false},"author":21381,"featured_media":6356,"comment_status":"closed","ping_status":"open","sticky":false,"template":"","format":"standard","meta":{"footnotes":""},"categories":[18],"tags":[454,320,36],"class_list":{"0":"post-6482","1":"post","2":"type-post","3":"status-publish","4":"format-standard","5":"has-post-thumbnail","7":"category-actualidad","8":"tag-actualidad","9":"tag-copa-libertadores-2015","10":"tag-opinion"},"_links":{"self":[{"href":"https:\/\/www.rincondelbulla.cl\/portal\/wp-json\/wp\/v2\/posts\/6482","targetHints":{"allow":["GET"]}}],"collection":[{"href":"https:\/\/www.rincondelbulla.cl\/portal\/wp-json\/wp\/v2\/posts"}],"about":[{"href":"https:\/\/www.rincondelbulla.cl\/portal\/wp-json\/wp\/v2\/types\/post"}],"author":[{"embeddable":true,"href":"https:\/\/www.rincondelbulla.cl\/portal\/wp-json\/wp\/v2\/users\/21381"}],"replies":[{"embeddable":true,"href":"https:\/\/www.rincondelbulla.cl\/portal\/wp-json\/wp\/v2\/comments?post=6482"}],"version-history":[{"count":4,"href":"https:\/\/www.rincondelbulla.cl\/portal\/wp-json\/wp\/v2\/posts\/6482\/revisions"}],"predecessor-version":[{"id":6490,"href":"https:\/\/www.rincondelbulla.cl\/portal\/wp-json\/wp\/v2\/posts\/6482\/revisions\/6490"}],"wp:featuredmedia":[{"embeddable":true,"href":"https:\/\/www.rincondelbulla.cl\/portal\/wp-json\/wp\/v2\/media\/6356"}],"wp:attachment":[{"href":"https:\/\/www.rincondelbulla.cl\/portal\/wp-json\/wp\/v2\/media?parent=6482"}],"wp:term":[{"taxonomy":"category","embeddable":true,"href":"https:\/\/www.rincondelbulla.cl\/portal\/wp-json\/wp\/v2\/categories?post=6482"},{"taxonomy":"post_tag","embeddable":true,"href":"https:\/\/www.rincondelbulla.cl\/portal\/wp-json\/wp\/v2\/tags?post=6482"}],"curies":[{"name":"wp","href":"https:\/\/api.w.org\/{rel}","templated":true}]}}