{"id":654,"date":"2008-04-05T11:00:10","date_gmt":"2008-04-05T11:00:10","guid":{"rendered":"http:\/\/www.rincondelbulla.cl\/portal\/?p=654"},"modified":"2008-04-05T11:00:10","modified_gmt":"2008-04-05T11:00:10","slug":"fin-a-las-especulaciones-superclasico-se-jugara-el-sabado-12-de-abril-precio-de-entradas","status":"publish","type":"post","link":"https:\/\/www.rincondelbulla.cl\/portal\/2008\/04\/05\/fin-a-las-especulaciones-superclasico-se-jugara-el-sabado-12-de-abril-precio-de-entradas\/","title":{"rendered":"Fin a las especulaciones: Supercl\u00e1sico se jugar\u00e1 el s\u00e1bado 12 de abril (+Precio de Entradas)"},"content":{"rendered":"<p><img decoding=\"async\" src=\"images\/stories\/celebracionnuevo3.jpg\" hspace=\"6\" alt=\"\" title=\"\" border=\"0\" style=\"float: left;\" \/><b>El intendente Alvaro Erazo manifest&oacute; que la decisi&oacute;n est&aacute; tomada y que el horario del duelo entre Colo Colo y Universidad de Chile no ha sido modificado.<\/b><br \/> La Intendencia Metropolitana sali&oacute; al paso de las especulaciones respecto al cambio de horario para el cl&aacute;sico del pr&oacute;ximo fin de semana y la m&aacute;xima  <!--more--> autoridad regional, Alvaro Erazo, inform&oacute; que no han habido modificaciones y que el partido entre Colo Colo y Universidad de Chile se jugar&aacute; el <b>s&aacute;bado 12 de abril a las 16:30 horas<\/b> (20:30 GMT).<\/p>\n<p> En horas de la tarde, Colo Colo inform&oacute; que el cl&aacute;sico hab&iacute;a sido cambiado para el domingo 13 tras recibir un supuesto correo electr&oacute;nico de parte de los encargados de seguridad de la Intendencia, no obstante, Erazo descart&oacute; dicha situaci&oacute;n.<\/p>\n<p> &quot;Tal como lo comuniqu&eacute; el d&iacute;a de ayer, lo vuelvo a reiterar. Nuestra decisi&oacute;n a partir del informe de Carabineros y de la Intendencia Metropolitana es que el partido entre Colo Colo y Universidad de Chile se realice el s&aacute;bado a las 16:30 horas dado que ese d&iacute;a, pese a jugarse el dobles de Copa Davis, hay menos problemas con la aglomeraci&oacute;n que se pueda producir&quot;, dijo el intendente.<\/p>\n<p> &quot;Por lo tanto podemos garantizar dos eventos deportivos de primer nivel por lo que se puede asegurar que la gente vaya tranquilamente&quot;, agreg&oacute; Erazo, quien adelant&oacute; que el encuentro entre albos y azules &quot;ser&aacute; de alto riesgo, con seguridad para que las personas pueden concurrir a ver ambas actividades tranquilamente&quot;.<\/p>\n<p> <u><b>Valor de Entradas<\/b><\/u><\/p>\n<p> Tribuna bajo marquesina $25.000<br \/> Tribuna fuera marquesina $20.000<br \/> Pacifico lateral sur, puertas 10 y 11 $12.000<br \/> Andes Centro $12.000<br \/> Andes Lateral $10.000<br \/> Galeria General $6.000<br \/> Galeria Socios $3.000<br \/> Ni&ntilde;os Galeria $2.000<\/p>\n<p> <u><b>Venta de Entradas:<\/b><\/u><\/p>\n<p> Sistema ticketmaster (Solo Tribuna)<\/p>\n<p> Estadio Nacional desde el viernes 4 de abril de 11:00 a 20:00 Hrs. hasta la fecha del encuentro.<br \/> <b>Excepto:<\/b> Domingo 6 de abril de 10:00 a 14:00 Hrs y jueves 10 de abril de 11:00 a 15:00 Hrs. <\/p>\n","protected":false},"excerpt":{"rendered":"<p>El intendente Alvaro Erazo manifest&oacute; que la decisi&oacute;n est&aacute; tomada y que el horario del duelo entre Colo Colo y Universidad de Chile no ha sido modificado. La Intendencia Metropolitana sali&oacute; al paso de las especulaciones respecto al cambio de horario para el cl&aacute;sico del pr&oacute;ximo fin de semana y la m&aacute;xima<\/p>\n","protected":false},"author":1,"featured_media":0,"comment_status":"open","ping_status":"open","sticky":false,"template":"","format":"standard","meta":{"footnotes":""},"categories":[18],"tags":[],"class_list":{"0":"post-654","1":"post","2":"type-post","3":"status-publish","4":"format-standard","6":"category-actualidad"},"_links":{"self":[{"href":"https:\/\/www.rincondelbulla.cl\/portal\/wp-json\/wp\/v2\/posts\/654","targetHints":{"allow":["GET"]}}],"collection":[{"href":"https:\/\/www.rincondelbulla.cl\/portal\/wp-json\/wp\/v2\/posts"}],"about":[{"href":"https:\/\/www.rincondelbulla.cl\/portal\/wp-json\/wp\/v2\/types\/post"}],"author":[{"embeddable":true,"href":"https:\/\/www.rincondelbulla.cl\/portal\/wp-json\/wp\/v2\/users\/1"}],"replies":[{"embeddable":true,"href":"https:\/\/www.rincondelbulla.cl\/portal\/wp-json\/wp\/v2\/comments?post=654"}],"version-history":[{"count":0,"href":"https:\/\/www.rincondelbulla.cl\/portal\/wp-json\/wp\/v2\/posts\/654\/revisions"}],"wp:attachment":[{"href":"https:\/\/www.rincondelbulla.cl\/portal\/wp-json\/wp\/v2\/media?parent=654"}],"wp:term":[{"taxonomy":"category","embeddable":true,"href":"https:\/\/www.rincondelbulla.cl\/portal\/wp-json\/wp\/v2\/categories?post=654"},{"taxonomy":"post_tag","embeddable":true,"href":"https:\/\/www.rincondelbulla.cl\/portal\/wp-json\/wp\/v2\/tags?post=654"}],"curies":[{"name":"wp","href":"https:\/\/api.w.org\/{rel}","templated":true}]}}