{"id":6626,"date":"2014-12-22T21:26:09","date_gmt":"2014-12-22T21:26:09","guid":{"rendered":"http:\/\/www.rincondelbulla.cl\/portal\/?p=6626"},"modified":"2014-12-22T21:27:30","modified_gmt":"2014-12-22T21:27:30","slug":"el-campeon-chileno-sigue-sus-entrenamientos-de-cara-a-sus-compromisos-del-2015","status":"publish","type":"post","link":"https:\/\/www.rincondelbulla.cl\/portal\/2014\/12\/22\/el-campeon-chileno-sigue-sus-entrenamientos-de-cara-a-sus-compromisos-del-2015\/","title":{"rendered":"El campe\u00f3n chileno sigue sus entrenamientos de cara a sus compromisos del 2015"},"content":{"rendered":"<p><a href=\"http:\/\/www.rincondelbulla.cl\/portal\/wp-content\/uploads\/2014\/12\/campeonsudamericana.jpg\"><img loading=\"lazy\" decoding=\"async\" class=\"alignnone size-full wp-image-6533\" src=\"http:\/\/www.rincondelbulla.cl\/portal\/wp-content\/uploads\/2014\/12\/campeonsudamericana.jpg\" alt=\"campeonsudamericana\" width=\"1100\" height=\"700\" srcset=\"https:\/\/www.rincondelbulla.cl\/portal\/wp-content\/uploads\/2014\/12\/campeonsudamericana.jpg 1100w, https:\/\/www.rincondelbulla.cl\/portal\/wp-content\/uploads\/2014\/12\/campeonsudamericana-300x191.jpg 300w, https:\/\/www.rincondelbulla.cl\/portal\/wp-content\/uploads\/2014\/12\/campeonsudamericana-768x489.jpg 768w, https:\/\/www.rincondelbulla.cl\/portal\/wp-content\/uploads\/2014\/12\/campeonsudamericana-696x443.jpg 696w, https:\/\/www.rincondelbulla.cl\/portal\/wp-content\/uploads\/2014\/12\/campeonsudamericana-1068x680.jpg 1068w, https:\/\/www.rincondelbulla.cl\/portal\/wp-content\/uploads\/2014\/12\/campeonsudamericana-660x420.jpg 660w\" sizes=\"auto, (max-width: 1100px) 100vw, 1100px\" \/><\/a><br \/>\n<strong>El plantel de \u201cLa Gloriosa\u201d entrena firme de cara a los desaf\u00edos que debe afrontar el a\u00f1o entrante, Copa Libertadores y a pocos d\u00edas del inicio del nuevo a\u00f1o, comienza el torneo nacional, y los azules el 4 de enero ven acci\u00f3n frente a Cobresal en el norte.<\/strong><!--more--><\/p>\n<p>Los jugadores del campe\u00f3n chileno se encuentran concentrados desde el d\u00eda de ayer, y con el panorama m\u00e1s claro en cuanto al grupo que debe enfrentar en la Copa Libertadores y sabiendo la fecha del debut del a\u00f1o 2015 (S\u00e1bado 3 de Enero a las 16:00 horas), se dieron a conocer los v\u00eddeos navide\u00f1os en donde los referentes del equipo le mandan los buenos deseos en estas fiestas de fin de a\u00f1o.<\/p>\n<div class=\"youtube-embed\" data-video_id=\"5tJ1J5E6v-I\"><iframe loading=\"lazy\" width=\"696\" height=\"392\" src=\"https:\/\/www.youtube.com\/embed\/5tJ1J5E6v-I?feature=oembed&#038;enablejsapi=1\" frameborder=\"0\" allow=\"accelerometer; autoplay; encrypted-media; gyroscope; picture-in-picture\" allowfullscreen><\/iframe><\/div>\n<p><strong>La U debuta en la Copa en el Nacional.<\/strong><\/p>\n<p>En la primera fecha del torneo continental el \u201cRom\u00e1ntico Viajero \u201crecibe a <strong>Emele<\/strong>c de Ecuador, en la segunda debe enfrentar a <strong>Internacional<\/strong> de Porto Alegre como forastero, mientras en la tercera recibe al ganador de la llave 4 <strong>(Morelia de M\u00e9xico versus Strongest de Bolivia)<\/strong>, en la cuarta fecha visita al ganador de la misma llave de la primera fase, en la quinta enfrenta a <strong>Internaciona<\/strong>l de local, y en la sexta fecha cierra el grupo como visitante al campe\u00f3n ecuatoriano en Guayaquil.<\/p>\n","protected":false},"excerpt":{"rendered":"<p>El plantel de \u201cLa Gloriosa\u201d entrena firme de cara a los desaf\u00edos que debe afrontar el a\u00f1o entrante, Copa Libertadores y a pocos d\u00edas del inicio del nuevo a\u00f1o, comienza el torneo nacional, y los azules el 4 de enero ven acci\u00f3n frente a Cobresal en el norte.<\/p>\n","protected":false},"author":21381,"featured_media":6533,"comment_status":"closed","ping_status":"open","sticky":false,"template":"","format":"standard","meta":{"footnotes":""},"categories":[18],"tags":[320,335,334],"class_list":{"0":"post-6626","1":"post","2":"type-post","3":"status-publish","4":"format-standard","5":"has-post-thumbnail","7":"category-actualidad","8":"tag-copa-libertadores-2015","9":"tag-navidad-azul","10":"tag-torneo-nacional"},"_links":{"self":[{"href":"https:\/\/www.rincondelbulla.cl\/portal\/wp-json\/wp\/v2\/posts\/6626","targetHints":{"allow":["GET"]}}],"collection":[{"href":"https:\/\/www.rincondelbulla.cl\/portal\/wp-json\/wp\/v2\/posts"}],"about":[{"href":"https:\/\/www.rincondelbulla.cl\/portal\/wp-json\/wp\/v2\/types\/post"}],"author":[{"embeddable":true,"href":"https:\/\/www.rincondelbulla.cl\/portal\/wp-json\/wp\/v2\/users\/21381"}],"replies":[{"embeddable":true,"href":"https:\/\/www.rincondelbulla.cl\/portal\/wp-json\/wp\/v2\/comments?post=6626"}],"version-history":[{"count":1,"href":"https:\/\/www.rincondelbulla.cl\/portal\/wp-json\/wp\/v2\/posts\/6626\/revisions"}],"predecessor-version":[{"id":6627,"href":"https:\/\/www.rincondelbulla.cl\/portal\/wp-json\/wp\/v2\/posts\/6626\/revisions\/6627"}],"wp:featuredmedia":[{"embeddable":true,"href":"https:\/\/www.rincondelbulla.cl\/portal\/wp-json\/wp\/v2\/media\/6533"}],"wp:attachment":[{"href":"https:\/\/www.rincondelbulla.cl\/portal\/wp-json\/wp\/v2\/media?parent=6626"}],"wp:term":[{"taxonomy":"category","embeddable":true,"href":"https:\/\/www.rincondelbulla.cl\/portal\/wp-json\/wp\/v2\/categories?post=6626"},{"taxonomy":"post_tag","embeddable":true,"href":"https:\/\/www.rincondelbulla.cl\/portal\/wp-json\/wp\/v2\/tags?post=6626"}],"curies":[{"name":"wp","href":"https:\/\/api.w.org\/{rel}","templated":true}]}}