{"id":6661,"date":"2015-01-02T11:39:12","date_gmt":"2015-01-02T11:39:12","guid":{"rendered":"http:\/\/www.rincondelbulla.cl\/portal\/?p=6661"},"modified":"2015-01-02T11:39:12","modified_gmt":"2015-01-02T11:39:12","slug":"la-previa-la-u-estrena-el-ano-en-tierra-santa","status":"publish","type":"post","link":"https:\/\/www.rincondelbulla.cl\/portal\/2015\/01\/02\/la-previa-la-u-estrena-el-ano-en-tierra-santa\/","title":{"rendered":"La previa: La \u201cU\u201d estrena el a\u00f1o en Tierra Santa"},"content":{"rendered":"<figure id=\"attachment_6364\" aria-describedby=\"caption-attachment-6364\" style=\"width: 1100px\" class=\"wp-caption aligncenter\"><a href=\"http:\/\/www.rincondelbulla.cl\/portal\/wp-content\/uploads\/2014\/12\/plantel-campeon2014.jpg\"><img loading=\"lazy\" decoding=\"async\" class=\"size-full wp-image-6364\" src=\"http:\/\/www.rincondelbulla.cl\/portal\/wp-content\/uploads\/2014\/12\/plantel-campeon2014.jpg\" alt=\"La U debuta en Tierra Santa Foto: Patricio Gonz\u00e1lez-\" width=\"1100\" height=\"700\" srcset=\"https:\/\/www.rincondelbulla.cl\/portal\/wp-content\/uploads\/2014\/12\/plantel-campeon2014.jpg 1100w, https:\/\/www.rincondelbulla.cl\/portal\/wp-content\/uploads\/2014\/12\/plantel-campeon2014-300x191.jpg 300w, https:\/\/www.rincondelbulla.cl\/portal\/wp-content\/uploads\/2014\/12\/plantel-campeon2014-768x489.jpg 768w, https:\/\/www.rincondelbulla.cl\/portal\/wp-content\/uploads\/2014\/12\/plantel-campeon2014-696x443.jpg 696w, https:\/\/www.rincondelbulla.cl\/portal\/wp-content\/uploads\/2014\/12\/plantel-campeon2014-1068x680.jpg 1068w, https:\/\/www.rincondelbulla.cl\/portal\/wp-content\/uploads\/2014\/12\/plantel-campeon2014-660x420.jpg 660w\" sizes=\"auto, (max-width: 1100px) 100vw, 1100px\" \/><\/a><figcaption id=\"caption-attachment-6364\" class=\"wp-caption-text\">La U debuta en Tierra Santa Foto: Patricio Gonz\u00e1lez-<\/figcaption><\/figure>\n<p>&nbsp;<\/p>\n<p class=\"p1\"><span class=\"s1\"><b>El vigente campe\u00f3n del f\u00fatbol chileno tendr\u00e1 su debut en El Salvador por la primera fecha del Clausura. Canales ser\u00e1 baja y tendr\u00e1 su debut Leandro Benegas. Por: Enrique Moreno<\/b><\/span><!--more--><\/p>\n<p class=\"p1\">\n<p class=\"p1\"><span class=\"s1\">Desde las 16 horas del s\u00e1bado, Universidad de Chile visitar\u00e1 a Cobresal en El Salvador. Los azules visitar\u00e1n \u201cTierra Santa\u201d cuando reci\u00e9n se cumplieron 20 a\u00f1os del hist\u00f3rico t\u00edtulo de 1994, en lo que marcar\u00e1 su debut en este Clausura 2015.<\/span><\/p>\n<p class=\"p1\"><span class=\"s1\">En frente estar\u00e1 un cuadro minero que en el pasado torneo finaliz\u00f3 en el d\u00e9cimo quinto lugar y cuyo mayor af\u00e1n ser\u00e1 obtener los tres puntos para escaparse de la zona de descenso. En sus filas contar\u00e1 con el ex \u201cU\u201d Sebasti\u00e1n Z\u00fa\u00f1iga, quien fue cedido a pr\u00e9stamo por seis meses.<\/span><\/p>\n<p class=\"p1\"><span class=\"s1\"><b>Formaci\u00f3n de la \u201cU\u201d<\/b><\/span><\/p>\n<p class=\"p1\"><span class=\"s1\">En el equipo de \u201cMachete\u201d ser\u00e1n bajas Osvaldo Gonz\u00e1lez y Gustavo Canales por dolencias f\u00edsicas, por lo que ser\u00edan reemplazados por Benjam\u00edn Vidal y el debutante Leandro Benegas.<\/span><\/p>\n<p class=\"p1\"><span class=\"s1\">De esta forma, el once inicial ser\u00eda con: Johnny Herrera; Mathias Corujo, Benjam\u00edn Vidal, Cristi\u00e1n Su\u00e1rez, Jos\u00e9 Rojas; Sebasti\u00e1n Mart\u00ednez, Gonzalo Espinoza; Gustavo Lorenzetti,; Patricio Rubio, Leandro Benegas y Enzo Guti\u00e9rrez.<\/span><\/p>\n<p class=\"p1\"><span class=\"s1\"><b>Historial y estad\u00edstica<\/b><\/span><\/p>\n<p class=\"p1\"><span class=\"s1\">La \u00faltima vez que los azules y mineros se enfrentaron fue el 20 de julio de 2014, en Santa Laura, en lo que fue un debut triunfador de Mart\u00edn Lasarte, pues la \u201cU\u201d se impuso por 3-1 con goles de Mathias Corujo, Patricio Rubio y Sebasti\u00e1n Ubilla.<\/span><\/p>\n<p class=\"p1\"><span class=\"s1\">En tanto, en El Salvador jugaron por \u00faltima vez el 14 de enero del a\u00f1o pasado, en lo que fue derrota por 2-1 con descuento del paraguayo Juan Rodrigo Rojas, partido que terminar\u00eda gatillando la renuncia de Marco Antonio Figueroa.<\/span><\/p>\n<p class=\"p1\"><span class=\"s1\">En cuanto al historial, se han enfrentado en 49 ocasiones, con 31 triunfos, 9 empates y 9 derrotas, 108 goles a favor, 65 en contra y un 72% de rendimiento.<\/span><\/p>\n<p class=\"p1\"><span class=\"s1\"><b>Venta de entradas y transmisi\u00f3n<\/b><\/span><\/p>\n<p class=\"p1\"><span class=\"s1\">Para este partido el club local a dispuesto la venta de entradas a trav\u00e9s del sistema ticketpro.cl, con valores de: Galer\u00eda visita $6.000, Tribuna $9.000 y Preferencial $13.000.<\/span><\/p>\n<p class=\"p1\"><span class=\"s1\">En tanto, tambi\u00e9n se vender\u00e1n el d\u00eda del partido en el estadio desde las 14 horas, aumentando en mil pesos el valor de cada sector.<\/span><\/p>\n<p class=\"p1\"><span class=\"s1\">La transmisi\u00f3n ser\u00e1 de CDF Premium y CDF HD con media hora de previa, como tambi\u00e9n podr\u00e1s seguir el minuto a minuto en el fan page de Rinc\u00f3n del Bulla.<\/span><\/p>\n","protected":false},"excerpt":{"rendered":"<p>&nbsp; El vigente campe\u00f3n del f\u00fatbol chileno tendr\u00e1 su debut en El Salvador por la primera fecha del Clausura. Canales ser\u00e1 baja y tendr\u00e1 su debut Leandro Benegas. Por: Enrique Moreno<\/p>\n","protected":false},"author":56,"featured_media":6364,"comment_status":"closed","ping_status":"open","sticky":false,"template":"","format":"standard","meta":{"footnotes":""},"categories":[18],"tags":[454,338,37,157,156],"class_list":{"0":"post-6661","1":"post","2":"type-post","3":"status-publish","4":"format-standard","5":"has-post-thumbnail","7":"category-actualidad","8":"tag-actualidad","9":"tag-clausura-2015","10":"tag-la-previa","11":"tag-portada","12":"tag-universidad-de-chile"},"_links":{"self":[{"href":"https:\/\/www.rincondelbulla.cl\/portal\/wp-json\/wp\/v2\/posts\/6661","targetHints":{"allow":["GET"]}}],"collection":[{"href":"https:\/\/www.rincondelbulla.cl\/portal\/wp-json\/wp\/v2\/posts"}],"about":[{"href":"https:\/\/www.rincondelbulla.cl\/portal\/wp-json\/wp\/v2\/types\/post"}],"author":[{"embeddable":true,"href":"https:\/\/www.rincondelbulla.cl\/portal\/wp-json\/wp\/v2\/users\/56"}],"replies":[{"embeddable":true,"href":"https:\/\/www.rincondelbulla.cl\/portal\/wp-json\/wp\/v2\/comments?post=6661"}],"version-history":[{"count":1,"href":"https:\/\/www.rincondelbulla.cl\/portal\/wp-json\/wp\/v2\/posts\/6661\/revisions"}],"predecessor-version":[{"id":6662,"href":"https:\/\/www.rincondelbulla.cl\/portal\/wp-json\/wp\/v2\/posts\/6661\/revisions\/6662"}],"wp:featuredmedia":[{"embeddable":true,"href":"https:\/\/www.rincondelbulla.cl\/portal\/wp-json\/wp\/v2\/media\/6364"}],"wp:attachment":[{"href":"https:\/\/www.rincondelbulla.cl\/portal\/wp-json\/wp\/v2\/media?parent=6661"}],"wp:term":[{"taxonomy":"category","embeddable":true,"href":"https:\/\/www.rincondelbulla.cl\/portal\/wp-json\/wp\/v2\/categories?post=6661"},{"taxonomy":"post_tag","embeddable":true,"href":"https:\/\/www.rincondelbulla.cl\/portal\/wp-json\/wp\/v2\/tags?post=6661"}],"curies":[{"name":"wp","href":"https:\/\/api.w.org\/{rel}","templated":true}]}}