{"id":6718,"date":"2015-01-11T02:39:16","date_gmt":"2015-01-11T02:39:16","guid":{"rendered":"http:\/\/www.rincondelbulla.cl\/portal\/?p=6718"},"modified":"2015-01-11T02:39:16","modified_gmt":"2015-01-11T02:39:16","slug":"enzo-gutierrez-siempre-la-pelee-yo-me-quise-quedar-en-la-u","status":"publish","type":"post","link":"https:\/\/www.rincondelbulla.cl\/portal\/2015\/01\/11\/enzo-gutierrez-siempre-la-pelee-yo-me-quise-quedar-en-la-u\/","title":{"rendered":"Enzo Guti\u00e9rrez: \u201cSiempre la pele\u00e9, yo me quise quedar en la U\u201d"},"content":{"rendered":"<p><a href=\"http:\/\/www.rincondelbulla.cl\/portal\/wp-content\/uploads\/2015\/01\/enzo.jpg\"><img loading=\"lazy\" decoding=\"async\" class=\"alignnone size-full wp-image-6719\" src=\"http:\/\/www.rincondelbulla.cl\/portal\/wp-content\/uploads\/2015\/01\/enzo.jpg\" alt=\"Enzo fue la figura - Foto: Claudio C\u00e1ceres\" width=\"960\" height=\"640\" srcset=\"https:\/\/www.rincondelbulla.cl\/portal\/wp-content\/uploads\/2015\/01\/enzo.jpg 960w, https:\/\/www.rincondelbulla.cl\/portal\/wp-content\/uploads\/2015\/01\/enzo-300x200.jpg 300w, https:\/\/www.rincondelbulla.cl\/portal\/wp-content\/uploads\/2015\/01\/enzo-768x512.jpg 768w, https:\/\/www.rincondelbulla.cl\/portal\/wp-content\/uploads\/2015\/01\/enzo-696x464.jpg 696w, https:\/\/www.rincondelbulla.cl\/portal\/wp-content\/uploads\/2015\/01\/enzo-630x420.jpg 630w\" sizes=\"auto, (max-width: 960px) 100vw, 960px\" \/><\/a><\/p>\n<p><strong>La Universidad de Chile se sacudi\u00f3 del tropiezo de la primera fecha en El Salvador y se impuso con autoridad ante el siempre dif\u00edcil O\u2019higgins. Lee las declaraciones que dej\u00f3 el 3-0 por Rinc\u00f3n del Bulla.<\/strong><!--more--><\/p>\n<p><strong>\u201cEl Machete\u201d<\/strong><\/p>\n<p>El t\u00e9cnico regresaba a la banca luego de la operaci\u00f3n que le neg\u00f3 el viaje al norte del pa\u00eds, sali\u00f3 satisfecho por el rendimiento azul. \u201cFuimos superiores y generadores de ocasiones, un equipo muy consistente\u201d. Lasarte tambi\u00e9n explic\u00f3 por qu\u00e9 fue Herrera quien fue a lanzar el penal. \u201cEl ejecutante hoy era Johnny, y por lo general lo es as\u00ed cuando no est\u00e1 Canales\u201d.<\/p>\n<p><strong>\u201cEl Duende\u201d<\/strong><\/p>\n<p>Lorenzetti sali\u00f3 algo averiado del campo de juego, y tambi\u00e9n reconoci\u00f3 que la lucha por un puesto ser\u00e1 dura, al igual que cuando lleg\u00f3 a la \u201cU\u201d el 2011. \u201cTenemos un muy buen plantel, estamos muy contentos por eso, los que entran son los que est\u00e1n en un buen nivel. Necesit\u00e1bamos ganar, pero por sobre todo estoy contento por el nivel exhibido\u201d.<\/p>\n<p><strong>\u201cDon Ram\u00f3n\u201d<\/strong><\/p>\n<p>Fern\u00e1ndez entr\u00f3 luego de la lesi\u00f3n de Lorenzetti, se mostr\u00f3 bien activo en la creaci\u00f3n de jugadas y tuvo el gol en un tiro libre que incre\u00edblemente sac\u00f3 Carranza. \u201cFue un buen triunfo, cuando no la tuvimos supimos aguantar y pudimos volver a la victoria\u201d.<\/p>\n<p><strong>\u201cEnzo\u201d<\/strong><\/p>\n<p>Sin duda fue la figura del partido de hoy, alej\u00f3 todos los fantasmas y cr\u00edticas que hab\u00eda recibido. \u201cSiempre la pele\u00e9 y hoy pode convertir, yo me quise quedar en la U. Lo importantes que hicimos un gran partido, esperamos seguir por esta misma senda\u201d.<\/p>\n<p><strong>\u201cEl Toro\u201d<\/strong><\/p>\n<p>Fue su primer partido como titular del refuerzo azul y no defraud\u00f3. Se anot\u00f3 con un gol y mostr\u00f3 las cartas por las cuales lleg\u00f3 al elenco de Lasarte. \u201cContento por el triunfo y por el gol, es m\u00e9rito del equipo que me dio el apoyo desde el primer d\u00eda que llegue y eso hace posible que uno haga lo mejor dentro de la cancha\u201d.<\/p>\n<p><strong>\u201cCanales\u201d<\/strong><\/p>\n<p>Gustavo lleg\u00f3 acompa\u00f1ado de sus dos peque\u00f1as hijas a ver el encuentro y\u00a0 se mostr\u00f3 tranquilo ante su pr\u00f3xima vuelta a las canchas. \u201cTengo que reinsertarme de a poco, va a depender exclusivamente de c\u00f3mo me sienta, los tiempos de reposo ya est\u00e1n llegando a su fin. Somos conscientes de que tenemos que revalidar lo que hicimos el campeonato pasado\u201d.<\/p>\n","protected":false},"excerpt":{"rendered":"<p>La Universidad de Chile se sacudi\u00f3 del tropiezo de la primera fecha en El Salvador y se impuso con autoridad ante el siempre dif\u00edcil O\u2019higgins. Lee las declaraciones que dej\u00f3 el 3-0 por Rinc\u00f3n del Bulla.<\/p>\n","protected":false},"author":65,"featured_media":6719,"comment_status":"closed","ping_status":"open","sticky":false,"template":"","format":"standard","meta":{"footnotes":""},"categories":[18],"tags":[267,354,133,294],"class_list":{"0":"post-6718","1":"post","2":"type-post","3":"status-publish","4":"format-standard","5":"has-post-thumbnail","7":"category-actualidad","8":"tag-declaraciones","9":"tag-enzo","10":"tag-ohiggins","11":"tag-u-de-chile"},"_links":{"self":[{"href":"https:\/\/www.rincondelbulla.cl\/portal\/wp-json\/wp\/v2\/posts\/6718","targetHints":{"allow":["GET"]}}],"collection":[{"href":"https:\/\/www.rincondelbulla.cl\/portal\/wp-json\/wp\/v2\/posts"}],"about":[{"href":"https:\/\/www.rincondelbulla.cl\/portal\/wp-json\/wp\/v2\/types\/post"}],"author":[{"embeddable":true,"href":"https:\/\/www.rincondelbulla.cl\/portal\/wp-json\/wp\/v2\/users\/65"}],"replies":[{"embeddable":true,"href":"https:\/\/www.rincondelbulla.cl\/portal\/wp-json\/wp\/v2\/comments?post=6718"}],"version-history":[{"count":1,"href":"https:\/\/www.rincondelbulla.cl\/portal\/wp-json\/wp\/v2\/posts\/6718\/revisions"}],"predecessor-version":[{"id":6720,"href":"https:\/\/www.rincondelbulla.cl\/portal\/wp-json\/wp\/v2\/posts\/6718\/revisions\/6720"}],"wp:featuredmedia":[{"embeddable":true,"href":"https:\/\/www.rincondelbulla.cl\/portal\/wp-json\/wp\/v2\/media\/6719"}],"wp:attachment":[{"href":"https:\/\/www.rincondelbulla.cl\/portal\/wp-json\/wp\/v2\/media?parent=6718"}],"wp:term":[{"taxonomy":"category","embeddable":true,"href":"https:\/\/www.rincondelbulla.cl\/portal\/wp-json\/wp\/v2\/categories?post=6718"},{"taxonomy":"post_tag","embeddable":true,"href":"https:\/\/www.rincondelbulla.cl\/portal\/wp-json\/wp\/v2\/tags?post=6718"}],"curies":[{"name":"wp","href":"https:\/\/api.w.org\/{rel}","templated":true}]}}