{"id":6750,"date":"2015-01-13T21:15:33","date_gmt":"2015-01-13T21:15:33","guid":{"rendered":"http:\/\/www.rincondelbulla.cl\/portal\/?p=6750"},"modified":"2015-01-14T01:18:07","modified_gmt":"2015-01-14T01:18:07","slug":"descartado-gustavo-canales-para-duelo-ante-wanderers","status":"publish","type":"post","link":"https:\/\/www.rincondelbulla.cl\/portal\/2015\/01\/13\/descartado-gustavo-canales-para-duelo-ante-wanderers\/","title":{"rendered":"Descartado Gustavo Canales para duelo ante Wanderers"},"content":{"rendered":"<figure id=\"attachment_5593\" aria-describedby=\"caption-attachment-5593\" style=\"width: 1100px\" class=\"wp-caption alignnone\"><a href=\"http:\/\/www.rincondelbulla.cl\/portal\/wp-content\/uploads\/2014\/09\/entrenamiento.jpg\"><img loading=\"lazy\" decoding=\"async\" class=\"size-full wp-image-5593\" src=\"http:\/\/www.rincondelbulla.cl\/portal\/wp-content\/uploads\/2014\/09\/entrenamiento.jpg\" alt=\"Foto: Claudio C\u00e1ceres\" width=\"1100\" height=\"700\" srcset=\"https:\/\/www.rincondelbulla.cl\/portal\/wp-content\/uploads\/2014\/09\/entrenamiento.jpg 1100w, https:\/\/www.rincondelbulla.cl\/portal\/wp-content\/uploads\/2014\/09\/entrenamiento-300x191.jpg 300w, https:\/\/www.rincondelbulla.cl\/portal\/wp-content\/uploads\/2014\/09\/entrenamiento-768x489.jpg 768w, https:\/\/www.rincondelbulla.cl\/portal\/wp-content\/uploads\/2014\/09\/entrenamiento-696x443.jpg 696w, https:\/\/www.rincondelbulla.cl\/portal\/wp-content\/uploads\/2014\/09\/entrenamiento-1068x680.jpg 1068w, https:\/\/www.rincondelbulla.cl\/portal\/wp-content\/uploads\/2014\/09\/entrenamiento-660x420.jpg 660w\" sizes=\"auto, (max-width: 1100px) 100vw, 1100px\" \/><\/a><figcaption id=\"caption-attachment-5593\" class=\"wp-caption-text\">Foto: Claudio C\u00e1ceres<\/figcaption><\/figure>\n<p><strong>Una mala noticia se conoci\u00f3 esta ma\u00f1ana para Universidad de Chile. Se trata del delantero Gustavo Canales, quien tras problemas en su tobillo derecho fue descartado del importante partido de este s\u00e1bado ante Santiago Wanderers.<\/strong><\/p>\n<p><!--more--><\/p>\n<p>En el CDA ya preparan con todo el pr\u00f3ximo duelo de los azules, ante el siempre dif\u00edcil Santiago Wanderers en Valpara\u00edso. Los dirig\u00eddos de Lasarte saben que conseguir esos tres puntos ser\u00e1n vitales, por lo que un rendmiento \u00f3ptimo ser\u00e1 fundamental para sumar de a tres.<\/p>\n<p><strong>La mala noticia<\/strong><\/p>\n<p>Sin embargo, el cuadro azul no podr\u00e1 contar con el retorno de una de las figuras del torneo pasado, Gustavo Canales. El argentino-chileno a\u00fan no supera las molestias de su tobillo derecho, por lo que fue descartado de la convocatoria de jugadores que enfrentaran a los porte\u00f1os en la tercera fecha.<\/p>\n<p><strong>La Sorpresa<\/strong><\/p>\n<p>Uno que s\u00ed podr\u00eda ser considerado, ser\u00eda Sebasti\u00e1n Ubilla. El ex Wanderers estar\u00eda muy cerca de superar la lesi\u00f3n que lo ha mermado de jugar durante los \u00faltimos meses, y en base a su positiva evoluci\u00f3n podr\u00eda entrar en la n\u00f3mina de los citados para el pr\u00f3ximo duelo.<\/p>\n<p>De esta manera, comienza a tomar forma una nueva fecha para el campe\u00f3n, que dicho sea de paso fue seleccionado como el Mejor Equipo Chileno del 2014, por la Federaci\u00f3n Internacional de Historia y Estad\u00edstica del F\u00fatbol (IFFHS).\u00a0 La U aparece en el lugar 71 de la lista, liderada por el Real Madrid.<\/p>\n<p>&nbsp;<\/p>\n","protected":false},"excerpt":{"rendered":"<p>Una mala noticia se conoci\u00f3 esta ma\u00f1ana para Universidad de Chile. Se trata del delantero Gustavo Canales, quien tras problemas en su tobillo derecho fue descartado del importante partido de este s\u00e1bado ante Santiago Wanderers.<\/p>\n","protected":false},"author":21383,"featured_media":5794,"comment_status":"closed","ping_status":"open","sticky":false,"template":"","format":"standard","meta":{"footnotes":""},"categories":[18],"tags":[454,360],"class_list":{"0":"post-6750","1":"post","2":"type-post","3":"status-publish","4":"format-standard","5":"has-post-thumbnail","7":"category-actualidad","8":"tag-actualidad","9":"tag-portada-canales"},"_links":{"self":[{"href":"https:\/\/www.rincondelbulla.cl\/portal\/wp-json\/wp\/v2\/posts\/6750","targetHints":{"allow":["GET"]}}],"collection":[{"href":"https:\/\/www.rincondelbulla.cl\/portal\/wp-json\/wp\/v2\/posts"}],"about":[{"href":"https:\/\/www.rincondelbulla.cl\/portal\/wp-json\/wp\/v2\/types\/post"}],"author":[{"embeddable":true,"href":"https:\/\/www.rincondelbulla.cl\/portal\/wp-json\/wp\/v2\/users\/21383"}],"replies":[{"embeddable":true,"href":"https:\/\/www.rincondelbulla.cl\/portal\/wp-json\/wp\/v2\/comments?post=6750"}],"version-history":[{"count":2,"href":"https:\/\/www.rincondelbulla.cl\/portal\/wp-json\/wp\/v2\/posts\/6750\/revisions"}],"predecessor-version":[{"id":6770,"href":"https:\/\/www.rincondelbulla.cl\/portal\/wp-json\/wp\/v2\/posts\/6750\/revisions\/6770"}],"wp:featuredmedia":[{"embeddable":true,"href":"https:\/\/www.rincondelbulla.cl\/portal\/wp-json\/wp\/v2\/media\/5794"}],"wp:attachment":[{"href":"https:\/\/www.rincondelbulla.cl\/portal\/wp-json\/wp\/v2\/media?parent=6750"}],"wp:term":[{"taxonomy":"category","embeddable":true,"href":"https:\/\/www.rincondelbulla.cl\/portal\/wp-json\/wp\/v2\/categories?post=6750"},{"taxonomy":"post_tag","embeddable":true,"href":"https:\/\/www.rincondelbulla.cl\/portal\/wp-json\/wp\/v2\/tags?post=6750"}],"curies":[{"name":"wp","href":"https:\/\/api.w.org\/{rel}","templated":true}]}}