{"id":6806,"date":"2015-01-21T01:16:52","date_gmt":"2015-01-21T01:16:52","guid":{"rendered":"http:\/\/www.rincondelbulla.cl\/portal\/?p=6806"},"modified":"2015-01-21T01:17:27","modified_gmt":"2015-01-21T01:17:27","slug":"mathias-corujo-se-pierde-los-3-primeros-duelos-coperos","status":"publish","type":"post","link":"https:\/\/www.rincondelbulla.cl\/portal\/2015\/01\/21\/mathias-corujo-se-pierde-los-3-primeros-duelos-coperos\/","title":{"rendered":"Mathias Corujo se pierde los 3 primeros duelos coperos"},"content":{"rendered":"<figure id=\"attachment_6235\" aria-describedby=\"caption-attachment-6235\" style=\"width: 1100px\" class=\"wp-caption aligncenter\"><a href=\"http:\/\/www.rincondelbulla.cl\/portal\/wp-content\/uploads\/2014\/11\/mathias_corujo3.jpg\"><img loading=\"lazy\" decoding=\"async\" class=\"size-full wp-image-6235\" src=\"http:\/\/www.rincondelbulla.cl\/portal\/wp-content\/uploads\/2014\/11\/mathias_corujo3.jpg\" alt=\"El Chiche se pierde el debuto copero con los azules - Foto: Patricio Gonz\u00e1lez\" width=\"1100\" height=\"700\" srcset=\"https:\/\/www.rincondelbulla.cl\/portal\/wp-content\/uploads\/2014\/11\/mathias_corujo3.jpg 1100w, https:\/\/www.rincondelbulla.cl\/portal\/wp-content\/uploads\/2014\/11\/mathias_corujo3-300x191.jpg 300w, https:\/\/www.rincondelbulla.cl\/portal\/wp-content\/uploads\/2014\/11\/mathias_corujo3-768x489.jpg 768w, https:\/\/www.rincondelbulla.cl\/portal\/wp-content\/uploads\/2014\/11\/mathias_corujo3-696x443.jpg 696w, https:\/\/www.rincondelbulla.cl\/portal\/wp-content\/uploads\/2014\/11\/mathias_corujo3-1068x680.jpg 1068w, https:\/\/www.rincondelbulla.cl\/portal\/wp-content\/uploads\/2014\/11\/mathias_corujo3-660x420.jpg 660w\" sizes=\"auto, (max-width: 1100px) 100vw, 1100px\" \/><\/a><figcaption id=\"caption-attachment-6235\" class=\"wp-caption-text\">El Chiche se pierde el debuto copero con los azules &#8211; Foto: Patricio Gonz\u00e1lez<\/figcaption><\/figure>\n<p class=\"p1\"><strong><span class=\"s1\">El lateral de los azules fue expulsado en la edici\u00f3n pasada de la Copa Libertadores de Am\u00e9rica cuando defend\u00eda los colores de Cerro Porte\u00f1o.<\/span><\/strong><!--more--><\/p>\n<p class=\"p1\"><span class=\"s1\">Primero de mayo del 2014 y se enfrentaban Cerro Porte\u00f1o con Cruzeiro, minuto 86 y el actual lateral y figura de los azules era expulsado en la partido que marcar\u00eda la eliminaci\u00f3n de su anterior equipo en la fase de octavos de final del torneo continetal<\/span><\/p>\n<p class=\"p1\"><span class=\"s1\">Esta expulsi\u00f3n le costar\u00e1 al \u201cChiche\u201d perderse los primeros tres duelos de la edici\u00f3n 2015 del torneo continental, es decir el charr\u00faa no podr\u00e1 estar en los duelos frente a <strong>Emelec<\/strong> en el Estadio Nacional <strong>(17 de febrero)<\/strong>, <strong>Inter de Porto Alegre en Brasil (26 de febrero)<\/strong> y ante el ganador de la llave entre <strong>Morelia y The Strongest (5 de marzo en Santiago). <\/strong><\/span><\/p>\n<p class=\"p1\"><span class=\"s1\">De esta forma Mart\u00edn Lasarte deber\u00eda pensar en alg\u00fan sustitu\u00ed para quien se ha transformado en un elemento fundamental en la zaga y ataque de los azules, de todos modos, Benjam\u00edn Vidal ser\u00eda el beneficiado.<\/span><\/p>\n","protected":false},"excerpt":{"rendered":"<p>El lateral de los azules fue expulsado en la edici\u00f3n pasada de la Copa Libertadores de Am\u00e9rica cuando defend\u00eda los colores de Cerro Porte\u00f1o.<\/p>\n","protected":false},"author":56,"featured_media":6235,"comment_status":"closed","ping_status":"open","sticky":false,"template":"","format":"standard","meta":{"footnotes":""},"categories":[18],"tags":[454,314,320,280,156],"class_list":{"0":"post-6806","1":"post","2":"type-post","3":"status-publish","4":"format-standard","5":"has-post-thumbnail","7":"category-actualidad","8":"tag-actualidad","9":"tag-breves","10":"tag-copa-libertadores-2015","11":"tag-corujo","12":"tag-universidad-de-chile"},"_links":{"self":[{"href":"https:\/\/www.rincondelbulla.cl\/portal\/wp-json\/wp\/v2\/posts\/6806","targetHints":{"allow":["GET"]}}],"collection":[{"href":"https:\/\/www.rincondelbulla.cl\/portal\/wp-json\/wp\/v2\/posts"}],"about":[{"href":"https:\/\/www.rincondelbulla.cl\/portal\/wp-json\/wp\/v2\/types\/post"}],"author":[{"embeddable":true,"href":"https:\/\/www.rincondelbulla.cl\/portal\/wp-json\/wp\/v2\/users\/56"}],"replies":[{"embeddable":true,"href":"https:\/\/www.rincondelbulla.cl\/portal\/wp-json\/wp\/v2\/comments?post=6806"}],"version-history":[{"count":1,"href":"https:\/\/www.rincondelbulla.cl\/portal\/wp-json\/wp\/v2\/posts\/6806\/revisions"}],"predecessor-version":[{"id":6807,"href":"https:\/\/www.rincondelbulla.cl\/portal\/wp-json\/wp\/v2\/posts\/6806\/revisions\/6807"}],"wp:featuredmedia":[{"embeddable":true,"href":"https:\/\/www.rincondelbulla.cl\/portal\/wp-json\/wp\/v2\/media\/6235"}],"wp:attachment":[{"href":"https:\/\/www.rincondelbulla.cl\/portal\/wp-json\/wp\/v2\/media?parent=6806"}],"wp:term":[{"taxonomy":"category","embeddable":true,"href":"https:\/\/www.rincondelbulla.cl\/portal\/wp-json\/wp\/v2\/categories?post=6806"},{"taxonomy":"post_tag","embeddable":true,"href":"https:\/\/www.rincondelbulla.cl\/portal\/wp-json\/wp\/v2\/tags?post=6806"}],"curies":[{"name":"wp","href":"https:\/\/api.w.org\/{rel}","templated":true}]}}