{"id":6810,"date":"2015-01-22T17:41:24","date_gmt":"2015-01-22T17:41:24","guid":{"rendered":"http:\/\/www.rincondelbulla.cl\/portal\/?p=6810"},"modified":"2015-01-22T17:41:24","modified_gmt":"2015-01-22T17:41:24","slug":"martin-lasarte-espera-contar-con-todo-el-plantel-para-la-proxima-fecha","status":"publish","type":"post","link":"https:\/\/www.rincondelbulla.cl\/portal\/2015\/01\/22\/martin-lasarte-espera-contar-con-todo-el-plantel-para-la-proxima-fecha\/","title":{"rendered":"Mart\u00edn Lasarte espera contar con todo el plantel para la pr\u00f3xima fecha"},"content":{"rendered":"<figure id=\"attachment_6754\" aria-describedby=\"caption-attachment-6754\" style=\"width: 1100px\" class=\"wp-caption aligncenter\"><a href=\"http:\/\/www.rincondelbulla.cl\/portal\/wp-content\/uploads\/2015\/01\/martin13.jpg\"><img loading=\"lazy\" decoding=\"async\" class=\"size-full wp-image-6754\" src=\"http:\/\/www.rincondelbulla.cl\/portal\/wp-content\/uploads\/2015\/01\/martin13.jpg\" alt=\"Foto: Claudio C\u00e1ceres\" width=\"1100\" height=\"700\" srcset=\"https:\/\/www.rincondelbulla.cl\/portal\/wp-content\/uploads\/2015\/01\/martin13.jpg 1100w, https:\/\/www.rincondelbulla.cl\/portal\/wp-content\/uploads\/2015\/01\/martin13-300x191.jpg 300w, https:\/\/www.rincondelbulla.cl\/portal\/wp-content\/uploads\/2015\/01\/martin13-768x489.jpg 768w, https:\/\/www.rincondelbulla.cl\/portal\/wp-content\/uploads\/2015\/01\/martin13-696x443.jpg 696w, https:\/\/www.rincondelbulla.cl\/portal\/wp-content\/uploads\/2015\/01\/martin13-1068x680.jpg 1068w, https:\/\/www.rincondelbulla.cl\/portal\/wp-content\/uploads\/2015\/01\/martin13-660x420.jpg 660w\" sizes=\"auto, (max-width: 1100px) 100vw, 1100px\" \/><\/a><figcaption id=\"caption-attachment-6754\" class=\"wp-caption-text\">Foto: Claudio C\u00e1ceres<\/figcaption><\/figure>\n<p>&nbsp;<\/p>\n<p class=\"p1\"><strong><span class=\"s1\">En conferencia de prensa ofrecida en el CDA, el t\u00e9cnico de los azules se refiri\u00f3 al futuro de Universidad de chile y c\u00f3mo espera enfrentar esta temporada, habl\u00f3 de la selecci\u00f3n y un peque\u00f1o incidente con la prensa.<\/span><\/strong><!--more--><\/p>\n<p class=\"p1\">Mart\u00edn Lasarte atendi\u00f3 a los medios de prensa en el Centro Deportivo Azul, en una extensa conferencia de prensa el t\u00e9cnico charr\u00faa se refiri\u00f3 a c\u00f3mo han estado trabajando durante esta semana que no habr\u00e1 competencia para lograr recu\u00e8rar a todo el plantel, de esta forma enfrentar a Deportes Antofagasta con un equipo sin lesioonados<\/p>\n<p class=\"p1\"><span class=\"s1\">Sobre el trabajo de recuperaci\u00f3n de los lesionados, Lasarte se\u00f1al\u00f3 <strong>\u201cSebastian Ubilla est\u00e1 haciendo todos los trabajos que hace el resto. Lo he visto bien. Gustavo Canales viene m\u00e1s atrasado, pero est\u00e1 empezando a salir a hacer trote. La ilusi\u00f3n es que Ubilla est\u00e9 tomado en cuenta para el pr\u00f3ximo partido y Gustavo comience a hacer trabajo normal\u201d<\/strong>.<\/span><\/p>\n<p class=\"p1\"><span class=\"s1\">En relaci\u00f3n a al competici\u00f3n nacional y a la preparaci\u00f3n que se est\u00e1 haciendo durante el receso por el duelo de la selecci\u00f3n nacional, Mart\u00edn Lasarte a\u00f1adi\u00f3, <strong>\u201csiempre que hay un per\u00edodo de receso se intenta dar un poco m\u00e1s de actividad y de trabajos espec\u00edficos a los futbolistas, esto entendiendo el escaso trabajo que pudimos realizar de cara a la primera fecha del campeonato. Tambi\u00e9n nos estamos preparando para la Copa Libertadores, lo que te demanda algo distinto y para lo que estamos entrenando\u201d<\/strong>.<\/span><\/p>\n<p class=\"p1\"><strong><span class=\"s1\">SELECCI\u00d3N CHILENA<\/span><\/strong><\/p>\n<p class=\"p1\"><span class=\"s1\">Mart\u00edn Lasarte confes\u00f3 que siente muy orgulloso que parte de jugadores de Universidad de Chile sean considerandos por Jorge Sampaoli para defender a la selecci\u00f3n, <strong>\u00abes un honor aportar varios futbolistas a la selecci\u00f3n<\/strong>\u2026 <strong>El f\u00fatbol es el rey de los deportes colectivos y cuando hay una nominaci\u00f3n a una persona, hay una felicitaci\u00f3n a lo colectivo<\/strong>. Es una linda responsabilidad y un privilegio. Lo que venga, no creo que hayan m\u00e1s opciones como \u00e9sta. No nos va a complicar mucho en ese sentido\u201d, se\u00f1al\u00f3.<\/span><\/p>\n<p class=\"p1\"><span class=\"s1\">Tambi\u00e9n tuvo palabras a un posible desgaste f\u00edsico que sufran los jugadores convocados para La Roja, <strong>\u201clo dem\u00e1s, lo que entrenen en la selecci\u00f3n, ser\u00e1 lo que entrenen ac\u00e1. En ese aspecto, no nos preocupa<\/strong>. Sobre el partido y cu\u00e1ntos minutos jueguen, es eso, como jugar un partido internacional de Copa a mitad de semana y luego el de la liga\u201d.<\/span><\/p>\n<p class=\"p1\"><strong><span class=\"s1\">SANCI\u00d3N DE CORUJO<\/span><\/strong><\/p>\n<p class=\"p1\"><span class=\"s1\"> Al ser consultado por la sanci\u00f3n que pesa sobre Mathias Corujo, quien no podr\u00e1 estar en los primeros tres duelos de la Copa Libertadores, \u201cMachete\u201d se\u00f1al\u00f3, <strong>\u00abestaba considerada y planificamos los primeros partidos sin \u00e9l. Es una l\u00e1stima\u201d<\/strong>.<\/span><\/p>\n<p class=\"p1\"><span class=\"s1\">Lasarte ya prepara los cambios respectivos para suplir la ausencia de quien se ha transformado en titular indiscutido en la escuadra universitaria, lo m\u00e1s probable, seg\u00f3 declaraciones de Lasarte, es que Paulo Magalhaes ingrese por Corujo.<\/span><\/p>\n<p class=\"p1\"><strong><span class=\"s1\">INCIDENTE CON LA PRENSA<\/span><\/strong><\/p>\n<p class=\"p1\"><span class=\"s1\">Finalmente, Mart\u00edn Lasarte se refiri\u00f3 a un peque\u00f1o incidente vivido con los periodistas.<\/span><\/p>\n<p class=\"p1\"><span class=\"s1\"> El d\u00eda mi\u00e9rcoles los medios de comunicaci\u00f3n estaban autorizados para tomar im\u00e1genes de los primeros 15 minutos de la pr\u00e1ctica de Universidad de Chile, sin embargo a los pocos minutos de comenzar a graba y tomar fotograf\u00edas, el t\u00e9cnico de los azules hizo expulsar a los medios de comunicaci\u00f3n, <strong>\u00aben algunos tipos de trabajo uno se involucra de una manera ostensible, a viva voz, ese tipo de trabajos al jugador y al t\u00e9cnico no le resulta c\u00f3modo frente a la prensa. Si alguno se sinti\u00f3 pasado a llevar, les pido disculpas, no fue nunca la intenci\u00f3n\u201d<\/strong>, sentenci\u00f3.<\/span><\/p>\n","protected":false},"excerpt":{"rendered":"<p>&nbsp; En conferencia de prensa ofrecida en el CDA, el t\u00e9cnico de los azules se refiri\u00f3 al futuro de Universidad de chile y c\u00f3mo espera enfrentar esta temporada, habl\u00f3 de la selecci\u00f3n y un peque\u00f1o incidente con la prensa.<\/p>\n","protected":false},"author":56,"featured_media":6754,"comment_status":"closed","ping_status":"open","sticky":false,"template":"","format":"standard","meta":{"footnotes":""},"categories":[18],"tags":[454,362,128,258,157,156],"class_list":{"0":"post-6810","1":"post","2":"type-post","3":"status-publish","4":"format-standard","5":"has-post-thumbnail","7":"category-actualidad","8":"tag-actualidad","9":"tag-apertura-2015","10":"tag-copa-libertadores","11":"tag-lasarte","12":"tag-portada","13":"tag-universidad-de-chile"},"_links":{"self":[{"href":"https:\/\/www.rincondelbulla.cl\/portal\/wp-json\/wp\/v2\/posts\/6810","targetHints":{"allow":["GET"]}}],"collection":[{"href":"https:\/\/www.rincondelbulla.cl\/portal\/wp-json\/wp\/v2\/posts"}],"about":[{"href":"https:\/\/www.rincondelbulla.cl\/portal\/wp-json\/wp\/v2\/types\/post"}],"author":[{"embeddable":true,"href":"https:\/\/www.rincondelbulla.cl\/portal\/wp-json\/wp\/v2\/users\/56"}],"replies":[{"embeddable":true,"href":"https:\/\/www.rincondelbulla.cl\/portal\/wp-json\/wp\/v2\/comments?post=6810"}],"version-history":[{"count":1,"href":"https:\/\/www.rincondelbulla.cl\/portal\/wp-json\/wp\/v2\/posts\/6810\/revisions"}],"predecessor-version":[{"id":6811,"href":"https:\/\/www.rincondelbulla.cl\/portal\/wp-json\/wp\/v2\/posts\/6810\/revisions\/6811"}],"wp:featuredmedia":[{"embeddable":true,"href":"https:\/\/www.rincondelbulla.cl\/portal\/wp-json\/wp\/v2\/media\/6754"}],"wp:attachment":[{"href":"https:\/\/www.rincondelbulla.cl\/portal\/wp-json\/wp\/v2\/media?parent=6810"}],"wp:term":[{"taxonomy":"category","embeddable":true,"href":"https:\/\/www.rincondelbulla.cl\/portal\/wp-json\/wp\/v2\/categories?post=6810"},{"taxonomy":"post_tag","embeddable":true,"href":"https:\/\/www.rincondelbulla.cl\/portal\/wp-json\/wp\/v2\/tags?post=6810"}],"curies":[{"name":"wp","href":"https:\/\/api.w.org\/{rel}","templated":true}]}}