{"id":6821,"date":"2015-01-27T17:15:04","date_gmt":"2015-01-27T17:15:04","guid":{"rendered":"http:\/\/www.rincondelbulla.cl\/portal\/?p=6821"},"modified":"2015-01-27T21:09:07","modified_gmt":"2015-01-27T21:09:07","slug":"hablo-martinez-tras-amistoso-en-el-cda-donde-debuto-maxi-rodriguez","status":"publish","type":"post","link":"https:\/\/www.rincondelbulla.cl\/portal\/2015\/01\/27\/hablo-martinez-tras-amistoso-en-el-cda-donde-debuto-maxi-rodriguez\/","title":{"rendered":"Hablo Mart\u00ednez tras amistoso en el CDA donde debut\u00f3 Maxi Rodriguez"},"content":{"rendered":"<figure id=\"attachment_6086\" aria-describedby=\"caption-attachment-6086\" style=\"width: 1100px\" class=\"wp-caption alignnone\"><a href=\"http:\/\/www.rincondelbulla.cl\/portal\/wp-content\/uploads\/2014\/11\/sebastian_martinez.jpg\"><img loading=\"lazy\" decoding=\"async\" class=\"size-full wp-image-6086\" src=\"http:\/\/www.rincondelbulla.cl\/portal\/wp-content\/uploads\/2014\/11\/sebastian_martinez.jpg\" alt=\"Sebasti\u00e1n Mart\u00ednez super\u00f3 su lesi\u00f3m Foto: Patricio Gonz\u00e1lez\" width=\"1100\" height=\"700\" srcset=\"https:\/\/www.rincondelbulla.cl\/portal\/wp-content\/uploads\/2014\/11\/sebastian_martinez.jpg 1100w, https:\/\/www.rincondelbulla.cl\/portal\/wp-content\/uploads\/2014\/11\/sebastian_martinez-300x191.jpg 300w, https:\/\/www.rincondelbulla.cl\/portal\/wp-content\/uploads\/2014\/11\/sebastian_martinez-768x489.jpg 768w, https:\/\/www.rincondelbulla.cl\/portal\/wp-content\/uploads\/2014\/11\/sebastian_martinez-696x443.jpg 696w, https:\/\/www.rincondelbulla.cl\/portal\/wp-content\/uploads\/2014\/11\/sebastian_martinez-1068x680.jpg 1068w, https:\/\/www.rincondelbulla.cl\/portal\/wp-content\/uploads\/2014\/11\/sebastian_martinez-660x420.jpg 660w\" sizes=\"auto, (max-width: 1100px) 100vw, 1100px\" \/><\/a><figcaption id=\"caption-attachment-6086\" class=\"wp-caption-text\">Sebasti\u00e1n Mart\u00ednez super\u00f3 su lesi\u00f3m Foto: Patricio Gonz\u00e1lez<\/figcaption><\/figure>\n<p><strong>El debut de Maxi Rodriguez y el regreso del \u201cConejo\u201d Ubilla marcaron el partido amistoso en la pr\u00e1ctica matinal en el CDA, despu\u00e9s del encuentro el \u201cchinito\u201d Martinez habl\u00f3 en conferencia de prensa.<\/strong><!--more--><\/p>\n<p>&nbsp;<\/p>\n<p>El d\u00eda de hoy \u201cMachete\u201d decidi\u00f3 jugar un duelo amistoso con los vecinos, el elenco de \u201cPalestino\u201d. El encuentro que sirvi\u00f3 para ver la reaparici\u00f3n de Ubilla y el debut futbol\u00edstico de Maximiliano Rodriguez. En el encuentro se impusieron los azules por 3-2. La gloriosa form\u00f3 con:<strong> Miguel Jim\u00e9nez;Paulo Magalhaes, Bryan Cort\u00e9s, Benjam\u00edn Vidal, Joao Ort\u00edz; Fabi\u00e1n Carmona, Sebasti\u00e1n Mart\u00ednez, Ram\u00f3n Fern\u00e1ndez; Sebasti\u00e1n Ubilla, Maximiliano Rodr\u00edguez, C\u00e9sar Cort\u00e9s.<\/strong><\/p>\n<p>En el amistoso se le vio muy recuperado a Sebasti\u00e1n Ubilla quien no jugaba desde el 1 de Noviembre del a\u00f1o pasado, tanto as\u00ed que marc\u00f3 el segundo gol Universitario, los otros dos fueron obra de Carmona y Cort\u00e9s respectivamente. En tanto el charrua Maximiliano Rodriguez tuvo un muy buen debut, donde se asoci\u00f3 de muy buena manera con Ram\u00f3n Fern\u00e1ndez, entregandole velocidad y muy buena pegada al medio terreno azul.<\/p>\n<p><strong>Hablo Mart\u00ednez<\/strong><\/p>\n<p>Otro de los recuperados en el amistoso fue Sebasti\u00e1n Mart\u00ednez, quien una vez terminados los 70 minutos (35 minutos por lado) enfrento a los micr\u00f3fonos en la sala de prensa del CDA.<\/p>\n<p>\u00abMe he sentido bien f\u00edsicamente, estoy esperando poder comenzar a jugar para sumar minutos en partidos oficiales\u201d Comenz\u00f3 diciendo el Volante de Corte Azul, para continuar ahondando sobre la competencia que hay en el puesto <strong>\u00abGuzm\u00e1n Pereira se nota que es un gran jugador, lo ha demostrado, lo mismo Gonzalo Espinoza, que no por nada est\u00e1 en la Selecci\u00f3n, ser\u00e1 un linda pelea, una competencia sana por el puesto que en cualquier equipo es beneficiosa\u00bb<\/strong> Asever\u00f3 Mart\u00ednez.<\/p>\n<p>Sobre el Amistoso jugado frente a los \u00e1rabes el volante formado en el caracol azul dijo: \u201chicimos un buen partido. Nos sirvi\u00f3 para sumar minutos, especialmente a los que no ven\u00edamos jugando. Todos necesitamos hacer f\u00fatbol, pues se vienen dos frentes y es importante que estemos todos preparados\u00bb terminando la conferencia.<\/p>\n","protected":false},"excerpt":{"rendered":"<p>El debut de Maxi Rodriguez y el regreso del \u201cConejo\u201d Ubilla marcaron el partido amistoso en la pr\u00e1ctica matinal en el CDA, despu\u00e9s del encuentro el \u201cchinito\u201d Martinez habl\u00f3 en conferencia de prensa.<\/p>\n","protected":false},"author":21381,"featured_media":6086,"comment_status":"closed","ping_status":"open","sticky":false,"template":"","format":"standard","meta":{"footnotes":""},"categories":[18],"tags":[363,346,109],"class_list":{"0":"post-6821","1":"post","2":"type-post","3":"status-publish","4":"format-standard","5":"has-post-thumbnail","7":"category-actualidad","8":"tag-amistos","9":"tag-maxi-rodriguez","10":"tag-sebastian-martinez"},"_links":{"self":[{"href":"https:\/\/www.rincondelbulla.cl\/portal\/wp-json\/wp\/v2\/posts\/6821","targetHints":{"allow":["GET"]}}],"collection":[{"href":"https:\/\/www.rincondelbulla.cl\/portal\/wp-json\/wp\/v2\/posts"}],"about":[{"href":"https:\/\/www.rincondelbulla.cl\/portal\/wp-json\/wp\/v2\/types\/post"}],"author":[{"embeddable":true,"href":"https:\/\/www.rincondelbulla.cl\/portal\/wp-json\/wp\/v2\/users\/21381"}],"replies":[{"embeddable":true,"href":"https:\/\/www.rincondelbulla.cl\/portal\/wp-json\/wp\/v2\/comments?post=6821"}],"version-history":[{"count":5,"href":"https:\/\/www.rincondelbulla.cl\/portal\/wp-json\/wp\/v2\/posts\/6821\/revisions"}],"predecessor-version":[{"id":6827,"href":"https:\/\/www.rincondelbulla.cl\/portal\/wp-json\/wp\/v2\/posts\/6821\/revisions\/6827"}],"wp:featuredmedia":[{"embeddable":true,"href":"https:\/\/www.rincondelbulla.cl\/portal\/wp-json\/wp\/v2\/media\/6086"}],"wp:attachment":[{"href":"https:\/\/www.rincondelbulla.cl\/portal\/wp-json\/wp\/v2\/media?parent=6821"}],"wp:term":[{"taxonomy":"category","embeddable":true,"href":"https:\/\/www.rincondelbulla.cl\/portal\/wp-json\/wp\/v2\/categories?post=6821"},{"taxonomy":"post_tag","embeddable":true,"href":"https:\/\/www.rincondelbulla.cl\/portal\/wp-json\/wp\/v2\/tags?post=6821"}],"curies":[{"name":"wp","href":"https:\/\/api.w.org\/{rel}","templated":true}]}}