{"id":6869,"date":"2015-02-03T04:52:51","date_gmt":"2015-02-03T04:52:51","guid":{"rendered":"http:\/\/www.rincondelbulla.cl\/portal\/?p=6869"},"modified":"2016-02-25T13:41:10","modified_gmt":"2016-02-25T13:41:10","slug":"la-previa-ante-iquique-ganar-o-ganar-es-la-consigna","status":"publish","type":"post","link":"https:\/\/www.rincondelbulla.cl\/portal\/2015\/02\/03\/la-previa-ante-iquique-ganar-o-ganar-es-la-consigna\/","title":{"rendered":"La previa: Ante Iquique, ganar o ganar es la consigna"},"content":{"rendered":"<figure id=\"attachment_5559\" aria-describedby=\"caption-attachment-5559\" style=\"width: 1100px\" class=\"wp-caption alignnone\"><a href=\"http:\/\/www.rincondelbulla.cl\/portal\/wp-content\/uploads\/2014\/09\/vsiquique.jpg\"><img loading=\"lazy\" decoding=\"async\" class=\"size-full wp-image-5559\" src=\"http:\/\/www.rincondelbulla.cl\/portal\/wp-content\/uploads\/2014\/09\/vsiquique.jpg\" alt=\"La &quot;U&quot; se juega una de sus \u00faltimas chances ante Iquique.\" width=\"1100\" height=\"700\" srcset=\"https:\/\/www.rincondelbulla.cl\/portal\/wp-content\/uploads\/2014\/09\/vsiquique.jpg 1100w, https:\/\/www.rincondelbulla.cl\/portal\/wp-content\/uploads\/2014\/09\/vsiquique-300x191.jpg 300w, https:\/\/www.rincondelbulla.cl\/portal\/wp-content\/uploads\/2014\/09\/vsiquique-768x489.jpg 768w, https:\/\/www.rincondelbulla.cl\/portal\/wp-content\/uploads\/2014\/09\/vsiquique-696x443.jpg 696w, https:\/\/www.rincondelbulla.cl\/portal\/wp-content\/uploads\/2014\/09\/vsiquique-1068x680.jpg 1068w, https:\/\/www.rincondelbulla.cl\/portal\/wp-content\/uploads\/2014\/09\/vsiquique-660x420.jpg 660w\" sizes=\"auto, (max-width: 1100px) 100vw, 1100px\" \/><\/a><figcaption id=\"caption-attachment-5559\" class=\"wp-caption-text\">La \u00abU\u00bb se juega una de sus \u00faltimas chances ante Iquique.<\/figcaption><\/figure>\n<p><strong>La \u201cU\u201d est\u00e1 obligada a ganar si quiere seguir con vida en el torneo, ya que con una derrota hipotecar\u00eda claramente sus chances.<\/strong><!--more--><\/p>\n<p>Desde las 19:30 horas con el arbitraje de Eduardo Gamboa, Universidad de Chile enfrentar\u00e1 a Deportes Iquique en el Nacional. Los azules tendr\u00e1n la obligaci\u00f3n de obtener los tres puntos, ya que con la pasada derrota ante Antofagasta quedaron con apenas cuatro puntos de doce posibles, ubic\u00e1ndose duod\u00e9cimo a ocho puntos del l\u00edder.<\/p>\n<p>En frente estar\u00e1 un cuadro celeste que se ubica noveno con seis puntos tras imponerse ante Wanderers como local en la fecha pasada.<\/p>\n<p><strong>Formaci\u00f3n de la \u201cU\u201d<\/strong><\/p>\n<p>No habr\u00e1 grandes novedades en el once azul. Gustavo Canales podr\u00eda ser incorporado a \u00faltimo minuto, pero hasta ahora todo indica que Lasarte repetir\u00eda la formaci\u00f3n que jug\u00f3 contra Antofagasta. Adem\u00e1s, Roberto Cereceda ir\u00eda a la banca.<\/p>\n<p>De esta manera, la \u201cU\u201d saldr\u00eda a la cancha con Johnny Herrera; Math\u00edas Corujo, Osvaldo Gonz\u00e1lez, Benjam\u00edn Vidal, Jos\u00e9 Rojas; Guzm\u00e1n Pereira, Gonzalo Espinoza, Gustavo Lorenzetti; Sebasti\u00e1n Ubilla, Leandro Benegas y Enzo Guti\u00e9rrez.<\/p>\n<p><strong>Historial y estad\u00edsticas<\/strong><\/p>\n<p>La \u00faltima vez que azules y celestes se enfrentaron fue el 15 de agosto del a\u00f1o pasado en el estadio El\u00edas Figueroa de Valpara\u00edso. Aquella vez fue empate 2-2 con anotaciones de Ram\u00f3n Fern\u00e1ndez y Gustavo Canales.<\/p>\n<p>En tanto, en el Estadio Nacional no se enfrentan desde el 22 de diciembre de 2013 por la liguilla clasificatoria a la Libertadores. Fue triunfo por 4-0 para la \u201cU\u201d, con anotaciones de Ram\u00f3n Fern\u00e1ndez, Charles Ar\u00e1nguiz, y dos de Isaac D\u00edaz.<\/p>\n<p>En cuanto al historial, de 38 partidos por torneos nacionales, la \u201cU\u201d se impuso en 16, empat\u00f3 en 16 y cay\u00f3 en 6, con 59 goles a favor, 35 en contra y un 63% de rendimiento.<\/p>\n<p><strong>Venta de entradas y transmisi\u00f3n<\/strong><\/p>\n<p>Las entradas se venden a trav\u00e9s del sistema puntoticket.cl. Tambi\u00e9n se pueden adquirir en Tiendas Hites. En tanto, quienes compren galer\u00eda, deber\u00e1n retirarla en boleter\u00edas del Nacional o en tiendas Hites. Quienes compren galer\u00eda en regiones, deben retirar en Cinemark.<\/p>\n<p>Los precios son: Ni\u00f1o $4.000, Galer\u00eda norte y sur $6.000, Andes $10.000, Pac\u00edfico lateral sur $18.000, Fuera Marquesina $25.000 y Bajo Marquesina $40.000.<\/p>\n<p>El partido ser\u00e1 transmitido en vivo por CDF Premium y CDF HD, como tambi\u00e9n podr\u00e1s seguir el minuto a minuto en el fan page de Rinc\u00f3n del Bulla.<\/p>\n","protected":false},"excerpt":{"rendered":"<p>La \u201cU\u201d est\u00e1 obligada a ganar si quiere seguir con vida en el torneo, ya que con una derrota hipotecar\u00eda claramente sus chances.<\/p>\n","protected":false},"author":21380,"featured_media":5559,"comment_status":"closed","ping_status":"open","sticky":false,"template":"","format":"standard","meta":{"footnotes":""},"categories":[18,1],"tags":[454,37,157],"class_list":{"0":"post-6869","1":"post","2":"type-post","3":"status-publish","4":"format-standard","5":"has-post-thumbnail","7":"category-actualidad","8":"category-sin-categoria","9":"tag-actualidad","10":"tag-la-previa","11":"tag-portada"},"_links":{"self":[{"href":"https:\/\/www.rincondelbulla.cl\/portal\/wp-json\/wp\/v2\/posts\/6869","targetHints":{"allow":["GET"]}}],"collection":[{"href":"https:\/\/www.rincondelbulla.cl\/portal\/wp-json\/wp\/v2\/posts"}],"about":[{"href":"https:\/\/www.rincondelbulla.cl\/portal\/wp-json\/wp\/v2\/types\/post"}],"author":[{"embeddable":true,"href":"https:\/\/www.rincondelbulla.cl\/portal\/wp-json\/wp\/v2\/users\/21380"}],"replies":[{"embeddable":true,"href":"https:\/\/www.rincondelbulla.cl\/portal\/wp-json\/wp\/v2\/comments?post=6869"}],"version-history":[{"count":1,"href":"https:\/\/www.rincondelbulla.cl\/portal\/wp-json\/wp\/v2\/posts\/6869\/revisions"}],"predecessor-version":[{"id":6870,"href":"https:\/\/www.rincondelbulla.cl\/portal\/wp-json\/wp\/v2\/posts\/6869\/revisions\/6870"}],"wp:featuredmedia":[{"embeddable":true,"href":"https:\/\/www.rincondelbulla.cl\/portal\/wp-json\/wp\/v2\/media\/5559"}],"wp:attachment":[{"href":"https:\/\/www.rincondelbulla.cl\/portal\/wp-json\/wp\/v2\/media?parent=6869"}],"wp:term":[{"taxonomy":"category","embeddable":true,"href":"https:\/\/www.rincondelbulla.cl\/portal\/wp-json\/wp\/v2\/categories?post=6869"},{"taxonomy":"post_tag","embeddable":true,"href":"https:\/\/www.rincondelbulla.cl\/portal\/wp-json\/wp\/v2\/tags?post=6869"}],"curies":[{"name":"wp","href":"https:\/\/api.w.org\/{rel}","templated":true}]}}