{"id":6872,"date":"2015-02-04T05:14:22","date_gmt":"2015-02-04T05:14:22","guid":{"rendered":"http:\/\/www.rincondelbulla.cl\/portal\/?p=6872"},"modified":"2015-02-04T05:19:37","modified_gmt":"2015-02-04T05:19:37","slug":"las-explicaciones-son-dificil-de-encontrarlas","status":"publish","type":"post","link":"https:\/\/www.rincondelbulla.cl\/portal\/2015\/02\/04\/las-explicaciones-son-dificil-de-encontrarlas\/","title":{"rendered":"\u201cLas explicaciones son dif\u00edcil de encontrar\u201d"},"content":{"rendered":"<p><a href=\"http:\/\/www.rincondelbulla.cl\/portal\/wp-content\/uploads\/2015\/02\/gus.jpg\"><img loading=\"lazy\" decoding=\"async\" class=\"alignnone size-full wp-image-6873\" src=\"http:\/\/www.rincondelbulla.cl\/portal\/wp-content\/uploads\/2015\/02\/gus.jpg\" alt=\"Foto: Patricio Gonz\u00e1lez\" width=\"960\" height=\"640\" srcset=\"https:\/\/www.rincondelbulla.cl\/portal\/wp-content\/uploads\/2015\/02\/gus.jpg 960w, https:\/\/www.rincondelbulla.cl\/portal\/wp-content\/uploads\/2015\/02\/gus-300x200.jpg 300w, https:\/\/www.rincondelbulla.cl\/portal\/wp-content\/uploads\/2015\/02\/gus-768x512.jpg 768w, https:\/\/www.rincondelbulla.cl\/portal\/wp-content\/uploads\/2015\/02\/gus-696x464.jpg 696w, https:\/\/www.rincondelbulla.cl\/portal\/wp-content\/uploads\/2015\/02\/gus-630x420.jpg 630w\" sizes=\"auto, (max-width: 960px) 100vw, 960px\" \/><\/a><\/p>\n<p><strong>La \u201cU\u201d no levanta cabeza y sum\u00f3 su tercera derrota al hilo. Esta vez el verdugo de los azules fue Iquique y complica el panorama del cuadro de Lasarte, quienes concuerdan en que hay que levantar cabeza. Revisa las declaraciones de los protagonistas tras el partido de ayer.<\/strong><!--more--><\/p>\n<p><strong>\u201cEl Presi\u201d<\/strong><\/p>\n<p>Fiel a su estilo Carlos Heller sali\u00f3 a enfrentar a la prensa a pesar de la adversidad del resultado. \u201cTriste por tener 3 partidos perdidos, fue un partido m\u00e1s correcto, pero nos vamos con una derrota impensada. Hay que poner el pecho en las buenas y en las malas, hay que trabajar esto\u201d.<\/p>\n<p><strong>\u201cEl Chiche\u201d<\/strong><\/p>\n<p>El uruguayo Mathias Corujo reconoce que no ha estado en su mejor nivel pero espera que con rodaje las falencias se pueden solucionar. \u201cTenemos que seguir trabajando y corregir nuestros errores. Creamos muchas situaciones pero no nos alcanz\u00f3. Estamos consiente de lo que debemos mejorar, hay que levantar cabeza\u201d.<\/p>\n<p><strong>\u201cJohnny\u201d<\/strong><\/p>\n<p>No es com\u00fan verlo hablar con la prensa, pero siempre ha salido a dar la cara cuando el equipo lo ha requerido. \u201cHicieron un partido inteligente, tuvimos nuestras chanches pero no estamos finos en todas nuestras l\u00edneas. No tuvimos la cuota de suerte para resolver en el arco rival, y ellos tuvieron un par de contras que en otro minuto podr\u00eda haber salvado, pero hoy no estaba en un d\u00eda con mucha fortuna\u201d.<\/p>\n<p><strong>\u201cEl Machete\u201d<\/strong><\/p>\n<p>Martin Lasarte en su estilo hizo un an\u00e1lisis muy cr\u00edtico y a la vez certero del juego de los azules que por pasajes mereci\u00f3 ganar el partido. \u201cTuvimos un muy buen primer tiempo pero escaso en el resultado. Despu\u00e9s la cosa se emparej\u00f3, pero no supimos mantener la diferencia, quiz\u00e1s por querer acrecentarla o porque el rival con su m\u00e9todo nos tir\u00f3 por el suelo unos 65 minutos de buen juego\u201d.<\/p>\n<p><strong>\u201cCara de Globo\u201d<\/strong><\/p>\n<p>Gustavo Canales reapareci\u00f3 en la oncena titular, a pesar de sus ganas poco pudo hacer ante un equipo que espero a los azules y supo liquidarlo. \u201cNo era lo que esper\u00e1bamos y se pierde un partido en que las explicaciones son dif\u00edcil de encontrar porque se hizo un buen partido, lamentablemente fallamos en las dos \u00e1reas que es un pecado mortal\u201d.<\/p>\n","protected":false},"excerpt":{"rendered":"<p>La \u201cU\u201d no levanta cabeza y sum\u00f3 su tercera derrota al hilo. Esta vez el verdugo de los azules fue Iquique y complica el panorama del cuadro de Lasarte, quienes concuerdan en que hay que levantar cabeza. Revisa las declaraciones de los protagonistas tras el partido de ayer.<\/p>\n","protected":false},"author":65,"featured_media":6873,"comment_status":"closed","ping_status":"open","sticky":false,"template":"","format":"standard","meta":{"footnotes":""},"categories":[18],"tags":[267,366,157,197],"class_list":{"0":"post-6872","1":"post","2":"type-post","3":"status-publish","4":"format-standard","5":"has-post-thumbnail","7":"category-actualidad","8":"tag-declaraciones","9":"tag-iquique","10":"tag-portada","11":"tag-udechile"},"_links":{"self":[{"href":"https:\/\/www.rincondelbulla.cl\/portal\/wp-json\/wp\/v2\/posts\/6872","targetHints":{"allow":["GET"]}}],"collection":[{"href":"https:\/\/www.rincondelbulla.cl\/portal\/wp-json\/wp\/v2\/posts"}],"about":[{"href":"https:\/\/www.rincondelbulla.cl\/portal\/wp-json\/wp\/v2\/types\/post"}],"author":[{"embeddable":true,"href":"https:\/\/www.rincondelbulla.cl\/portal\/wp-json\/wp\/v2\/users\/65"}],"replies":[{"embeddable":true,"href":"https:\/\/www.rincondelbulla.cl\/portal\/wp-json\/wp\/v2\/comments?post=6872"}],"version-history":[{"count":2,"href":"https:\/\/www.rincondelbulla.cl\/portal\/wp-json\/wp\/v2\/posts\/6872\/revisions"}],"predecessor-version":[{"id":6875,"href":"https:\/\/www.rincondelbulla.cl\/portal\/wp-json\/wp\/v2\/posts\/6872\/revisions\/6875"}],"wp:featuredmedia":[{"embeddable":true,"href":"https:\/\/www.rincondelbulla.cl\/portal\/wp-json\/wp\/v2\/media\/6873"}],"wp:attachment":[{"href":"https:\/\/www.rincondelbulla.cl\/portal\/wp-json\/wp\/v2\/media?parent=6872"}],"wp:term":[{"taxonomy":"category","embeddable":true,"href":"https:\/\/www.rincondelbulla.cl\/portal\/wp-json\/wp\/v2\/categories?post=6872"},{"taxonomy":"post_tag","embeddable":true,"href":"https:\/\/www.rincondelbulla.cl\/portal\/wp-json\/wp\/v2\/tags?post=6872"}],"curies":[{"name":"wp","href":"https:\/\/api.w.org\/{rel}","templated":true}]}}