{"id":6876,"date":"2015-02-04T17:58:22","date_gmt":"2015-02-04T17:58:22","guid":{"rendered":"http:\/\/www.rincondelbulla.cl\/portal\/?p=6876"},"modified":"2015-02-04T17:59:17","modified_gmt":"2015-02-04T17:59:17","slug":"plantel-asume-el-mal-momento-y-confian-en-sacarlo-adelante","status":"publish","type":"post","link":"https:\/\/www.rincondelbulla.cl\/portal\/2015\/02\/04\/plantel-asume-el-mal-momento-y-confian-en-sacarlo-adelante\/","title":{"rendered":"Plantel asume el mal momento y conf\u00edan en sacarlo adelante"},"content":{"rendered":"<figure id=\"attachment_6877\" aria-describedby=\"caption-attachment-6877\" style=\"width: 1100px\" class=\"wp-caption alignnone\"><a href=\"http:\/\/www.rincondelbulla.cl\/portal\/wp-content\/uploads\/2015\/02\/Pepe.jpg\"><img loading=\"lazy\" decoding=\"async\" class=\"wp-image-6877 size-full\" src=\"http:\/\/www.rincondelbulla.cl\/portal\/wp-content\/uploads\/2015\/02\/Pepe.jpg\" alt=\"&quot;Ganar es lo \u00fanico que te dar\u00e1 una fortaleza en todo sentido&quot;, dijo el capit\u00e1n. Foto: www.rincondelbulla.cl\" width=\"1100\" height=\"733\" srcset=\"https:\/\/www.rincondelbulla.cl\/portal\/wp-content\/uploads\/2015\/02\/Pepe.jpg 1100w, https:\/\/www.rincondelbulla.cl\/portal\/wp-content\/uploads\/2015\/02\/Pepe-300x200.jpg 300w, https:\/\/www.rincondelbulla.cl\/portal\/wp-content\/uploads\/2015\/02\/Pepe-768x512.jpg 768w, https:\/\/www.rincondelbulla.cl\/portal\/wp-content\/uploads\/2015\/02\/Pepe-696x464.jpg 696w, https:\/\/www.rincondelbulla.cl\/portal\/wp-content\/uploads\/2015\/02\/Pepe-1068x712.jpg 1068w, https:\/\/www.rincondelbulla.cl\/portal\/wp-content\/uploads\/2015\/02\/Pepe-630x420.jpg 630w\" sizes=\"auto, (max-width: 1100px) 100vw, 1100px\" \/><\/a><figcaption id=\"caption-attachment-6877\" class=\"wp-caption-text\">\u00abGanar es lo \u00fanico que te dar\u00e1 una fortaleza en todo sentido\u00bb, dijo el capit\u00e1n. Foto: www.rincondelbulla.cl<\/figcaption><\/figure>\n<p><strong>Los tres partidos perdidos al hilo calan hondo en el camar\u00edn azul, pero existe confianza en volver a los triunfos y comenzar a sumar de a tres en el Clausura 2014-2015. Jos\u00e9 Rojas fue quien puso el \u201cpecho a las balas\u201d en el CDA.<\/strong><!--more--><\/p>\n<p>No hay duda que el gol convertido por el ex atacante azul Francisco Castro, este martes vistiendo la camiseta de Deportes Iquique, fue una verdadera pu\u00f1alada para todos quienes aman a la Universidad de Chile. Jugadores e hinchada masticaban una vez m\u00e1s el sabor amargo de la derrota, la tercera seguida.<\/p>\n<p>Pero esto es la \u201cU\u201d y se debe dejar atr\u00e1s esta mala racha para comenzar a sumar de a tres, sin olvidar las ense\u00f1anzas que ha dejado este mal inicio de torneo. Eso lo sabe el plantel y cuerpo t\u00e9cnico, raz\u00f3n por la cual este mi\u00e9rcoles a primera hora retomaron los entrenamientos con la clara y \u00fanica misi\u00f3n de mejorar el juego y comenzar\u00a0 a ganar.<\/p>\n<p>Como en cualquier mal momento, es el capit\u00e1n el \u00faltimo en abandonar. Por esta raz\u00f3n fue Jos\u00e9 Rojas quien sali\u00f3 este mi\u00e9rcoles a \u201cponerle el pecho a las balas\u201d en el CDA y tratar de analizar esta seguidilla de derrotas. <strong>\u00abHay preocupaci\u00f3n, inquietud. No es normal arrancar as\u00ed, no lo esper\u00e1bamos, pero estamos con la fe intacta para salir de esto. La mejor manera es estar unidos y salir de esto como equipo\u201d<\/strong>, asegur\u00f3 de partida el referente azul, agregando que <strong>\u201cganar es lo \u00fanico que te dar\u00e1 una fortaleza en todo sentido\u00bb<\/strong>.<\/p>\n<p>Rojas agreg\u00f3 que pese al mal momento, lo \u00fanico en lo que piensa\u00a0 el equipo es volver a retomar el rendimiento que los llev\u00f3\u00a0 abajar la estrella 17 en el torneo anterior. <strong>\u00abLos resultados est\u00e1n a la vista, pero este plantel tiene una gran fortaleza y est\u00e1 capacitado para salir de esto, para sobreponerse a este mal momento\u00bb<\/strong>, a\u00f1adiendo que es este tipo de situaciones \u00a0<strong>\u00abhay que ser autocr\u00edtico, eso se conversa en el camar\u00edn y queda ah\u00ed, pero cualquier cosa que diga, suena a excusa, y por eso ahora estamos ac\u00e1 poni\u00e9ndole el pecho a la situaci\u00f3n\u00bb<\/strong>.<\/p>\n<p>Sobre el por qu\u00e9 de este mal arranque, el defensa reconoci\u00f3 una cuota de cansancio entre algunos jugadores, que la falta de vacaciones y el corto tiempo entre el fin del campeonato anterior y este deja en evidencia. <strong>\u201cNo hubo una pretemporada como corresponde, hay jugadores que traemos un largo desgaste, pero uno siempre quiere jugar, estar a disposici\u00f3n del t\u00e9cnico y es por eso que tenemos un plantel grande y el cuerpo t\u00e9cnico evaluar\u00e1 hacer cambios\u00bb<\/strong>, explic\u00f3.<\/p>\n<p><strong>\u00bfSE DESPIDEN DEL T\u00cdTULO Y EL BICAMPEONATO?<\/strong><\/p>\n<p>El mal arranque azul muestra que transcurridas solo cinco fechas del Torneo de Clausura 2014-2015, la diferencia con el puntero es de once puntos. La \u201cU\u201d ya ha dejado escapar m\u00e1s puntos que los que cedi\u00f3 el campeonato pasado. Esta situaci\u00f3n hace pensar que la opci\u00f3n de obtener el t\u00edtulo y el bicampeonato se aleja. Sin embargo, el capit\u00e1n apel\u00f3 a la confianza e historia azul, asegurando que la pelea no est\u00e1 perdida y que se luchar\u00e1 hasta el final.<\/p>\n<p><strong>\u201cSi nos ponemos a pensar en los n\u00fameros, tal vez s\u00ed estamos lejos, pero hay una realidad. Por el club y por la calidad de jugadores que hay, no vamos a dar el t\u00edtulo por perdido. Hoy hay que pensar en el campeonato, y aunque est\u00e9 muy lejano, vamos a dar la pelea\u00bb<\/strong>, areng\u00f3 Jos\u00e9 Rojas.<\/p>\n<p>Consultado sobre si este mal inicio de torneo los perjudica de cara al debut en Copa Libertadores, el referente azul reconoci\u00f3 que s\u00ed puede afectar en lo an\u00edmico. <strong>\u00abNo es el arranque que esper\u00e1bamos, y si jugamos as\u00ed en el comienzo de la Copa Libertadores, lo vamos pasar mal. Hay que reponerse r\u00e1pidamente, porque a\u00fan seguimos so\u00f1ando en todo sentido\u00bb<\/strong>, sentenci\u00f3.<\/p>\n","protected":false},"excerpt":{"rendered":"<p>Los tres partidos perdidos al hilo calan hondo en el camar\u00edn azul, pero existe confianza en volver a los triunfos y comenzar a sumar de a tres en el Clausura 2014-2015. Jos\u00e9 Rojas fue quien puso el \u201cpecho a las balas\u201d en el CDA.<\/p>\n","protected":false},"author":21382,"featured_media":6724,"comment_status":"closed","ping_status":"open","sticky":false,"template":"","format":"standard","meta":{"footnotes":""},"categories":[18],"tags":[454,333,320,51,157,356,156],"class_list":{"0":"post-6876","1":"post","2":"type-post","3":"status-publish","4":"format-standard","5":"has-post-thumbnail","7":"category-actualidad","8":"tag-actualidad","9":"tag-clausura-2014-2015","10":"tag-copa-libertadores-2015","11":"tag-jose-rojas","12":"tag-portada","13":"tag-torneo-clausura-2015","14":"tag-universidad-de-chile"},"_links":{"self":[{"href":"https:\/\/www.rincondelbulla.cl\/portal\/wp-json\/wp\/v2\/posts\/6876","targetHints":{"allow":["GET"]}}],"collection":[{"href":"https:\/\/www.rincondelbulla.cl\/portal\/wp-json\/wp\/v2\/posts"}],"about":[{"href":"https:\/\/www.rincondelbulla.cl\/portal\/wp-json\/wp\/v2\/types\/post"}],"author":[{"embeddable":true,"href":"https:\/\/www.rincondelbulla.cl\/portal\/wp-json\/wp\/v2\/users\/21382"}],"replies":[{"embeddable":true,"href":"https:\/\/www.rincondelbulla.cl\/portal\/wp-json\/wp\/v2\/comments?post=6876"}],"version-history":[{"count":2,"href":"https:\/\/www.rincondelbulla.cl\/portal\/wp-json\/wp\/v2\/posts\/6876\/revisions"}],"predecessor-version":[{"id":6879,"href":"https:\/\/www.rincondelbulla.cl\/portal\/wp-json\/wp\/v2\/posts\/6876\/revisions\/6879"}],"wp:featuredmedia":[{"embeddable":true,"href":"https:\/\/www.rincondelbulla.cl\/portal\/wp-json\/wp\/v2\/media\/6724"}],"wp:attachment":[{"href":"https:\/\/www.rincondelbulla.cl\/portal\/wp-json\/wp\/v2\/media?parent=6876"}],"wp:term":[{"taxonomy":"category","embeddable":true,"href":"https:\/\/www.rincondelbulla.cl\/portal\/wp-json\/wp\/v2\/categories?post=6876"},{"taxonomy":"post_tag","embeddable":true,"href":"https:\/\/www.rincondelbulla.cl\/portal\/wp-json\/wp\/v2\/tags?post=6876"}],"curies":[{"name":"wp","href":"https:\/\/api.w.org\/{rel}","templated":true}]}}