{"id":6880,"date":"2015-02-04T19:58:27","date_gmt":"2015-02-04T19:58:27","guid":{"rendered":"http:\/\/www.rincondelbulla.cl\/portal\/?p=6880"},"modified":"2015-02-04T19:59:46","modified_gmt":"2015-02-04T19:59:46","slug":"marca-personal-a-machete-se-le-perdio-la-manija-azul","status":"publish","type":"post","link":"https:\/\/www.rincondelbulla.cl\/portal\/2015\/02\/04\/marca-personal-a-machete-se-le-perdio-la-manija-azul\/","title":{"rendered":"Marca Personal: A \u00abMachete\u00bb se le perdi\u00f3 la manija azul"},"content":{"rendered":"<p><a href=\"http:\/\/www.rincondelbulla.cl\/portal\/wp-content\/uploads\/2015\/02\/lasarte.jpg\"><img loading=\"lazy\" decoding=\"async\" class=\"alignnone size-full wp-image-6850\" src=\"http:\/\/www.rincondelbulla.cl\/portal\/wp-content\/uploads\/2015\/02\/lasarte.jpg\" alt=\"Foto: Patricio Gonz\u00e1lez\" width=\"960\" height=\"639\" srcset=\"https:\/\/www.rincondelbulla.cl\/portal\/wp-content\/uploads\/2015\/02\/lasarte.jpg 960w, https:\/\/www.rincondelbulla.cl\/portal\/wp-content\/uploads\/2015\/02\/lasarte-300x200.jpg 300w, https:\/\/www.rincondelbulla.cl\/portal\/wp-content\/uploads\/2015\/02\/lasarte-768x511.jpg 768w, https:\/\/www.rincondelbulla.cl\/portal\/wp-content\/uploads\/2015\/02\/lasarte-696x463.jpg 696w, https:\/\/www.rincondelbulla.cl\/portal\/wp-content\/uploads\/2015\/02\/lasarte-631x420.jpg 631w\" sizes=\"auto, (max-width: 960px) 100vw, 960px\" \/><\/a><\/p>\n<p><strong>A pesar de haber tenido un porcentaje mucho mayor en la posesi\u00f3n del bal\u00f3n (63,5%), a pesar de haber tenido mayores ocasiones de gol (19 contra 13), y a pesar de haber jugado un muy buen primer tiempo, la historia se repite nos marcaron 3 veces y hace 3 fechas que no se gana.<\/strong><!--more--><\/p>\n<p>Ayer el Le\u00f3n salt\u00f3 al campo de juegos con una actitud muy distinta a la mostrada el pasado S\u00e1bado frente a Antofagasta, en el primer tiempo fue una tromba recuperando r\u00e1pidamente la pelotita en campo rival para hilvanar jugadas de ataque, pero la pelota caprichosa no quiso cruzar la l\u00ednea de gol, un palo e innumerables ocasiones desperdiciadas por un err\u00e1tico Benegas, en el segundo tiempo Acosta modific\u00f3 el tablero, poniendo dos volantes abiertos muy r\u00e1pidos y muy a su estilo se llev\u00f3 los puntos, pese a que los azules estuvieron dos veces arriba en el marcador. Este es el Marca Personal del Rinc\u00f3n Del Bulla:<\/p>\n<p><strong>25.-Johnny Herrera:<\/strong> No es la prenda de garant\u00eda del a\u00f1o pasado. Nota 4.0<\/p>\n<p><strong>5.- Mathias Corujo:<\/strong> Uno de los pocos rescatables al momento de la suma y resta azul. Nota 5.0<\/p>\n<p><strong>4.- Osvaldo Gonzalez:<\/strong> Lento, a destiempo, cuando lo apuraron perdi\u00f3 la marca r\u00e1pidamente. Nota 3.5<\/p>\n<p><strong>2.-Benjam\u00edn Vidal:<\/strong> lleva dos partidos seguidos mostrando un nivelbaj\u00edsimoo. Nota 3.5<\/p>\n<p><strong>13.- Jose Rojas:<\/strong> El primer tiempo cuando atac\u00f3 preocupo mucho a toro, en el segundo tiempo se olvido de subir y muy mal en la marca. Nota 3.5<\/p>\n<p><strong>6.-Cristi\u00e1n Martinez:<\/strong> Muy buen primer tiempo, incluso causo mucho peligro por la zona derecha del ataque. En el segundo desaparecio pr\u00e1cticamente. Nota 4.5<\/p>\n<p><strong>24 Guzm\u00e1n Pereira:<\/strong> En el primer tiempo fue el art\u00edfice de la pronta recuperaci\u00f3n del bal\u00f3n, en el segundo tiempo con los dos volantes abiertos corri\u00f3 siempre tras el bal\u00f3n y los jugadores. Nota 4.0<\/p>\n<p><strong>22.-Gustavo Lorenzetti:<\/strong> mucho m\u00e1s activo que el partido Pasado, sin embargo a\u00fan dista mucho de su nivel de juego. Nota 4.0<\/p>\n<p><strong>10 Ram\u00f3n Fern\u00e1ndez:<\/strong> Trat\u00f3 de asociarse con sus compa\u00f1eros, pero le falta la chaucha para el peso. Nota 4.0<\/p>\n<p><strong>27 Leandro Benegas:<\/strong> Se perdi\u00f3 los f\u00e1ciles, meti\u00f3 el dif\u00edcil. Nota 4.0<\/p>\n<p><strong>19.-Gustavo Canales:<\/strong> A pesar de no estar al 100% sigue marcando diferencias. Nota 5.0<\/p>\n<p><strong>Cambios<\/strong><br \/>\n<strong>8.- Roberto Cereceda (73&#8242; por Lorenzetti):<\/strong> No logro una jugada buena. Nota 2.0<\/p>\n<p><strong>18.- Maximiliano Rodriguez (83&#8242; por Fern\u00e1ndez):<\/strong> A pesar de pedir todos los balones, y tratar de hilvanar, le falta entenderse con sus compa\u00f1eros. El cambio debi\u00f3 haber sido antes. Nota 4.0<\/p>\n<p><strong>9.-Enzo Gutierrez (88&#8242; por Martinez):<\/strong> Con el partido empatado hizo muy poco en poco tiempo. Nota &#8212;<\/p>\n","protected":false},"excerpt":{"rendered":"<p>A pesar de haber tenido un porcentaje mucho mayor en la posesi\u00f3n del bal\u00f3n (63,5%), a pesar de haber tenido mayores ocasiones de gol (19 contra 13), y a pesar de haber jugado un muy buen primer tiempo, la historia se repite nos marcaron 3 veces y hace 3 fechas que no se gana.<\/p>\n","protected":false},"author":21381,"featured_media":6850,"comment_status":"closed","ping_status":"open","sticky":false,"template":"","format":"standard","meta":{"footnotes":""},"categories":[18],"tags":[366,43,157],"class_list":{"0":"post-6880","1":"post","2":"type-post","3":"status-publish","4":"format-standard","5":"has-post-thumbnail","7":"category-actualidad","8":"tag-iquique","9":"tag-marca-personal","10":"tag-portada"},"_links":{"self":[{"href":"https:\/\/www.rincondelbulla.cl\/portal\/wp-json\/wp\/v2\/posts\/6880","targetHints":{"allow":["GET"]}}],"collection":[{"href":"https:\/\/www.rincondelbulla.cl\/portal\/wp-json\/wp\/v2\/posts"}],"about":[{"href":"https:\/\/www.rincondelbulla.cl\/portal\/wp-json\/wp\/v2\/types\/post"}],"author":[{"embeddable":true,"href":"https:\/\/www.rincondelbulla.cl\/portal\/wp-json\/wp\/v2\/users\/21381"}],"replies":[{"embeddable":true,"href":"https:\/\/www.rincondelbulla.cl\/portal\/wp-json\/wp\/v2\/comments?post=6880"}],"version-history":[{"count":1,"href":"https:\/\/www.rincondelbulla.cl\/portal\/wp-json\/wp\/v2\/posts\/6880\/revisions"}],"predecessor-version":[{"id":6881,"href":"https:\/\/www.rincondelbulla.cl\/portal\/wp-json\/wp\/v2\/posts\/6880\/revisions\/6881"}],"wp:featuredmedia":[{"embeddable":true,"href":"https:\/\/www.rincondelbulla.cl\/portal\/wp-json\/wp\/v2\/media\/6850"}],"wp:attachment":[{"href":"https:\/\/www.rincondelbulla.cl\/portal\/wp-json\/wp\/v2\/media?parent=6880"}],"wp:term":[{"taxonomy":"category","embeddable":true,"href":"https:\/\/www.rincondelbulla.cl\/portal\/wp-json\/wp\/v2\/categories?post=6880"},{"taxonomy":"post_tag","embeddable":true,"href":"https:\/\/www.rincondelbulla.cl\/portal\/wp-json\/wp\/v2\/tags?post=6880"}],"curies":[{"name":"wp","href":"https:\/\/api.w.org\/{rel}","templated":true}]}}