{"id":6884,"date":"2015-02-05T14:52:15","date_gmt":"2015-02-05T14:52:15","guid":{"rendered":"http:\/\/www.rincondelbulla.cl\/portal\/?p=6884"},"modified":"2015-02-05T14:52:15","modified_gmt":"2015-02-05T14:52:15","slug":"mathias-corujo-con-respecto-a-la-mala-racha-lo-vamos-a-cambiar-no-tengo-dudas","status":"publish","type":"post","link":"https:\/\/www.rincondelbulla.cl\/portal\/2015\/02\/05\/mathias-corujo-con-respecto-a-la-mala-racha-lo-vamos-a-cambiar-no-tengo-dudas\/","title":{"rendered":"Math\u00edas Corujo con respecto a la mala racha: \u00abLo vamos a cambiar, no tengo dudas\u00bb"},"content":{"rendered":"<figure id=\"attachment_6235\" aria-describedby=\"caption-attachment-6235\" style=\"width: 1100px\" class=\"wp-caption alignnone\"><a href=\"http:\/\/www.rincondelbulla.cl\/portal\/wp-content\/uploads\/2014\/11\/mathias_corujo3.jpg\"><img loading=\"lazy\" decoding=\"async\" class=\"size-full wp-image-6235\" src=\"http:\/\/www.rincondelbulla.cl\/portal\/wp-content\/uploads\/2014\/11\/mathias_corujo3.jpg\" alt=\"Foto: Patricio Gonz\u00e1lez\" width=\"1100\" height=\"700\" srcset=\"https:\/\/www.rincondelbulla.cl\/portal\/wp-content\/uploads\/2014\/11\/mathias_corujo3.jpg 1100w, https:\/\/www.rincondelbulla.cl\/portal\/wp-content\/uploads\/2014\/11\/mathias_corujo3-300x191.jpg 300w, https:\/\/www.rincondelbulla.cl\/portal\/wp-content\/uploads\/2014\/11\/mathias_corujo3-768x489.jpg 768w, https:\/\/www.rincondelbulla.cl\/portal\/wp-content\/uploads\/2014\/11\/mathias_corujo3-696x443.jpg 696w, https:\/\/www.rincondelbulla.cl\/portal\/wp-content\/uploads\/2014\/11\/mathias_corujo3-1068x680.jpg 1068w, https:\/\/www.rincondelbulla.cl\/portal\/wp-content\/uploads\/2014\/11\/mathias_corujo3-660x420.jpg 660w\" sizes=\"auto, (max-width: 1100px) 100vw, 1100px\" \/><\/a><figcaption id=\"caption-attachment-6235\" class=\"wp-caption-text\">Foto: Patricio Gonz\u00e1lez<\/figcaption><\/figure>\n<p><strong>Esta ma\u00f1ana en el Centro Deportivo Azul, el encargado de recibir a los medios de prensa fue Math\u00edas Corujo. El uruguayo se dio el tiempo de referirse al mal momento azul, descartando de paso que el equipo se encuentre en crisis.<\/strong><\/p>\n<p><!--more--><\/p>\n<p>El actual momento por el que pasa Universidad de Chile preocupa a todos. Un arranque dubitativo, y solo 4 de 15 puntos posibles, son los que desesperan a la hinchada, que se pregunta en su mayor\u00eda, \u00bfpor qu\u00e9 el rendimiento, si pr\u00e1cticamente el equipo es el mismo?<\/p>\n<p>Las U suma tres derrotas consecutivas, ante Wanderers, Antofagasta e Iquique respectivamente, pero aun queda una cuota de optimismo y fe. Al menos as\u00ed lo afirm\u00f3 <strong>Math\u00edas Corujo<\/strong>, quien destac\u00f3 que es necesario levantar la cabeza en cuanto antes.<\/p>\n<p>En cuanto al momento por el cual pasa el grupo, Corujo destaca la uni\u00f3n, afirmando que <strong>\u00absomos un grupo con mucha gente que sabe de f\u00fatbol, que ha pasado por situaciones similares a \u00e9sta y que la han superado de buena manera. Tiramos todos para el mismo lado. Los resultados no ayudaron en el principio pero esto va a cambiar, y volver\u00e1 la regularidad\u00bb<\/strong>.<\/p>\n<p>Con respecto al pr\u00f3ximo duelo en que la U visitar\u00e1 a Huachipato, el s\u00e1bado a las 15:30 horas, el seleccionado uruguayo se\u00f1al\u00f3 que <strong>\u00abqueremos levantar cabeza en cuanto antes y ante Huachipato ser\u00e1 una opci\u00f3n\u00bb.<\/strong><\/p>\n<p>Para concluir, el lateral ech\u00f3 por tierras aquellos rumores que se\u00f1alaban la existencia de una crisis en el equipo, afirmando que <strong>\u00abno hay crisis para nada. El equipo tiene la mayor voluntad de sacar esto, pero somos conscientes que es una mala racha lo que estamos viviendo. Lo vamos a cambiar, no tengo dudas\u00bb<\/strong>.<\/p>\n","protected":false},"excerpt":{"rendered":"<p>Esta ma\u00f1ana en el Centro Deportivo Azul, el encargado de recibir a los medios de prensa fue Math\u00edas Corujo. El uruguayo se dio el tiempo de referirse al mal momento azul, descartando de paso que el equipo se encuentre en crisis.<\/p>\n","protected":false},"author":21383,"featured_media":6764,"comment_status":"closed","ping_status":"open","sticky":false,"template":"","format":"standard","meta":{"footnotes":""},"categories":[18],"tags":[],"class_list":{"0":"post-6884","1":"post","2":"type-post","3":"status-publish","4":"format-standard","5":"has-post-thumbnail","7":"category-actualidad"},"_links":{"self":[{"href":"https:\/\/www.rincondelbulla.cl\/portal\/wp-json\/wp\/v2\/posts\/6884","targetHints":{"allow":["GET"]}}],"collection":[{"href":"https:\/\/www.rincondelbulla.cl\/portal\/wp-json\/wp\/v2\/posts"}],"about":[{"href":"https:\/\/www.rincondelbulla.cl\/portal\/wp-json\/wp\/v2\/types\/post"}],"author":[{"embeddable":true,"href":"https:\/\/www.rincondelbulla.cl\/portal\/wp-json\/wp\/v2\/users\/21383"}],"replies":[{"embeddable":true,"href":"https:\/\/www.rincondelbulla.cl\/portal\/wp-json\/wp\/v2\/comments?post=6884"}],"version-history":[{"count":2,"href":"https:\/\/www.rincondelbulla.cl\/portal\/wp-json\/wp\/v2\/posts\/6884\/revisions"}],"predecessor-version":[{"id":6887,"href":"https:\/\/www.rincondelbulla.cl\/portal\/wp-json\/wp\/v2\/posts\/6884\/revisions\/6887"}],"wp:featuredmedia":[{"embeddable":true,"href":"https:\/\/www.rincondelbulla.cl\/portal\/wp-json\/wp\/v2\/media\/6764"}],"wp:attachment":[{"href":"https:\/\/www.rincondelbulla.cl\/portal\/wp-json\/wp\/v2\/media?parent=6884"}],"wp:term":[{"taxonomy":"category","embeddable":true,"href":"https:\/\/www.rincondelbulla.cl\/portal\/wp-json\/wp\/v2\/categories?post=6884"},{"taxonomy":"post_tag","embeddable":true,"href":"https:\/\/www.rincondelbulla.cl\/portal\/wp-json\/wp\/v2\/tags?post=6884"}],"curies":[{"name":"wp","href":"https:\/\/api.w.org\/{rel}","templated":true}]}}