{"id":692,"date":"2008-04-20T21:36:50","date_gmt":"2008-04-20T21:36:50","guid":{"rendered":"http:\/\/www.rincondelbulla.cl\/portal\/?p=692"},"modified":"2008-04-20T21:36:50","modified_gmt":"2008-04-20T21:36:50","slug":"columna-de-lamen-hasta-cuando","status":"publish","type":"post","link":"https:\/\/www.rincondelbulla.cl\/portal\/2008\/04\/20\/columna-de-lamen-hasta-cuando\/","title":{"rendered":"Columna de Lamen: \u00bfHasta cu\u00e1ndo?"},"content":{"rendered":"<p><img decoding=\"async\" src=\"images\/stories\/hernandeznuevo.jpg\" alt=\"\" title=\"\" style=\"float: left;\" border=\"0\" hspace=\"6\" \/>El pasado Jueves, Emilio Hern\u00e1ndez, la gran figura del Supercl\u00e1sico chileno, declar\u00f3 a los medios de comunicaci\u00f3n su inocencia frente a los rumores sobre una supuesta huida de la concentraci\u00f3n de Universidad de Chile la noche previa al encuentro en Antofagasta, el d\u00eda cinco de Abril. \u00c9stos indicaban que el jugador de veintitr\u00e9s a\u00f1os asisti\u00f3 a un club nocturno de la ciudad nortina, lo<\/p>\n<p>  <!--more-->  <\/p>\n<p>cual constata un claro acto de indisciplina. El hecho no pas\u00f3 de ser una mera posibilidad. Nunca se pudo probar la culpabilidad del jugador. El resultado fue todo lo contrario a lo que esperaban aqu\u00e9llos que malintencionadamente filtraron dicha informaci\u00f3n a la prensa: El jugador obtuvo todo el apoyo no s\u00f3lo de sus compa\u00f1eros y entrenador, sino tambi\u00e9n del presidente de Azul Azul, Federico Vald\u00e9s, y fue titular y figura excluyente del gran triunfo contra Colo Colo.<\/p>\n<p> Afortunadamente, el medio nacional fall\u00f3 en su misi\u00f3n ya casi habitual de hacer caer a los \u00eddolos, nuestros \u00eddolos \u00bfO me dir\u00e1 usted que no goza al ver a una connotada figura tropezar?<\/p>\n<p> El caso Hern\u00e1ndez da clar\u00edsimas pruebas de la ya com\u00fan tendencia que ha acompa\u00f1ado al periodismo, m\u00e1s espec\u00edficamente el deportivo, en los \u00faltimos a\u00f1os: Desentenderse de la parte netamente competitiva y centrarse en la vida personal de los atletas, porque, al final, dicen por ah\u00ed que el \u00e9xito de un peri\u00f3dico no se mide en la calidad de las opiniones que expresa, sino en la cantidad de copias que vende a \u201cdiario\u201d<\/p>\n<p> \u00bfQu\u00e9 vende m\u00e1s que una primera plana con el titular \u201cJoven figura azul abandona concentraci\u00f3n para irse de carrete\u201d?<\/p>\n<p> El poder que tienen los medios masivos se pone de manifiesto constantemente en nuestras vidas: Puede hacer subir y caer a un atleta tan f\u00e1cilmente como se hace el jugo de naranja para el almuerzo.<\/p>\n<p> La prensa elev\u00f3 a Alexis S\u00e1nchez (Y probablemente lo haga trastabillar en un par de a\u00f1os m\u00e1s) a la categor\u00eda de \u201c\u00eddolo nacional\u201d, vali\u00e9ndole un lucrativo contrato con la marca deportiva estadounidense Nike, que actualmente \u201cadorna\u201d nuestras hermosas calles capitalinas con su publicidad.<\/p>\n<p> Pero, a la vez, hundi\u00f3 en un profundo abismo a la personalidad m\u00e1s conocida del balompi\u00e9 detr\u00e1s del Ingl\u00e9s David Beckham: el brasile\u00f1o Ronaldinho Gaucho, lo cual tiene al garoto a un paso de cambiar Espa\u00f1a por Italia.<\/p>\n<p> Lo que vende ya no es \u201cExtraordinario partido de Ronaldinho catapulta al Barcelona a un paso de ganar la liga\u201d, sino \u201cParece que Ronaldinho ha perdido su silueta\u201d (En alusi\u00f3n a un encabezado espa\u00f1ol sobre los problemas de peso del ex-jugador del Gremio).<\/p>\n<p> Uno se queda corto al decir que portadas como \u00e9sas hacen da\u00f1o al profesional. No s\u00f3lo violan el derecho a privacidad que como seres humanos tienen (Aunque sean celebridades, siguen siendo mortales como usted y yo) sino que pueden incluso forzar la salida de la instituci\u00f3n del mismo. Sino preg\u00fantenle al aludido canarinho, a un paso de firmar por el poderoso AC Mil\u00e1n de Italia.<\/p>\n<p> Volvamos al caso del jugador azul.<\/p>\n<p> Inesperadamente, el mal que quer\u00eda provocar la prensa tuvo un efecto positivo en el ex-integrante de Everton de Vi\u00f1a del Mar. Como ya citamos anteriormente, Arturo Salah sali\u00f3 p\u00fablicamente a respaldar al baluarte laico en plena tormenta en el caracol azul (La \u201cU\u201d ven\u00eda de tres derrotas consecutivas) y le garantiz\u00f3 la titularidad en el momento m\u00e1s importante de la temporada: El encuentro con los Albos. Hern\u00e1ndez alternaba titularidad con suplencia antes de la jornada en la segunda regi\u00f3n, eclipsado por el irregular Ra\u00fal Est\u00e9vez (Otro invento: Los extranjeros eran m\u00e1s respaldados por Salah que los nacionales o los \u201ccriados\u201d en las inferiores universitarias). El hincha sab\u00eda mejor que nadie que era cuesti\u00f3n de tiempo para que la camiseta catorce apareciera en la oncena de inicio, pero nunca pens\u00f3 que ser\u00eda de esta manera.<\/p>\n<p> \u00c9sas son las cosas que hacen a este deporte tan hermoso: Que cada cierto tiempo puede imponerse sobre los pron\u00f3sticos y las tendencias casi impuestas que hacen que las brechas entre los equipos denominados \u201cchicos\u201d y los \u201cgrandes\u201d sean cada vez menores. Para este caso, que los medios de comunicaci\u00f3n y sus inescrupulosos funcionarios no se salgan con la suya y la balanza se incline a favor del jugador y no de la empresa (Hace rato que el diario cumple el rol del vendedor y nosotros el de los potenciales compradores).<\/p>\n<p> Actualmente, Emilio aprob\u00f3 la propuesta de los dirigentes para iniciar acciones legales contra los responsables por la difamaci\u00f3n de su imagen.<\/p>\n<p> Es una verdadera pena ver c\u00f3mo el arte de los micr\u00f3fonos y las c\u00e1maras se ha convertido m\u00e1s que en una forma de expresi\u00f3n, en una manera de hacer da\u00f1o y denigrar.<\/p>\n<p> Previo al oscuro periodo de la dictadura militar el profesional hac\u00eda pensar a sus lectores.<\/p>\n<p> Orientaba al p\u00fablico sobre qu\u00e9 tendencias seguir o qu\u00e9 opiniones formarse (ORIENTABA, NO IMPON\u00cdA COMO HOY SE HACE).<\/p>\n<p> Desde entonces, es una rutina pararse fuera de los kioscos en la ma\u00f1ana y leer los casi f\u00fanebres encabezados de las secciones deportivas.<\/p>\n<p> \u00bfA qui\u00e9n le importa con qui\u00e9n se acueste el mago Jim\u00e9nez?<\/p>\n<p> \u00bfA qui\u00e9n le importa que Ronaldo haya subido de peso, si sigue anotando goles?<\/p>\n<p> \u00bfA qui\u00e9n le importa que Mauricio Pinilla deje \u201cFarandulandia\u201d y comience por fin a justificar su exportaci\u00f3n a Europa?<\/p>\n<p> Quiz\u00e1s a usted no, pero hay que aceptarlo, por muy pecaminoso que sea: El morbo nos lleva a leer y a comprar los medios, sin importar el efecto que producen en aquellos que defienden a nuestros equipos.<\/p>\n<p> Y muchas veces caemos en esa trampa.<\/p>\n<p> El f\u00fatbol es el reflejo de nuestra sociedad, y se dice tambi\u00e9n que el periodismo de un pa\u00eds refleja a quienes lo habitan. La influencia de los medios masivos es tan variada que la podemos encontrar hasta en nuestro amado deporte. S\u00f3lo hay que pensar, mirar y darse cuenta un poco de lo que pasa a nuestro alrededor y c\u00f3mo la informaci\u00f3n llega a nosotros.<\/p>\n<p> Aunque por ah\u00ed lo menos deseado sea que nuestro intelecto funcione\u2026\u2026.<\/p>\n","protected":false},"excerpt":{"rendered":"<p>El pasado Jueves, Emilio Hern\u00e1ndez, la gran figura del Supercl\u00e1sico chileno, declar\u00f3 a los medios de comunicaci\u00f3n su inocencia frente a los rumores sobre una supuesta huida de la concentraci\u00f3n de Universidad de Chile la noche previa al encuentro en Antofagasta, el d\u00eda cinco de Abril. \u00c9stos indicaban que el jugador de veintitr\u00e9s a\u00f1os asisti\u00f3 [&#8230;]<\/p>\n","protected":false},"author":50,"featured_media":0,"comment_status":"open","ping_status":"open","sticky":false,"template":"","format":"standard","meta":{"footnotes":""},"categories":[18],"tags":[36],"class_list":{"0":"post-692","1":"post","2":"type-post","3":"status-publish","4":"format-standard","6":"category-actualidad","7":"tag-opinion"},"_links":{"self":[{"href":"https:\/\/www.rincondelbulla.cl\/portal\/wp-json\/wp\/v2\/posts\/692","targetHints":{"allow":["GET"]}}],"collection":[{"href":"https:\/\/www.rincondelbulla.cl\/portal\/wp-json\/wp\/v2\/posts"}],"about":[{"href":"https:\/\/www.rincondelbulla.cl\/portal\/wp-json\/wp\/v2\/types\/post"}],"author":[{"embeddable":true,"href":"https:\/\/www.rincondelbulla.cl\/portal\/wp-json\/wp\/v2\/users\/50"}],"replies":[{"embeddable":true,"href":"https:\/\/www.rincondelbulla.cl\/portal\/wp-json\/wp\/v2\/comments?post=692"}],"version-history":[{"count":0,"href":"https:\/\/www.rincondelbulla.cl\/portal\/wp-json\/wp\/v2\/posts\/692\/revisions"}],"wp:attachment":[{"href":"https:\/\/www.rincondelbulla.cl\/portal\/wp-json\/wp\/v2\/media?parent=692"}],"wp:term":[{"taxonomy":"category","embeddable":true,"href":"https:\/\/www.rincondelbulla.cl\/portal\/wp-json\/wp\/v2\/categories?post=692"},{"taxonomy":"post_tag","embeddable":true,"href":"https:\/\/www.rincondelbulla.cl\/portal\/wp-json\/wp\/v2\/tags?post=692"}],"curies":[{"name":"wp","href":"https:\/\/api.w.org\/{rel}","templated":true}]}}