{"id":695,"date":"2008-04-22T10:44:03","date_gmt":"2008-04-22T10:44:03","guid":{"rendered":"http:\/\/www.rincondelbulla.cl\/portal\/?p=695"},"modified":"2008-04-22T10:44:03","modified_gmt":"2008-04-22T10:44:03","slug":"la-u-saldra-a-la-bolsa-entre-agosto-y-septiembre-y-la-accion-costara-600","status":"publish","type":"post","link":"https:\/\/www.rincondelbulla.cl\/portal\/2008\/04\/22\/la-u-saldra-a-la-bolsa-entre-agosto-y-septiembre-y-la-accion-costara-600\/","title":{"rendered":"La U saldr\u00e1 a la Bolsa entre agosto y septiembre, y la acci\u00f3n costar\u00e1 $600"},"content":{"rendered":"<p><img decoding=\"async\" src=\"images\/stories\/U.jpg\" hspace=\"6\" alt=\"\" title=\"\" border=\"0\" style=\"float: left;\" \/><b>La dirigencia de Azul Azul espera levantar entre 20 y 25 millones de d&oacute;lares, lo que representa entre un 51% y un 60% de la propiedad. En total ser&aacute;n subastadas unas 16 millones de acciones.<br \/> El dinero que se recaude se destinar&aacute; a un campo de entrenamientos para el club. No est&aacute; contemplado construir un estadio, pero s&iacute; hacer un estudio para<\/b>  <!--more--> <b> ver su factibilidad.<\/b><br \/> Era uno de los secretos mejor guardados de Azul Azul. La cautela con que se hab&iacute;a tratado la salida a la Bolsa de la concesionaria se empez&oacute; a romper ayer, cuando en la reuni&oacute;n de directorio se comenzaron a definir las claves del levantamiento de capital que gestionar&aacute; la U.<\/p>\n<p> Por lo pronto, la dirigencia cumplir&aacute; con su promesa de tener precios populares: alrededor de 600 pesos costar&aacute; cada acci&oacute;n de la U. Y se subastar&aacute;n cerca de 16 millones de papeles, lo que representar&aacute; un ingreso calculado de entre 20 y 25 millones de d&oacute;lares.<\/p>\n<p> &quot;La idea es que la propiedad quede atomizada. Mientras m&aacute;s hinchas de la U puedan invertir, tanto mejor y por eso los precios ser&aacute;n accesibles para cualquier persona&quot; confes&oacute; el presidente de la concesionaria, Federico Vald&eacute;s.<\/p>\n<p> Seg&uacute;n las estimaciones de Azul Azul, la salida a la Bolsa del club se realizar&aacute; entre agosto y septiembre de este a&ntilde;o con Larra&iacute;nVial, y quiz&aacute;s con EuroAm&eacute;rica como agentes. Cabe recordar que el plazo l&iacute;mite que ten&iacute;a era noviembre.<\/p>\n<p> &quot;Nos queremos dar un plazo prudente, de alrededor de cuatro meses, para empezar a preparar la apertura. Nuestro gerente general (Cristi&aacute;n Aubert) ser&aacute; quien haga los tr&aacute;mites ante la SVS, pero nuestra propuesta va a ser esa&quot;, admiti&oacute; el docente de la Universidad del Desarrollo.<\/p>\n<p> El levantamiento de capital de la U, que representar&aacute; entre un 51% y un 60% de la propiedad, ya ha llamado la atenci&oacute;n a un par de interesados. Entre los m&aacute;s connotados est&aacute;n el empresario Jos&eacute; Yuraszeck y el alcalde de Santiago, Ra&uacute;l Alca&iacute;no, pese a que Vald&eacute;s reconoci&oacute; que &quot;a&uacute;n no hemos tenido contactos con los posibles inversionistas&quot;.<br \/> <b><br \/> El campo de entrenamiento<\/b><\/p>\n<p> Una de las grandes certezas que tiene la salida a la Bolsa de la U est&aacute; en el destino que se le dar&aacute; al dinero que recaude Azul Azul.<\/p>\n<p> &quot;La inversi&oacute;n ser&aacute; en un campo deportivo para los futuros jugadores de la instituci&oacute;n. Tenemos que adquirir terrenos para que existan alrededor de seis canchas con camarines, donde, eventualmente, se podr&iacute;a poner la sede de la U, pero eso ser&iacute;a a largo plazo. El primer equipo tambi&eacute;n forma parte del proyecto, porque tenemos que salir del Caracol eventualmente y tenemos que empezar a pensar en el futuro&quot;, admiti&oacute; Vald&eacute;s.<\/p>\n<p> De hecho, los dirigentes ya han empezado a ver terrenos en Santiago, donde podr&iacute;a estar el mentado lugar de entrenamientos. Incluso, ya han observado casi 10 lugares en las cercan&iacute;as de Santiago. &quot;Ah&iacute; formaremos a los jugadores que ser&aacute;n parte del primer plantel y a los que luego exportaremos&quot;, agrega el presidente de Azul Azul.<\/p>\n<p> Con la salida a la Bolsa tambi&eacute;n reflota uno de los viejos anhelos de la U: el estadio propio. Sin embargo, Vald&eacute;s le puso pa&ntilde;os fr&iacute;os a esa idea.<\/p>\n<p> &quot;No est&aacute; contemplada la construcci&oacute;n del estadio, pero s&iacute; un estudio a fondo. Pasa que, seg&uacute;n c&aacute;lculos iniciales, un estadio costar&iacute;a entre 35 y 40 millones de d&oacute;lares, y esa plata no la tenemos. Por eso, s&iacute; nos comprometemos a destinar recursos para estudiar el tema&quot;, anunci&oacute;.<\/p>\n<p> <b>&iquest;QUIEREN?<\/b><\/p>\n<p> Entre las figuras p&uacute;blicas que se encuentran atra&iacute;das por la salida a la bolsa de la U aparecen Jos&eacute; Yuraszeck y Ra&uacute;l Alca&iacute;no. &quot;A&uacute;n no hemos tenido contactos con posibles inversionistas&quot;, dijo Vald&eacute;s. <\/p>\n","protected":false},"excerpt":{"rendered":"<p>La dirigencia de Azul Azul espera levantar entre 20 y 25 millones de d&oacute;lares, lo que representa entre un 51% y un 60% de la propiedad. En total ser&aacute;n subastadas unas 16 millones de acciones. El dinero que se recaude se destinar&aacute; a un campo de entrenamientos para el club. No est&aacute; contemplado construir un [&#8230;]<\/p>\n","protected":false},"author":1,"featured_media":0,"comment_status":"open","ping_status":"open","sticky":false,"template":"","format":"standard","meta":{"footnotes":""},"categories":[18],"tags":[],"class_list":{"0":"post-695","1":"post","2":"type-post","3":"status-publish","4":"format-standard","6":"category-actualidad"},"_links":{"self":[{"href":"https:\/\/www.rincondelbulla.cl\/portal\/wp-json\/wp\/v2\/posts\/695","targetHints":{"allow":["GET"]}}],"collection":[{"href":"https:\/\/www.rincondelbulla.cl\/portal\/wp-json\/wp\/v2\/posts"}],"about":[{"href":"https:\/\/www.rincondelbulla.cl\/portal\/wp-json\/wp\/v2\/types\/post"}],"author":[{"embeddable":true,"href":"https:\/\/www.rincondelbulla.cl\/portal\/wp-json\/wp\/v2\/users\/1"}],"replies":[{"embeddable":true,"href":"https:\/\/www.rincondelbulla.cl\/portal\/wp-json\/wp\/v2\/comments?post=695"}],"version-history":[{"count":0,"href":"https:\/\/www.rincondelbulla.cl\/portal\/wp-json\/wp\/v2\/posts\/695\/revisions"}],"wp:attachment":[{"href":"https:\/\/www.rincondelbulla.cl\/portal\/wp-json\/wp\/v2\/media?parent=695"}],"wp:term":[{"taxonomy":"category","embeddable":true,"href":"https:\/\/www.rincondelbulla.cl\/portal\/wp-json\/wp\/v2\/categories?post=695"},{"taxonomy":"post_tag","embeddable":true,"href":"https:\/\/www.rincondelbulla.cl\/portal\/wp-json\/wp\/v2\/tags?post=695"}],"curies":[{"name":"wp","href":"https:\/\/api.w.org\/{rel}","templated":true}]}}