{"id":7032,"date":"2015-03-09T19:36:44","date_gmt":"2015-03-09T19:36:44","guid":{"rendered":"http:\/\/www.rincondelbulla.cl\/portal\/?p=7032"},"modified":"2015-03-09T19:56:46","modified_gmt":"2015-03-09T19:56:46","slug":"marca-personal-segundo-triunfo-al-hilo-y-podemos-asegurar-que-hay-arqueros","status":"publish","type":"post","link":"https:\/\/www.rincondelbulla.cl\/portal\/2015\/03\/09\/marca-personal-segundo-triunfo-al-hilo-y-podemos-asegurar-que-hay-arqueros\/","title":{"rendered":"Marca Personal: segundo triunfo al hilo y podemos asegurar que hay ARQUEROS"},"content":{"rendered":"<p><a href=\"http:\/\/www.rincondelbulla.cl\/portal\/wp-content\/uploads\/2015\/03\/jimenez.jpg\"><img loading=\"lazy\" decoding=\"async\" class=\"alignnone size-full wp-image-7033\" src=\"http:\/\/www.rincondelbulla.cl\/portal\/wp-content\/uploads\/2015\/03\/jimenez.jpg\" alt=\"jimenez\" width=\"1440\" height=\"692\" srcset=\"https:\/\/www.rincondelbulla.cl\/portal\/wp-content\/uploads\/2015\/03\/jimenez.jpg 1440w, https:\/\/www.rincondelbulla.cl\/portal\/wp-content\/uploads\/2015\/03\/jimenez-300x144.jpg 300w, https:\/\/www.rincondelbulla.cl\/portal\/wp-content\/uploads\/2015\/03\/jimenez-768x369.jpg 768w, https:\/\/www.rincondelbulla.cl\/portal\/wp-content\/uploads\/2015\/03\/jimenez-1200x577.jpg 1200w, https:\/\/www.rincondelbulla.cl\/portal\/wp-content\/uploads\/2015\/03\/jimenez-696x334.jpg 696w, https:\/\/www.rincondelbulla.cl\/portal\/wp-content\/uploads\/2015\/03\/jimenez-1068x513.jpg 1068w, https:\/\/www.rincondelbulla.cl\/portal\/wp-content\/uploads\/2015\/03\/jimenez-874x420.jpg 874w\" sizes=\"auto, (max-width: 1440px) 100vw, 1440px\" \/><\/a><\/p>\n<p><strong>En un partido muy parejo, y a ratos din\u00e1mico la U volvi\u00f3 a ganar y por primera vez en el a\u00f1o suma dos victorias consecutivas, esperemos que atr\u00e1s quede la mala racha y se afirme en la victoria.<\/strong><!--more--><\/p>\n<p>Con una formaci\u00f3n mixta la Universidad de Chile se impuso por la cuenta m\u00ednima en el norte de nuestro pa\u00eds ante un dif\u00edcil San Marcos en la ciudad de Arica. Si bien el juego del equipo dista mucho del semestre anterior, ayer por primera vez en el a\u00f1o los azules lograron sumar su segunda victoria consecutiva. M\u00e1s all\u00e1 de no haber hecho un gran partido se rescata el s\u00f3lo hecho de ganar, y esperamos que Lasarte y sus jugadores hayan retomado el camino del triunfo. <strong>Este es el Marca Personal del Rinc\u00f3n del Bulla:<\/strong><\/p>\n<p><strong>1.Miguel Jimenez<\/strong>: El debut so\u00f1ado para quien ten\u00eda la dif\u00edcil misi\u00f3n de suplir a Johnny Nota 6.0<\/p>\n<p><strong>5.- Mathias Corujo:<\/strong> Buen partido del charr\u00faa, aunque sigue en deuda este a\u00f1o. Nota 5.0<\/p>\n<p><strong>2.-Benjam\u00edn Vidal:<\/strong> Al fin hizo un buen partido este a\u00f1o, bien por Vidal.. Nota 6.0<\/p>\n<p><strong>13.-Jose Rojas:<\/strong> Definitivamente el puesto que m\u00e1s le acomoda es el de central, bien por el Pepe. Nota 5.5<\/p>\n<p><strong>15.-Cristian Cuevas:<\/strong> Mejor\u00f3 en comparaci\u00f3n a la \u00abperformance\u00bb que hab\u00eda realizado en juegos anteriores. Nota 5.0<\/p>\n<p><strong>6.-Sebasti\u00e1n Mart\u00ednez:<\/strong> Las corri\u00f3 todas, yendo muy bien al piso. Nota 5.0<\/p>\n<p><strong>21.-Gonzalo Espinoza:<\/strong> Va en alza el nivel del Bulldog Azul Nota 5.0<\/p>\n<p><strong>22.-Gustavo Lorenzetti:<\/strong> Se le not\u00f3 el desgaste del partido anterior Nota: 5.0<\/p>\n<p><strong>18.-Maxi Rodriguez<\/strong>:De a poco se va adaptando al equipo, esperemos que el gol le signifique ganar confianza y seguir mejorando. Nota: 6.0<\/p>\n<p><strong>11.-Sebasti\u00e1n Ubilla:<\/strong> Muy marcado y con poco espacio el conejo. Nota: 5.0<\/p>\n<p><strong>27.-Leandro Benegas:<\/strong> Casi no tuvo ocasiones de gol, pese a eso siempre se entrega por completo. Nota 5.0<\/p>\n<p><strong>Cambios<\/strong><\/p>\n<p><strong>14.-Paulo Magalhaes (81&#8242; por Benegas):<\/strong> Con su ingreso la defensa se vio m\u00e1s segura. Nota 5.0<\/p>\n<p><strong>20.-Bryan Cort\u00e9s (85&#8242; por Espinoza):<\/strong> No se le vi\u00f3 mucho futbol, el partido ya estaba bien trabado. Nota 4.0<\/p>\n<p><strong>17.- Joao Ortiz (90 por Rodriguez):<\/strong> Casi no se le vio. Nota:&#8211;<\/p>\n","protected":false},"excerpt":{"rendered":"<p>En un partido muy parejo, y a ratos din\u00e1mico la U volvi\u00f3 a ganar y por primera vez en el a\u00f1o suma dos victorias consecutivas, esperemos que atr\u00e1s quede la mala racha y se afirme en la victoria.<\/p>\n","protected":false},"author":21381,"featured_media":7033,"comment_status":"closed","ping_status":"open","sticky":false,"template":"","format":"standard","meta":{"footnotes":""},"categories":[18],"tags":[454,43,157,156],"class_list":{"0":"post-7032","1":"post","2":"type-post","3":"status-publish","4":"format-standard","5":"has-post-thumbnail","7":"category-actualidad","8":"tag-actualidad","9":"tag-marca-personal","10":"tag-portada","11":"tag-universidad-de-chile"},"_links":{"self":[{"href":"https:\/\/www.rincondelbulla.cl\/portal\/wp-json\/wp\/v2\/posts\/7032","targetHints":{"allow":["GET"]}}],"collection":[{"href":"https:\/\/www.rincondelbulla.cl\/portal\/wp-json\/wp\/v2\/posts"}],"about":[{"href":"https:\/\/www.rincondelbulla.cl\/portal\/wp-json\/wp\/v2\/types\/post"}],"author":[{"embeddable":true,"href":"https:\/\/www.rincondelbulla.cl\/portal\/wp-json\/wp\/v2\/users\/21381"}],"replies":[{"embeddable":true,"href":"https:\/\/www.rincondelbulla.cl\/portal\/wp-json\/wp\/v2\/comments?post=7032"}],"version-history":[{"count":3,"href":"https:\/\/www.rincondelbulla.cl\/portal\/wp-json\/wp\/v2\/posts\/7032\/revisions"}],"predecessor-version":[{"id":7036,"href":"https:\/\/www.rincondelbulla.cl\/portal\/wp-json\/wp\/v2\/posts\/7032\/revisions\/7036"}],"wp:featuredmedia":[{"embeddable":true,"href":"https:\/\/www.rincondelbulla.cl\/portal\/wp-json\/wp\/v2\/media\/7033"}],"wp:attachment":[{"href":"https:\/\/www.rincondelbulla.cl\/portal\/wp-json\/wp\/v2\/media?parent=7032"}],"wp:term":[{"taxonomy":"category","embeddable":true,"href":"https:\/\/www.rincondelbulla.cl\/portal\/wp-json\/wp\/v2\/categories?post=7032"},{"taxonomy":"post_tag","embeddable":true,"href":"https:\/\/www.rincondelbulla.cl\/portal\/wp-json\/wp\/v2\/tags?post=7032"}],"curies":[{"name":"wp","href":"https:\/\/api.w.org\/{rel}","templated":true}]}}