{"id":7050,"date":"2015-03-12T17:34:35","date_gmt":"2015-03-12T17:34:35","guid":{"rendered":"http:\/\/www.rincondelbulla.cl\/portal\/?p=7050"},"modified":"2015-03-12T17:34:35","modified_gmt":"2015-03-12T17:34:35","slug":"tenemos-que-ganar-por-nosotros-por-la-familia-y-por-la-gente-mathias-corujo","status":"publish","type":"post","link":"https:\/\/www.rincondelbulla.cl\/portal\/2015\/03\/12\/tenemos-que-ganar-por-nosotros-por-la-familia-y-por-la-gente-mathias-corujo\/","title":{"rendered":"\u00bb Tenemos que ganar por nosotros, por la familia y por la gente\u00bb Mathias Corujo"},"content":{"rendered":"<figure id=\"attachment_6764\" aria-describedby=\"caption-attachment-6764\" style=\"width: 1100px\" class=\"wp-caption alignnone\"><a href=\"http:\/\/www.rincondelbulla.cl\/portal\/wp-content\/uploads\/2015\/01\/mathias_corujo4.jpg\"><img loading=\"lazy\" decoding=\"async\" class=\"size-full wp-image-6764\" src=\"http:\/\/www.rincondelbulla.cl\/portal\/wp-content\/uploads\/2015\/01\/mathias_corujo4.jpg\" alt=\"Foto: Claudio C\u00e1ceres\" width=\"1100\" height=\"700\" srcset=\"https:\/\/www.rincondelbulla.cl\/portal\/wp-content\/uploads\/2015\/01\/mathias_corujo4.jpg 1100w, https:\/\/www.rincondelbulla.cl\/portal\/wp-content\/uploads\/2015\/01\/mathias_corujo4-300x191.jpg 300w, https:\/\/www.rincondelbulla.cl\/portal\/wp-content\/uploads\/2015\/01\/mathias_corujo4-768x489.jpg 768w, https:\/\/www.rincondelbulla.cl\/portal\/wp-content\/uploads\/2015\/01\/mathias_corujo4-696x443.jpg 696w, https:\/\/www.rincondelbulla.cl\/portal\/wp-content\/uploads\/2015\/01\/mathias_corujo4-1068x680.jpg 1068w, https:\/\/www.rincondelbulla.cl\/portal\/wp-content\/uploads\/2015\/01\/mathias_corujo4-660x420.jpg 660w\" sizes=\"auto, (max-width: 1100px) 100vw, 1100px\" \/><\/a><figcaption id=\"caption-attachment-6764\" class=\"wp-caption-text\">Foto: Claudio C\u00e1ceres<\/figcaption><\/figure>\n<p><strong>A dos d\u00edas del Cl\u00e1sico contra los incoloros Mathias Corujo aseguro que se debe jugar \u00abCon la responsabilidad que corresponde. Vamos con la confianza de que podemos sacar los tres puntos. Tenemos que ganar por nosotros, por la familia y por la gente\u00bb.<\/strong><!--more--><\/p>\n<p>Sobre la forma en que se debe jugar, el Uruguayo asegur\u00f3 \u00ab<strong>Tenemos que tener la pelota nosotros. En el cl\u00e1sico pasado (que gan\u00f3 Colo Colo) hubo \u00edmpetu y ganas. A nosotros nos falt\u00f3 esa vez tener la pelota y ser m\u00e1s punzante en los \u00faltimos metros. Hay que disfrutarlo con la responsabilidad que se merece<\/strong>\u00bb y continu\u00f3 aseverando \u00abEl grupo est\u00e1 esperando este partido. En el torneo pasado, el peor partido lo hicimos ante ellos. Lo estamos esperando para reivindicarnos. Salimos campeones, pero ahora no hacemos un buen torneo. Queremos sacarnos la espina del campeonato pasado\u00bb<\/p>\n<p>Ha sido tema durante la semana el del favoritismo y para Corujo \u00abno hay favoritos. En estos partidos se equipara todo. Los jugadores quieren ganar, estar en este partido y dejan todo de s\u00ed. Se equipara todo en este partido\u00bb. Adem\u00e1s agarro el guante que tiraron desde el \u201cHoyo de Macul\u201d asegurando que <strong>\u00abPara m\u00ed no se salva el a\u00f1o. El a\u00f1o es una acumulaci\u00f3n de cosas. El cl\u00e1sico es un partido que queremos ganar, que hay que salir triunfador.<\/strong> Pero si salimos victoriosos el s\u00e1bado, tenemos que seguir trabajando para dejar lo m\u00e1s alto posible a la &#8216;U&#8217;. Trataremos de ganarlos por nosotros\u00bb.<\/p>\n<p>Finalmente se refiri\u00f3 a su momento personal y su renovaci\u00f3n, \u00abno es una cosa que me quite el sue\u00f1o. Estoy muy c\u00f3modo y pienso en lo futbol\u00edstico. Quiero pasar de fase en la Copa y ya habr\u00e1 tiempo para hablar de eso\u00bb, concluyendo la conferencia de prensa en el CDA.<\/p>\n","protected":false},"excerpt":{"rendered":"<p>A dos d\u00edas del Cl\u00e1sico contra los incoloros Mathias Corujo aseguro que se debe jugar \u00abCon la responsabilidad que corresponde. Vamos con la confianza de que podemos sacar los tres puntos. Tenemos que ganar por nosotros, por la familia y por la gente\u00bb.<\/p>\n","protected":false},"author":21381,"featured_media":6764,"comment_status":"closed","ping_status":"open","sticky":false,"template":"","format":"standard","meta":{"footnotes":""},"categories":[18],"tags":[209,257,157,379],"class_list":{"0":"post-7050","1":"post","2":"type-post","3":"status-publish","4":"format-standard","5":"has-post-thumbnail","7":"category-actualidad","8":"tag-conferencia-de-prensa","9":"tag-mathias-corujo","10":"tag-portada","11":"tag-super-clasico"},"_links":{"self":[{"href":"https:\/\/www.rincondelbulla.cl\/portal\/wp-json\/wp\/v2\/posts\/7050","targetHints":{"allow":["GET"]}}],"collection":[{"href":"https:\/\/www.rincondelbulla.cl\/portal\/wp-json\/wp\/v2\/posts"}],"about":[{"href":"https:\/\/www.rincondelbulla.cl\/portal\/wp-json\/wp\/v2\/types\/post"}],"author":[{"embeddable":true,"href":"https:\/\/www.rincondelbulla.cl\/portal\/wp-json\/wp\/v2\/users\/21381"}],"replies":[{"embeddable":true,"href":"https:\/\/www.rincondelbulla.cl\/portal\/wp-json\/wp\/v2\/comments?post=7050"}],"version-history":[{"count":1,"href":"https:\/\/www.rincondelbulla.cl\/portal\/wp-json\/wp\/v2\/posts\/7050\/revisions"}],"predecessor-version":[{"id":7051,"href":"https:\/\/www.rincondelbulla.cl\/portal\/wp-json\/wp\/v2\/posts\/7050\/revisions\/7051"}],"wp:featuredmedia":[{"embeddable":true,"href":"https:\/\/www.rincondelbulla.cl\/portal\/wp-json\/wp\/v2\/media\/6764"}],"wp:attachment":[{"href":"https:\/\/www.rincondelbulla.cl\/portal\/wp-json\/wp\/v2\/media?parent=7050"}],"wp:term":[{"taxonomy":"category","embeddable":true,"href":"https:\/\/www.rincondelbulla.cl\/portal\/wp-json\/wp\/v2\/categories?post=7050"},{"taxonomy":"post_tag","embeddable":true,"href":"https:\/\/www.rincondelbulla.cl\/portal\/wp-json\/wp\/v2\/tags?post=7050"}],"curies":[{"name":"wp","href":"https:\/\/api.w.org\/{rel}","templated":true}]}}