{"id":7054,"date":"2015-03-13T06:37:08","date_gmt":"2015-03-13T06:37:08","guid":{"rendered":"http:\/\/www.rincondelbulla.cl\/portal\/?p=7054"},"modified":"2016-02-25T13:41:09","modified_gmt":"2016-02-25T13:41:09","slug":"la-previa-superclasico-solo-por-el-honor","status":"publish","type":"post","link":"https:\/\/www.rincondelbulla.cl\/portal\/2015\/03\/13\/la-previa-superclasico-solo-por-el-honor\/","title":{"rendered":"La previa: Supercl\u00e1sico solo por el honor"},"content":{"rendered":"<p><a href=\"http:\/\/www.rincondelbulla.cl\/portal\/wp-content\/uploads\/2014\/10\/vscolocolo2.jpg\"><img loading=\"lazy\" decoding=\"async\" class=\"alignnone size-full wp-image-5766\" src=\"http:\/\/www.rincondelbulla.cl\/portal\/wp-content\/uploads\/2014\/10\/vscolocolo2.jpg\" alt=\"vscolocolo2\" width=\"1100\" height=\"700\" srcset=\"https:\/\/www.rincondelbulla.cl\/portal\/wp-content\/uploads\/2014\/10\/vscolocolo2.jpg 1100w, https:\/\/www.rincondelbulla.cl\/portal\/wp-content\/uploads\/2014\/10\/vscolocolo2-300x191.jpg 300w, https:\/\/www.rincondelbulla.cl\/portal\/wp-content\/uploads\/2014\/10\/vscolocolo2-768x489.jpg 768w, https:\/\/www.rincondelbulla.cl\/portal\/wp-content\/uploads\/2014\/10\/vscolocolo2-696x443.jpg 696w, https:\/\/www.rincondelbulla.cl\/portal\/wp-content\/uploads\/2014\/10\/vscolocolo2-1068x680.jpg 1068w, https:\/\/www.rincondelbulla.cl\/portal\/wp-content\/uploads\/2014\/10\/vscolocolo2-660x420.jpg 660w\" sizes=\"auto, (max-width: 1100px) 100vw, 1100px\" \/><\/a><\/p>\n<p><strong>Los azules buscar\u00e1n ganar el cl\u00e1sico ante el cacique y darle una alegr\u00eda a su gente en medio de un deplorable papel en el torneo local.<\/strong><!--more--><\/p>\n<p>Desde las 16 horas del s\u00e1bado en el Estadio Nacional, Universidad de Chile recibir\u00e1 a Colo Colo en una nueva edici\u00f3n del supercl\u00e1sico chileno, con el arbitraje de Eduardo Gamboa. Los azules buscar\u00e1n ganar el partido m\u00e1s importante del torneo, siendo esta su \u00fanica aspiraci\u00f3n, pues sus actuales 11 puntos los tienen lejos de la lucha por la punta.<\/p>\n<p>En frente estar\u00e1 un cuadro albo que viene de derrotar como local por 3-0 a la U de Concepci\u00f3n y que se ubica segundo con 20 unidades.<\/p>\n<p><strong>Formaci\u00f3n de la \u201cU\u201d<\/strong><\/p>\n<p>Ni Osvaldo Gonz\u00e1lez ni Cristian Su\u00e1rez podr\u00e1n jugar el cl\u00e1sico, por lo que la defensa se ver\u00e1 alterada en lo que es habitualmente. Ante esto, \u201cMachete\u201d Lasarte repetir\u00eda el equipo que se impuso en Arica, salvo por Mart\u00ednez y Benegas, quienes ser\u00edan relegados al banco.<\/p>\n<p>El cuadro laico saltar\u00eda a la cancha \u00f1u\u00f1o\u00edna con Johnny Herrera; Math\u00edas Corujo, Benjam\u00edn Vidal, Jos\u00e9 Rojas, Cristi\u00e1n Cuevas; Guzm\u00e1n Pereira, Gonzalo Espinoza, Gustavo Lorenzetti; Sebasti\u00e1n Ubilla, Gustavo Canales y Maxi Rodr\u00edguez.<\/p>\n<p><strong>Historial y estad\u00edsticas<\/strong><\/p>\n<p>La \u00faltima vez que ambos se enfrentaron, fue el 19 de octubre del a\u00f1o pasado en el Estadio Monumental, con victoria por 2-0 para los albos. En tanto, en el Nacional chocaron por \u00faltima vez el 6 de abril de 2014, con victoria alba por 1-0 con autogol de Cereceda.<\/p>\n<p>Pese a ello, la \u201cU\u201d viene con paternidad frente a su cl\u00e1sico en los \u00faltimos enfrentamientos en \u00d1u\u00f1oa. De los pasados 5 partidos en el Nacional, gan\u00f3 4 y cay\u00f3 solo en uno.<\/p>\n<p>En cuanto al historial, se han enfrentado en 176 oportunidades por el torneo local, con 48 triunfos azules, 50 empates y 78 derrotas, con 227 goles a favor, 294 en contra y un 41% de rendimiento.<\/p>\n<p><strong>Venta de entradas<\/strong><\/p>\n<p>Para este partido las entradas se compran a trav\u00e9s del sistema puntoticket.cl. Los precios son: Ni\u00f1os galer\u00eda $6.000, Galer\u00eda sur y norte $10.000, Andes $15.000, Pac\u00edfico lateral sur $30.000, Fuera Marquesina $50.000 y Bajo Marquesina $70.000.<\/p>\n<p>Solo abonados podr\u00e1n comprar entradas a otras personas en sectores de galer\u00eda (hasta 8 entradas), mientras que el resto de los sectores es de compra liberada. Las entradas de galer\u00eda deben ser retiradas en las boleter\u00edas del Estadio Nacional. Se autoriz\u00f3 un aforo m\u00e1ximo de 30 mil espectadores.<\/p>\n<p><strong>Transmisi\u00f3n<\/strong><\/p>\n<p>El partido ser\u00e1 transmitido en vivo por CDF Premium y CDF HD con una hora de previa. Adem\u00e1s, podr\u00e1s seguir el minuto a minuto en el fan page de Rinc\u00f3n del Bulla.<\/p>\n","protected":false},"excerpt":{"rendered":"<p>Los azules buscar\u00e1n ganar el cl\u00e1sico ante el cacique y darle una alegr\u00eda a su gente en medio de un deplorable papel en el torneo local.<\/p>\n","protected":false},"author":21380,"featured_media":5766,"comment_status":"closed","ping_status":"open","sticky":false,"template":"","format":"standard","meta":{"footnotes":""},"categories":[18,1],"tags":[454,37,157],"class_list":{"0":"post-7054","1":"post","2":"type-post","3":"status-publish","4":"format-standard","5":"has-post-thumbnail","7":"category-actualidad","8":"category-sin-categoria","9":"tag-actualidad","10":"tag-la-previa","11":"tag-portada"},"_links":{"self":[{"href":"https:\/\/www.rincondelbulla.cl\/portal\/wp-json\/wp\/v2\/posts\/7054","targetHints":{"allow":["GET"]}}],"collection":[{"href":"https:\/\/www.rincondelbulla.cl\/portal\/wp-json\/wp\/v2\/posts"}],"about":[{"href":"https:\/\/www.rincondelbulla.cl\/portal\/wp-json\/wp\/v2\/types\/post"}],"author":[{"embeddable":true,"href":"https:\/\/www.rincondelbulla.cl\/portal\/wp-json\/wp\/v2\/users\/21380"}],"replies":[{"embeddable":true,"href":"https:\/\/www.rincondelbulla.cl\/portal\/wp-json\/wp\/v2\/comments?post=7054"}],"version-history":[{"count":1,"href":"https:\/\/www.rincondelbulla.cl\/portal\/wp-json\/wp\/v2\/posts\/7054\/revisions"}],"predecessor-version":[{"id":7055,"href":"https:\/\/www.rincondelbulla.cl\/portal\/wp-json\/wp\/v2\/posts\/7054\/revisions\/7055"}],"wp:featuredmedia":[{"embeddable":true,"href":"https:\/\/www.rincondelbulla.cl\/portal\/wp-json\/wp\/v2\/media\/5766"}],"wp:attachment":[{"href":"https:\/\/www.rincondelbulla.cl\/portal\/wp-json\/wp\/v2\/media?parent=7054"}],"wp:term":[{"taxonomy":"category","embeddable":true,"href":"https:\/\/www.rincondelbulla.cl\/portal\/wp-json\/wp\/v2\/categories?post=7054"},{"taxonomy":"post_tag","embeddable":true,"href":"https:\/\/www.rincondelbulla.cl\/portal\/wp-json\/wp\/v2\/tags?post=7054"}],"curies":[{"name":"wp","href":"https:\/\/api.w.org\/{rel}","templated":true}]}}