{"id":7056,"date":"2015-03-13T15:34:36","date_gmt":"2015-03-13T15:34:36","guid":{"rendered":"http:\/\/www.rincondelbulla.cl\/portal\/?p=7056"},"modified":"2015-03-13T15:34:36","modified_gmt":"2015-03-13T15:34:36","slug":"lasarte-ganar-el-clasico-no-salva-el-ano-pero-maquilla","status":"publish","type":"post","link":"https:\/\/www.rincondelbulla.cl\/portal\/2015\/03\/13\/lasarte-ganar-el-clasico-no-salva-el-ano-pero-maquilla\/","title":{"rendered":"Lasarte: \u00abGanar el cl\u00e1sico no salva el a\u00f1o, pero maquilla\u00bb"},"content":{"rendered":"<figure id=\"attachment_6754\" aria-describedby=\"caption-attachment-6754\" style=\"width: 1100px\" class=\"wp-caption alignnone\"><a href=\"http:\/\/www.rincondelbulla.cl\/portal\/wp-content\/uploads\/2015\/01\/martin13.jpg\"><img loading=\"lazy\" decoding=\"async\" class=\"size-full wp-image-6754\" src=\"http:\/\/www.rincondelbulla.cl\/portal\/wp-content\/uploads\/2015\/01\/martin13.jpg\" alt=\"Foto: Claudio C\u00e1ceres\" width=\"1100\" height=\"700\" srcset=\"https:\/\/www.rincondelbulla.cl\/portal\/wp-content\/uploads\/2015\/01\/martin13.jpg 1100w, https:\/\/www.rincondelbulla.cl\/portal\/wp-content\/uploads\/2015\/01\/martin13-300x191.jpg 300w, https:\/\/www.rincondelbulla.cl\/portal\/wp-content\/uploads\/2015\/01\/martin13-768x489.jpg 768w, https:\/\/www.rincondelbulla.cl\/portal\/wp-content\/uploads\/2015\/01\/martin13-696x443.jpg 696w, https:\/\/www.rincondelbulla.cl\/portal\/wp-content\/uploads\/2015\/01\/martin13-1068x680.jpg 1068w, https:\/\/www.rincondelbulla.cl\/portal\/wp-content\/uploads\/2015\/01\/martin13-660x420.jpg 660w\" sizes=\"auto, (max-width: 1100px) 100vw, 1100px\" \/><\/a><figcaption id=\"caption-attachment-6754\" class=\"wp-caption-text\">Foto: Claudio C\u00e1ceres<\/figcaption><\/figure>\n<p><strong>A poco m\u00e1s de 24 horas del Supercl\u00e1sico el profe Mart\u00edn Lasarte se sent\u00f3 en la sala de prensa para dialogar con los medios, una conferencia como hace rato no se viv\u00eda en el CDA donde \u201cMachete\u201d dio momento para bromas y se mostr\u00f3 de muy buen \u00e1nimo de cara al partido frente a los incoloros.<\/strong><!--more--><\/p>\n<p>Comenz\u00f3 recalcando \u201clo importante de trabajar una semana completa, sin tener un partido a mitad de semana como en ocasiones anteriores\u201d y continu\u00f3 declarando respecto al cl\u00e1sico<strong> \u201cEste es un partido diferente, es un partido en s\u00ed, he tenido la suerte de disputar en muchas ocasiones este tipo de partidos, me ha ido bien, me ha ido mal y me ha ido regular, pero los he disputado\u201d<\/strong>.<\/p>\n<p>Respecto al momento del equipo rescato que \u201ces primera vez en el semestre llevamos dos partidos ganados en serie, la semana pasada el equipo no recibi\u00f3 goles en el norte, tambi\u00e9n por primera vez en el semestre, y analizando el juego fue un partido correcto defensivamente hablando\u201d.<\/p>\n<p>Analiz\u00f3 el presente del equipo diciendo que \u201ca los jugadores los veo bien, entusiasmados con el partido, es un partido importante para cualquier jugador, hay jugadores con m\u00e1s experiencia que otros en este tipo de partidos, pero eso no te asegura nada, la historia no est\u00e1 escrita ni en estos partidos ni en los otros\u201d. Consultado sobre la situaci\u00f3n de Herrera tan chimentada en los medios asever\u00f3 que <strong>\u201cJohnny ten\u00eda un compromiso y asisti\u00f3 como todos sabiamos, no hay nada extra\u00f1o en eso. Por lo dem\u00e1s siempre ha tenido un comportamiento muy profesional con nosotros tanto adentro como afuera de la cancha, claro que los ojos est\u00e1n m\u00e1s puestos sobre \u00e9l por su historia, pero a mi me ense\u00f1aron cuando comenc\u00e9 en el f\u00fatbol que si estaba en un lugar p\u00fablico y me estaba tomando una bebida cola iban a decir que me estaba bebiendo un tinto, y esto es as\u00ed, as\u00ed son ustedes y uno debe resguardarse m\u00e1s de lo normal\u201d.<\/strong><\/p>\n<p>Finalmente al ser consultado por la alineaci\u00f3n para el cl\u00e1sico asegur\u00f3 que \u201cla tengo lista, ya tengo alineaci\u00f3n confirmada, pero eso no se los voy a decir\u201d declar\u00f3 entre risas, para concluir afirmando que <strong>\u201cGanar el cl\u00e1sico no salva el a\u00f1o, pero maquilla, y saldremos a ganar como en todos los partidos\u201d<\/strong><\/p>\n","protected":false},"excerpt":{"rendered":"<p>A poco m\u00e1s de 24 horas del Supercl\u00e1sico el profe Mart\u00edn Lasarte se sent\u00f3 en la sala de prensa para dialogar con los medios, una conferencia como hace rato no se viv\u00eda en el CDA donde \u201cMachete\u201d dio momento para bromas y se mostr\u00f3 de muy buen \u00e1nimo de cara al partido frente a los [&#8230;]<\/p>\n","protected":false},"author":21381,"featured_media":6754,"comment_status":"closed","ping_status":"open","sticky":false,"template":"","format":"standard","meta":{"footnotes":""},"categories":[18],"tags":[224,157],"class_list":{"0":"post-7056","1":"post","2":"type-post","3":"status-publish","4":"format-standard","5":"has-post-thumbnail","7":"category-actualidad","8":"tag-martin-lasarte","9":"tag-portada"},"_links":{"self":[{"href":"https:\/\/www.rincondelbulla.cl\/portal\/wp-json\/wp\/v2\/posts\/7056","targetHints":{"allow":["GET"]}}],"collection":[{"href":"https:\/\/www.rincondelbulla.cl\/portal\/wp-json\/wp\/v2\/posts"}],"about":[{"href":"https:\/\/www.rincondelbulla.cl\/portal\/wp-json\/wp\/v2\/types\/post"}],"author":[{"embeddable":true,"href":"https:\/\/www.rincondelbulla.cl\/portal\/wp-json\/wp\/v2\/users\/21381"}],"replies":[{"embeddable":true,"href":"https:\/\/www.rincondelbulla.cl\/portal\/wp-json\/wp\/v2\/comments?post=7056"}],"version-history":[{"count":1,"href":"https:\/\/www.rincondelbulla.cl\/portal\/wp-json\/wp\/v2\/posts\/7056\/revisions"}],"predecessor-version":[{"id":7057,"href":"https:\/\/www.rincondelbulla.cl\/portal\/wp-json\/wp\/v2\/posts\/7056\/revisions\/7057"}],"wp:featuredmedia":[{"embeddable":true,"href":"https:\/\/www.rincondelbulla.cl\/portal\/wp-json\/wp\/v2\/media\/6754"}],"wp:attachment":[{"href":"https:\/\/www.rincondelbulla.cl\/portal\/wp-json\/wp\/v2\/media?parent=7056"}],"wp:term":[{"taxonomy":"category","embeddable":true,"href":"https:\/\/www.rincondelbulla.cl\/portal\/wp-json\/wp\/v2\/categories?post=7056"},{"taxonomy":"post_tag","embeddable":true,"href":"https:\/\/www.rincondelbulla.cl\/portal\/wp-json\/wp\/v2\/tags?post=7056"}],"curies":[{"name":"wp","href":"https:\/\/api.w.org\/{rel}","templated":true}]}}