{"id":7113,"date":"2015-03-31T22:01:20","date_gmt":"2015-03-31T22:01:20","guid":{"rendered":"http:\/\/www.rincondelbulla.cl\/portal\/?p=7113"},"modified":"2015-03-31T22:06:00","modified_gmt":"2015-03-31T22:06:00","slug":"guzman-en-conferencia-y-banana-suarez-mas-fuera-que-adentro","status":"publish","type":"post","link":"https:\/\/www.rincondelbulla.cl\/portal\/2015\/03\/31\/guzman-en-conferencia-y-banana-suarez-mas-fuera-que-adentro\/","title":{"rendered":"Guzm\u00e1n en conferencia y \u00abBanana\u00bb Su\u00e1rez m\u00e1s fuera que adentro"},"content":{"rendered":"<figure id=\"attachment_5814\" aria-describedby=\"caption-attachment-5814\" style=\"width: 1100px\" class=\"wp-caption alignnone\"><a href=\"http:\/\/www.rincondelbulla.cl\/portal\/wp-content\/uploads\/2014\/10\/guzman-pereira3.jpg\"><img loading=\"lazy\" decoding=\"async\" class=\"size-full wp-image-5814\" src=\"http:\/\/www.rincondelbulla.cl\/portal\/wp-content\/uploads\/2014\/10\/guzman-pereira3.jpg\" alt=\"El mediocampista indic\u00f3 que \u201csolo piensan en Palestino - Foto: Claudio C\u00e1ceres\" width=\"1100\" height=\"700\" srcset=\"https:\/\/www.rincondelbulla.cl\/portal\/wp-content\/uploads\/2014\/10\/guzman-pereira3.jpg 1100w, https:\/\/www.rincondelbulla.cl\/portal\/wp-content\/uploads\/2014\/10\/guzman-pereira3-300x191.jpg 300w, https:\/\/www.rincondelbulla.cl\/portal\/wp-content\/uploads\/2014\/10\/guzman-pereira3-768x489.jpg 768w, https:\/\/www.rincondelbulla.cl\/portal\/wp-content\/uploads\/2014\/10\/guzman-pereira3-696x443.jpg 696w, https:\/\/www.rincondelbulla.cl\/portal\/wp-content\/uploads\/2014\/10\/guzman-pereira3-1068x680.jpg 1068w, https:\/\/www.rincondelbulla.cl\/portal\/wp-content\/uploads\/2014\/10\/guzman-pereira3-660x420.jpg 660w\" sizes=\"auto, (max-width: 1100px) 100vw, 1100px\" \/><\/a><figcaption id=\"caption-attachment-5814\" class=\"wp-caption-text\">El mediocampista indic\u00f3 que \u201csolo piensan en Palestino &#8211; Foto: Claudio C\u00e1ceres<\/figcaption><\/figure>\n<p><strong>Guzm\u00e1n Pereira no tuvo pelos en la lengua para hablar del dif\u00edcil momento azul y asegur\u00f3 que dentro del plantel \u00abNos da verg\u00fcenza mirar la tabla donde estamos\u00bb asegurando que el plantel est\u00e1 comprometido en ganar todo lo que queda tanto en lo local como lo internacional<\/strong>.<\/p>\n<p><!--more--><\/p>\n<p>El Charrua se sent\u00f3 en la sala de prensa y con la franqueza que lo caracteriza se refiri\u00f3 al encuentro del s\u00e1bado \u201cNo pensamos en que vamos a ayudar a Colo Colo<strong>.Nuestro objetivo es ganar y terminar lo m\u00e1s arriba posible<\/strong>\u201d.<\/p>\n<p>De la misma manera en que le baj\u00f3 la importancia a un cl\u00e1sico asegurando que \u201cDa un poco de verg\u00fcenza deportiva la posici\u00f3n en que estamos. Tenemos que terminar lo m\u00e1s arriba posible. En el momento en que estamos todos los partidos son importantes. Entiendo que sea un cl\u00e1sico, pero todos los partidos tienen la misma relevancia\u201d<\/p>\n<p>Y de la misma manera analiz\u00f3 la realidad cruzada aseverando que \u00abCat\u00f3lica est\u00e1 pasando por un buen momento, pero no miramos lo que hacen. Tenemos que pensar en nosotros. <strong>No s\u00e9 si lo ser\u00e1n los favoritos, nosotros buscaremos nuestro juego<\/strong>\u00ab.<\/p>\n<p>Cerrando la conferencia de prensa no dud\u00f3 en apoyar la continuidad de su compatriota, \u00ab\u00bfMaxi Rodr\u00edguez? Ojal\u00e1 pueda quedarse. Es un jugador diferente, pero necesita confianza y tiempo. Ojal\u00e1 lo pueda mostrar en alg\u00fan momento\u00bb.<\/p>\n<p><strong>Lasarte le baja el pulgar a Su\u00e1rez<\/strong><br \/>\nSeg\u00fan trascendidos \u201cMachete\u201d le habr\u00eda bajado el pulgar a la compra de Cristi\u00e1n Su\u00e1rez, quien se perder\u00e1 el resto del torneo. Y es que luego de diversos problemas extrafutbolisticos el t\u00e9cnico prefiere evitar problemas al interior del plantel y mantener un camar\u00edn unido. Todo esto ya que en m\u00e1s de una ocasi\u00f3n el jugador se ha visto involucrado en confusos incidentes, siendo el \u00faltimo a horas de perder el cl\u00e1sico frente a los incoloros (Su\u00e1rez no jug\u00f3 por lesi\u00f3n) que el central fue involucrado en una pelea a botellazos en su natal San Felipe, situaci\u00f3n que hipotec\u00f3 su relaci\u00f3n al interior del plantel.<\/p>\n","protected":false},"excerpt":{"rendered":"<p>Guzm\u00e1n Pereira no tuvo pelos en la lengua para hablar del dif\u00edcil momento azul y asegur\u00f3 que dentro del plantel \u00abNos da verg\u00fcenza mirar la tabla donde estamos\u00bb asegurando que el plantel est\u00e1 comprometido en ganar todo lo que queda tanto en lo local como lo internacional.<\/p>\n","protected":false},"author":21381,"featured_media":5814,"comment_status":"closed","ping_status":"open","sticky":false,"template":"","format":"standard","meta":{"footnotes":""},"categories":[18],"tags":[287,281,157],"class_list":{"0":"post-7113","1":"post","2":"type-post","3":"status-publish","4":"format-standard","5":"has-post-thumbnail","7":"category-actualidad","8":"tag-cristian-suarez","9":"tag-guzman-pereira","10":"tag-portada"},"_links":{"self":[{"href":"https:\/\/www.rincondelbulla.cl\/portal\/wp-json\/wp\/v2\/posts\/7113","targetHints":{"allow":["GET"]}}],"collection":[{"href":"https:\/\/www.rincondelbulla.cl\/portal\/wp-json\/wp\/v2\/posts"}],"about":[{"href":"https:\/\/www.rincondelbulla.cl\/portal\/wp-json\/wp\/v2\/types\/post"}],"author":[{"embeddable":true,"href":"https:\/\/www.rincondelbulla.cl\/portal\/wp-json\/wp\/v2\/users\/21381"}],"replies":[{"embeddable":true,"href":"https:\/\/www.rincondelbulla.cl\/portal\/wp-json\/wp\/v2\/comments?post=7113"}],"version-history":[{"count":1,"href":"https:\/\/www.rincondelbulla.cl\/portal\/wp-json\/wp\/v2\/posts\/7113\/revisions"}],"predecessor-version":[{"id":7114,"href":"https:\/\/www.rincondelbulla.cl\/portal\/wp-json\/wp\/v2\/posts\/7113\/revisions\/7114"}],"wp:featuredmedia":[{"embeddable":true,"href":"https:\/\/www.rincondelbulla.cl\/portal\/wp-json\/wp\/v2\/media\/5814"}],"wp:attachment":[{"href":"https:\/\/www.rincondelbulla.cl\/portal\/wp-json\/wp\/v2\/media?parent=7113"}],"wp:term":[{"taxonomy":"category","embeddable":true,"href":"https:\/\/www.rincondelbulla.cl\/portal\/wp-json\/wp\/v2\/categories?post=7113"},{"taxonomy":"post_tag","embeddable":true,"href":"https:\/\/www.rincondelbulla.cl\/portal\/wp-json\/wp\/v2\/tags?post=7113"}],"curies":[{"name":"wp","href":"https:\/\/api.w.org\/{rel}","templated":true}]}}