{"id":7149,"date":"2015-04-09T18:28:08","date_gmt":"2015-04-09T18:28:08","guid":{"rendered":"http:\/\/www.rincondelbulla.cl\/portal\/?p=7149"},"modified":"2015-04-09T21:34:05","modified_gmt":"2015-04-09T21:34:05","slug":"magalhaes-quiere-titularidad-y-respaldo-a-lasarte","status":"publish","type":"post","link":"https:\/\/www.rincondelbulla.cl\/portal\/2015\/04\/09\/magalhaes-quiere-titularidad-y-respaldo-a-lasarte\/","title":{"rendered":"Magalhaes quiere titularidad y respald\u00f3 a Lasarte"},"content":{"rendered":"<p><a href=\"http:\/\/www.rincondelbulla.cl\/portal\/wp-content\/uploads\/2015\/04\/paulo-II-Y-ELEGIDA.jpg\"><img loading=\"lazy\" decoding=\"async\" class=\"aligncenter size-full wp-image-7150\" src=\"http:\/\/www.rincondelbulla.cl\/portal\/wp-content\/uploads\/2015\/04\/paulo-II-Y-ELEGIDA.jpg\" alt=\"paulo II Y ELEGIDA\" width=\"1100\" height=\"733\" srcset=\"https:\/\/www.rincondelbulla.cl\/portal\/wp-content\/uploads\/2015\/04\/paulo-II-Y-ELEGIDA.jpg 1100w, https:\/\/www.rincondelbulla.cl\/portal\/wp-content\/uploads\/2015\/04\/paulo-II-Y-ELEGIDA-300x200.jpg 300w, https:\/\/www.rincondelbulla.cl\/portal\/wp-content\/uploads\/2015\/04\/paulo-II-Y-ELEGIDA-768x512.jpg 768w, https:\/\/www.rincondelbulla.cl\/portal\/wp-content\/uploads\/2015\/04\/paulo-II-Y-ELEGIDA-696x464.jpg 696w, https:\/\/www.rincondelbulla.cl\/portal\/wp-content\/uploads\/2015\/04\/paulo-II-Y-ELEGIDA-1068x712.jpg 1068w, https:\/\/www.rincondelbulla.cl\/portal\/wp-content\/uploads\/2015\/04\/paulo-II-Y-ELEGIDA-630x420.jpg 630w\" sizes=\"auto, (max-width: 1100px) 100vw, 1100px\" \/><\/a><\/p>\n<p>&nbsp;<\/p>\n<p class=\"p1\"><strong><span class=\"s1\">El lateral de Universidad de Chile, convers\u00f3 con los medios de comunicaci\u00f3n en el CDA y analiz\u00f3 el actual que vive en los azules, de pasada respald\u00f3 a Lasarte y su forma de trabajo.<\/span><\/strong><!--more--><\/p>\n<p class=\"p1\">En Universidad\u00a0 est\u00e1n m\u00e1s contentos, el triunfo ante la Uc reafirm\u00f3 la confianza del grupo y gener\u00f3 apetito de triunfos. Paulo Magalhaes, uno de los buenos rendimientos del partido en San Carlos, se refiri\u00f3\u00a0 al actual momento que viven los azules, <strong>\u201cnosotros debemos seguir en la senda de los triunfos para llegar con la confianza en alto de cara al duelo con Inter\u201d<\/strong>.<\/p>\n<p class=\"p1\"><span class=\"s1\">Si bien el bicampeonato ya no es un objetivo, la idea de los azules<span class=\"Apple-converted-space\">\u00a0 <\/span>es aprovechar el buen momento para posicionarse lo m\u00e1s arriba posible,<strong> \u201cya no se est\u00e1 guardando a nadie. Todos los partidos son fundamentales, porque queremos terminar lo m\u00e1s arriba posible\u201d<\/strong>, se\u00f1al\u00f3 el lateral de la U.<\/span><\/p>\n<p class=\"p1\"><span class=\"s1\">Paulo Magalhaes no es del gusto de la mayor\u00eda de los hinchas, azules y eso se aprecia en la mayor\u00eda del los comentarios que se leen en las redes sociales, sin embargo, el \u00abMaga\u00bb se siente capaz de rendir en el equipo y ser un aporte para el t\u00e9cnico Mart\u00edn Lasarte.<\/span><\/p>\n<p class=\"p1\"><span class=\"s1\">Y en relaci\u00f3n a la lucha por la titularidad, Magalhaes se\u00f1al\u00f3,<strong> \u201cestamos viviendo una competencia muy sana y para m\u00ed es muy importante que Math\u00edas (Corujo) est\u00e9 a un gran nivel, pues me pone competencia\u201d<\/strong>. Tambi\u00e9n se refiri\u00f3 a una posible contrataci\u00f3n refuerzos en defensa el lateral a\u00f1adi\u00f3, <strong>\u201cmientras m\u00e1s competencia tenga mejor rindo en la cancha, as\u00ed que no me hago problemas<\/strong>\u201d.<\/span><\/p>\n<p class=\"p1\"><span class=\"s1\">En relaci\u00f3n al partido de la pr\u00f3xima fecha ante su ex equipo, Cobreloa, Magalhaes mencion\u00f3 que <strong>\u201clo vemos como un duelo muy complicado. Ellos se jugar\u00e1n su opci\u00f3n, pero nosotros debemos seguir ganando\u201d.<\/strong><\/span><\/p>\n<p class=\"p1\"><span class=\"s1\">Sobre la continuidad de Mart\u00edn Lasarte en la banca del a U, Magalhaes no escondi\u00f3 sus deseos<span class=\"Apple-converted-space\">\u00a0 <\/span>de que el charr\u00faa contin\u00fae como el t\u00e9cnico de los azules , <strong>\u201cel t\u00e9cnico tiene todo el respaldo de nosotros. Ha hecho un gran trabajo. Se not\u00f3 la ausencia de \u00e9l a principio de campeonato, y con \u00e9l m\u00e1s presente se ha notado la mano.\u201d<\/strong>, se\u00f1al\u00f3.<\/span><\/p>\n<p class=\"p1\"><span class=\"s1\">El partido ante Cobreloa est\u00e1 fijado para este s\u00e1bado a la 18:30 hrs. en el Estadio Nacional.<\/span><\/p>\n","protected":false},"excerpt":{"rendered":"<p>&nbsp; El lateral de Universidad de Chile, convers\u00f3 con los medios de comunicaci\u00f3n en el CDA y analiz\u00f3 el actual que vive en los azules, de pasada respald\u00f3 a Lasarte y su forma de trabajo.<\/p>\n","protected":false},"author":56,"featured_media":7150,"comment_status":"closed","ping_status":"open","sticky":false,"template":"","format":"standard","meta":{"footnotes":""},"categories":[18],"tags":[454,338,344,157],"class_list":{"0":"post-7149","1":"post","2":"type-post","3":"status-publish","4":"format-standard","5":"has-post-thumbnail","7":"category-actualidad","8":"tag-actualidad","9":"tag-clausura-2015","10":"tag-magalhaes","11":"tag-portada"},"_links":{"self":[{"href":"https:\/\/www.rincondelbulla.cl\/portal\/wp-json\/wp\/v2\/posts\/7149","targetHints":{"allow":["GET"]}}],"collection":[{"href":"https:\/\/www.rincondelbulla.cl\/portal\/wp-json\/wp\/v2\/posts"}],"about":[{"href":"https:\/\/www.rincondelbulla.cl\/portal\/wp-json\/wp\/v2\/types\/post"}],"author":[{"embeddable":true,"href":"https:\/\/www.rincondelbulla.cl\/portal\/wp-json\/wp\/v2\/users\/56"}],"replies":[{"embeddable":true,"href":"https:\/\/www.rincondelbulla.cl\/portal\/wp-json\/wp\/v2\/comments?post=7149"}],"version-history":[{"count":3,"href":"https:\/\/www.rincondelbulla.cl\/portal\/wp-json\/wp\/v2\/posts\/7149\/revisions"}],"predecessor-version":[{"id":7153,"href":"https:\/\/www.rincondelbulla.cl\/portal\/wp-json\/wp\/v2\/posts\/7149\/revisions\/7153"}],"wp:featuredmedia":[{"embeddable":true,"href":"https:\/\/www.rincondelbulla.cl\/portal\/wp-json\/wp\/v2\/media\/7150"}],"wp:attachment":[{"href":"https:\/\/www.rincondelbulla.cl\/portal\/wp-json\/wp\/v2\/media?parent=7149"}],"wp:term":[{"taxonomy":"category","embeddable":true,"href":"https:\/\/www.rincondelbulla.cl\/portal\/wp-json\/wp\/v2\/categories?post=7149"},{"taxonomy":"post_tag","embeddable":true,"href":"https:\/\/www.rincondelbulla.cl\/portal\/wp-json\/wp\/v2\/tags?post=7149"}],"curies":[{"name":"wp","href":"https:\/\/api.w.org\/{rel}","templated":true}]}}