{"id":7281,"date":"2015-05-30T13:10:59","date_gmt":"2015-05-30T13:10:59","guid":{"rendered":"http:\/\/www.rincondelbulla.cl\/portal\/?p=7281"},"modified":"2015-05-30T13:10:59","modified_gmt":"2015-05-30T13:10:59","slug":"la-u-compra-el-pase-corujo","status":"publish","type":"post","link":"https:\/\/www.rincondelbulla.cl\/portal\/2015\/05\/30\/la-u-compra-el-pase-corujo\/","title":{"rendered":"La U compra el pase Corujo"},"content":{"rendered":"<figure id=\"attachment_5914\" aria-describedby=\"caption-attachment-5914\" style=\"width: 1100px\" class=\"wp-caption aligncenter\"><a href=\"http:\/\/www.rincondelbulla.cl\/portal\/wp-content\/uploads\/2014\/11\/mathias_corujo_gol.jpg\"><img loading=\"lazy\" decoding=\"async\" class=\"size-full wp-image-5914\" src=\"http:\/\/www.rincondelbulla.cl\/portal\/wp-content\/uploads\/2014\/11\/mathias_corujo_gol.jpg\" alt=\"El jugador seguir\u00e1 ligado a los azules - Foto: Patricio Gonz\u00e1lez\" width=\"1100\" height=\"700\" srcset=\"https:\/\/www.rincondelbulla.cl\/portal\/wp-content\/uploads\/2014\/11\/mathias_corujo_gol.jpg 1100w, https:\/\/www.rincondelbulla.cl\/portal\/wp-content\/uploads\/2014\/11\/mathias_corujo_gol-300x191.jpg 300w, https:\/\/www.rincondelbulla.cl\/portal\/wp-content\/uploads\/2014\/11\/mathias_corujo_gol-768x489.jpg 768w, https:\/\/www.rincondelbulla.cl\/portal\/wp-content\/uploads\/2014\/11\/mathias_corujo_gol-696x443.jpg 696w, https:\/\/www.rincondelbulla.cl\/portal\/wp-content\/uploads\/2014\/11\/mathias_corujo_gol-1068x680.jpg 1068w, https:\/\/www.rincondelbulla.cl\/portal\/wp-content\/uploads\/2014\/11\/mathias_corujo_gol-660x420.jpg 660w\" sizes=\"auto, (max-width: 1100px) 100vw, 1100px\" \/><\/a><figcaption id=\"caption-attachment-5914\" class=\"wp-caption-text\">El jugador seguir\u00e1 ligado a los azules &#8211; Foto: Patricio Gonz\u00e1lez<\/figcaption><\/figure>\n<p>&nbsp;<\/p>\n<p class=\"p1\"><strong><span class=\"s1\">Azul Azul hizo v\u00e1lida la opci\u00f3n de compra del lateral charr\u00faa, con este el \u201cChiche\u201d seguir\u00e1 defendiendo a la U.<\/span><\/strong><!--more--><\/p>\n<p class=\"p1\">\n<p class=\"p1\"><span class=\"s1\">Quedando s\u00f3lo dos d\u00edas para que el plantel dirigido por Mart\u00edn Lasarte vuelva a los entrenamientos al CDA, en Azul Azul apuraron el tranco para concretar la renovaci\u00f3n de los jugadores que exigi\u00f3 \u201cMachete\u201d. Uno de los jugadores m\u00e1s dif\u00edciles de retener era el uruguayo Math\u00edas Corujo que pese a mostrar un gran nivel en los azules, el alto precio de su pase y las exigencias econ\u00f3micas del jugador hab\u00eda alejado la posibilidad que renovara con la U.<\/span><\/p>\n<p class=\"p1\"><span class=\"s1\">En Universidad de Chile lograron que en Cerro Porte\u00f1o se bajara el valor por la compra del pase, de esta forma los universitarios cancelaron cerca de US$ 550 mil por el jugador, cifra menor a los US4 700 mil que se ped\u00eda en un comienzo.<\/span><\/p>\n<p class=\"p1\"><span class=\"s1\">Victor Ag\u00fcero, presidente de Cerro Porte\u00f1o confirm\u00f3 la noticia a una radio nacional, <strong>\u201cel d\u00eda de hoy (Viernes), hemos recibido la comunicaci\u00f3n que Universidad de Chile hizo v\u00e1lida la opci\u00f3n de compra por el jugador, terminado el contrato de pr\u00e9stamo, donde los montos por el uruguayo ya estaban pactados\u00bb<\/strong>, se\u00f1al\u00f3 el dirigente.<\/span><\/p>\n<p class=\"p1\"><span class=\"s1\"><strong>\u201cNosotros est\u00e1bamos seguros que Math\u00edas iba a cumplir con las expectativas, que iba a dejar una excelente imagen y ha demostrado todo lo que val\u00eda\u201d<\/strong>, a\u00f1adi\u00f3 Ag\u00fcero.<\/span><\/p>\n<p class=\"p1\"><span class=\"s1\">Con esto, la dirigencia azul concret\u00f3 otro de los deseos de Mart\u00edn Lasarte y su cuerpo t\u00e9cnico, mantener los jugadores relevantes en el plantel. Corujo se suma as\u00ed a las renovaciones de, Sebasti\u00e1n Mart\u00ednez, Cristi\u00e1n Su\u00e1rez y Miguel Jim\u00e9nez.<\/span><\/p>\n","protected":false},"excerpt":{"rendered":"<p>&nbsp; Azul Azul hizo v\u00e1lida la opci\u00f3n de compra del lateral charr\u00faa, con este el \u201cChiche\u201d seguir\u00e1 defendiendo a la U.<\/p>\n","protected":false},"author":56,"featured_media":5914,"comment_status":"closed","ping_status":"open","sticky":false,"template":"","format":"standard","meta":{"footnotes":""},"categories":[18],"tags":[454,257,70,157,156],"class_list":{"0":"post-7281","1":"post","2":"type-post","3":"status-publish","4":"format-standard","5":"has-post-thumbnail","7":"category-actualidad","8":"tag-actualidad","9":"tag-mathias-corujo","10":"tag-movidas","11":"tag-portada","12":"tag-universidad-de-chile"},"_links":{"self":[{"href":"https:\/\/www.rincondelbulla.cl\/portal\/wp-json\/wp\/v2\/posts\/7281","targetHints":{"allow":["GET"]}}],"collection":[{"href":"https:\/\/www.rincondelbulla.cl\/portal\/wp-json\/wp\/v2\/posts"}],"about":[{"href":"https:\/\/www.rincondelbulla.cl\/portal\/wp-json\/wp\/v2\/types\/post"}],"author":[{"embeddable":true,"href":"https:\/\/www.rincondelbulla.cl\/portal\/wp-json\/wp\/v2\/users\/56"}],"replies":[{"embeddable":true,"href":"https:\/\/www.rincondelbulla.cl\/portal\/wp-json\/wp\/v2\/comments?post=7281"}],"version-history":[{"count":1,"href":"https:\/\/www.rincondelbulla.cl\/portal\/wp-json\/wp\/v2\/posts\/7281\/revisions"}],"predecessor-version":[{"id":7282,"href":"https:\/\/www.rincondelbulla.cl\/portal\/wp-json\/wp\/v2\/posts\/7281\/revisions\/7282"}],"wp:featuredmedia":[{"embeddable":true,"href":"https:\/\/www.rincondelbulla.cl\/portal\/wp-json\/wp\/v2\/media\/5914"}],"wp:attachment":[{"href":"https:\/\/www.rincondelbulla.cl\/portal\/wp-json\/wp\/v2\/media?parent=7281"}],"wp:term":[{"taxonomy":"category","embeddable":true,"href":"https:\/\/www.rincondelbulla.cl\/portal\/wp-json\/wp\/v2\/categories?post=7281"},{"taxonomy":"post_tag","embeddable":true,"href":"https:\/\/www.rincondelbulla.cl\/portal\/wp-json\/wp\/v2\/tags?post=7281"}],"curies":[{"name":"wp","href":"https:\/\/api.w.org\/{rel}","templated":true}]}}