{"id":7287,"date":"2015-06-05T00:42:06","date_gmt":"2015-06-05T00:42:06","guid":{"rendered":"http:\/\/www.rincondelbulla.cl\/portal\/?p=7287"},"modified":"2015-06-05T00:42:06","modified_gmt":"2015-06-05T00:42:06","slug":"machete-regreso-a-chile-fernandez-lejos-del-cda-y-canales-por-el-campeonato","status":"publish","type":"post","link":"https:\/\/www.rincondelbulla.cl\/portal\/2015\/06\/05\/machete-regreso-a-chile-fernandez-lejos-del-cda-y-canales-por-el-campeonato\/","title":{"rendered":"Machete regreso a Chile, Fernandez lejos del CDA, Y Canales por el Campeonato"},"content":{"rendered":"<figure id=\"attachment_7218\" aria-describedby=\"caption-attachment-7218\" style=\"width: 960px\" class=\"wp-caption alignnone\"><a href=\"http:\/\/www.rincondelbulla.cl\/portal\/wp-content\/uploads\/2015\/04\/Lasarte-sigue.jpg\"><img loading=\"lazy\" decoding=\"async\" class=\"size-full wp-image-7218\" src=\"http:\/\/www.rincondelbulla.cl\/portal\/wp-content\/uploads\/2015\/04\/Lasarte-sigue.jpg\" alt=\"Mart\u00edn Lasarte continuar\u00e1 siendo el t\u00e9cnico de la U por un a\u00f1o - Foto: Patricio Gonz\u00e1lez\" width=\"960\" height=\"640\" srcset=\"https:\/\/www.rincondelbulla.cl\/portal\/wp-content\/uploads\/2015\/04\/Lasarte-sigue.jpg 960w, https:\/\/www.rincondelbulla.cl\/portal\/wp-content\/uploads\/2015\/04\/Lasarte-sigue-300x200.jpg 300w, https:\/\/www.rincondelbulla.cl\/portal\/wp-content\/uploads\/2015\/04\/Lasarte-sigue-768x512.jpg 768w, https:\/\/www.rincondelbulla.cl\/portal\/wp-content\/uploads\/2015\/04\/Lasarte-sigue-696x464.jpg 696w, https:\/\/www.rincondelbulla.cl\/portal\/wp-content\/uploads\/2015\/04\/Lasarte-sigue-630x420.jpg 630w\" sizes=\"auto, (max-width: 960px) 100vw, 960px\" \/><\/a><figcaption id=\"caption-attachment-7218\" class=\"wp-caption-text\">\u00a0Foto: Patricio Gonz\u00e1lez<\/figcaption><\/figure>\n<p><strong>El d\u00eda de hoy hablo Machete luego de un par de meses de ausencia medi\u00e1tica, al menos, en Chile. A su vez Canales asegur\u00f3 que la obligaci\u00f3n azul es ser campe\u00f3n y se confirm\u00f3 la partida de Ram\u00f3n Fern\u00e1ndez.<\/strong><!--more--><\/p>\n<p>Mart\u00edn Lasarte se mostr\u00f3 conforme tanto con el plantel como por el esfuerzo mostrado por los dirigentes por mantener al mismo, \u00abLas circunstancias al d\u00eda de hoy son tareas encaminadas. Hasta que no se firma no se puede dar por hecho. Es dif\u00edcil que todos se queden, pero estoy satisfecho con el esfuerzo que el club est\u00e1 haciendo. Prefiero tardar en resolver lo que queremos y no hacer por hacer. El club se ha manejado con mucho tacto, con mucho tino. Ha buscado muchas situaciones muy seductoras, pero nos hemos encontrado con requerimientos econ\u00f3micos muy altos. Nos va a llevar un tiempo m\u00e1s\u00bb<\/p>\n<p>\u00abMe parece m\u00e1s extenso de lo normal, un buen tiempo de trabajo. Lo necesit\u00e1bamos, los primeros d\u00edas han sido de introducci\u00f3n y evaluaci\u00f3n. La pretemporada en s\u00ed misma va a empezar el lunes cuando trabajemos en doble turno toda la semana. Aquellos que ten\u00edan alguna dificultad con el peso est\u00e1n muy bien\u00bb asever\u00f3 sobre la larga pretemporada.<\/p>\n<p>Sobre los refuerzos confirm\u00f3 que la prioridad es conseguir un carrilero por izquierda, un especialista en ese sector de la cancha. Y adem\u00e1s se mostr\u00f3 muy conforme con los retornados \u00abUre\u00f1a, Farf\u00e1n, Castro, Santander y Maturana regresaron porque son activos del club y quer\u00edamos tomar una decisi\u00f3n observ\u00e1ndose. Nos queremos tomar un tiempo. Estamos hablando de futbolistas con un recorrido interesante. El club hab\u00eda gastado mucho dinero en su momento, y hoy la capacidad econ\u00f3mica dista de ese momento\u00bb<\/p>\n<p>Mucho se habl\u00f3 sobre la salida de Fern\u00e1ndez durante el d\u00eda, donde adem\u00e1s se daba por sentada su regreso a O&#8217;higgins de Rancagua. Consultado por la situaci\u00f3n Machete opino que \u201cLa salida de Ram\u00f3n es muy probable, el me pidi\u00f3 jugar m\u00e1s minutos, y est\u00e1 muy cerca de partir\u201d<\/p>\n<p>\u201cTenemos la Obligaci\u00f3n de Ser Campeones\u201d<\/p>\n<p>\u00abSiempre la motivaci\u00f3n existe y es necesaria, porque se arranca una nueva temporada en la que tenemos que estar a la altura de la exigencia que vamos a tener, que es lo m\u00e1s importante, salir campe\u00f3n. No tenemos muchas alternativas\u00bb, Asegur\u00f3 en una entrevista al sitio oficial el Goleador y referente Azul.<\/p>\n<p>La preparaci\u00f3n es fundamental y estamos con muchas ganas de hacerlo de la mejor forma para lo que viene, que ser\u00e1 duro\u00bb, dijo al mismo medio el nacionalizado Chileno.<\/p>\n","protected":false},"excerpt":{"rendered":"<p>El d\u00eda de hoy hablo Machete luego de un par de meses de ausencia medi\u00e1tica, al menos, en Chile. A su vez Canales asegur\u00f3 que la obligaci\u00f3n azul es ser campe\u00f3n y se confirm\u00f3 la partida de Ram\u00f3n Fern\u00e1ndez.<\/p>\n","protected":false},"author":21381,"featured_media":7218,"comment_status":"closed","ping_status":"open","sticky":false,"template":"","format":"standard","meta":{"footnotes":""},"categories":[18],"tags":[36,157,340],"class_list":{"0":"post-7287","1":"post","2":"type-post","3":"status-publish","4":"format-standard","5":"has-post-thumbnail","7":"category-actualidad","8":"tag-opinion","9":"tag-portada","10":"tag-pretemporada-2015"},"_links":{"self":[{"href":"https:\/\/www.rincondelbulla.cl\/portal\/wp-json\/wp\/v2\/posts\/7287","targetHints":{"allow":["GET"]}}],"collection":[{"href":"https:\/\/www.rincondelbulla.cl\/portal\/wp-json\/wp\/v2\/posts"}],"about":[{"href":"https:\/\/www.rincondelbulla.cl\/portal\/wp-json\/wp\/v2\/types\/post"}],"author":[{"embeddable":true,"href":"https:\/\/www.rincondelbulla.cl\/portal\/wp-json\/wp\/v2\/users\/21381"}],"replies":[{"embeddable":true,"href":"https:\/\/www.rincondelbulla.cl\/portal\/wp-json\/wp\/v2\/comments?post=7287"}],"version-history":[{"count":1,"href":"https:\/\/www.rincondelbulla.cl\/portal\/wp-json\/wp\/v2\/posts\/7287\/revisions"}],"predecessor-version":[{"id":7288,"href":"https:\/\/www.rincondelbulla.cl\/portal\/wp-json\/wp\/v2\/posts\/7287\/revisions\/7288"}],"wp:featuredmedia":[{"embeddable":true,"href":"https:\/\/www.rincondelbulla.cl\/portal\/wp-json\/wp\/v2\/media\/7218"}],"wp:attachment":[{"href":"https:\/\/www.rincondelbulla.cl\/portal\/wp-json\/wp\/v2\/media?parent=7287"}],"wp:term":[{"taxonomy":"category","embeddable":true,"href":"https:\/\/www.rincondelbulla.cl\/portal\/wp-json\/wp\/v2\/categories?post=7287"},{"taxonomy":"post_tag","embeddable":true,"href":"https:\/\/www.rincondelbulla.cl\/portal\/wp-json\/wp\/v2\/tags?post=7287"}],"curies":[{"name":"wp","href":"https:\/\/api.w.org\/{rel}","templated":true}]}}