{"id":7350,"date":"2015-07-06T21:32:04","date_gmt":"2015-07-06T21:32:04","guid":{"rendered":"http:\/\/www.rincondelbulla.cl\/portal\/?p=7350"},"modified":"2015-07-06T21:33:33","modified_gmt":"2015-07-06T21:33:33","slug":"se-acabo-la-espera-este-jueves-vuelve-la-u-a-las-canchas","status":"publish","type":"post","link":"https:\/\/www.rincondelbulla.cl\/portal\/2015\/07\/06\/se-acabo-la-espera-este-jueves-vuelve-la-u-a-las-canchas\/","title":{"rendered":"Se acab\u00f3 la espera: Este jueves vuelve la \u201cU\u201d a las canchas"},"content":{"rendered":"<figure id=\"attachment_7284\" aria-describedby=\"caption-attachment-7284\" style=\"width: 953px\" class=\"wp-caption alignnone\"><a href=\"http:\/\/www.rincondelbulla.cl\/portal\/wp-content\/uploads\/2015\/06\/Entrenamiento.jpg\"><img loading=\"lazy\" decoding=\"async\" class=\" wp-image-7284\" src=\"http:\/\/www.rincondelbulla.cl\/portal\/wp-content\/uploads\/2015\/06\/Entrenamiento.jpg\" alt=\"Los azules ya piensan en Curic\u00f3 Unido, su rival en el debut de la copa Chile MTS 2015. Foto: www.udechile.cl\" width=\"953\" height=\"555\" srcset=\"https:\/\/www.rincondelbulla.cl\/portal\/wp-content\/uploads\/2015\/06\/Entrenamiento.jpg 790w, https:\/\/www.rincondelbulla.cl\/portal\/wp-content\/uploads\/2015\/06\/Entrenamiento-300x175.jpg 300w, https:\/\/www.rincondelbulla.cl\/portal\/wp-content\/uploads\/2015\/06\/Entrenamiento-768x447.jpg 768w, https:\/\/www.rincondelbulla.cl\/portal\/wp-content\/uploads\/2015\/06\/Entrenamiento-696x405.jpg 696w, https:\/\/www.rincondelbulla.cl\/portal\/wp-content\/uploads\/2015\/06\/Entrenamiento-721x420.jpg 721w\" sizes=\"auto, (max-width: 953px) 100vw, 953px\" \/><\/a><figcaption id=\"caption-attachment-7284\" class=\"wp-caption-text\">Los azules ya piensan en Curic\u00f3 Unido, su rival en el debut de la copa Chile MTS 2015. Foto: www.udechile.cl<\/figcaption><\/figure>\n<p><strong>A\u00fan no se enfr\u00edan los inolvidables recuerdos que dejar\u00e1 el t\u00edtulo de la selecci\u00f3n chilena en Copa Am\u00e9rica y los hinchas azules ya nos empezamos a preparar para ver el retorno oficial de nuestro equipo a la competencia oficial. Curic\u00f3 Unido ser\u00e1 el rival en el debut en Copa Chile MTS 2015, mientras los nombres algunos refuerzos comienzan\u00a0 tomar fuerza: entre ellos Mat\u00edas Rodr\u00edguez.<\/strong><!--more--><\/p>\n<p>Solo un par de d\u00edas han pasado desde que Chile alz\u00f3 por primera vez la Copa Am\u00e9rica y los hinchas de la \u201cU\u201d comenzamos a dejar atr\u00e1s este logro para ponernos en sinton\u00eda con nuestro amado equipo. Este jueves 9 de julio, desde las 20:00 horas en el Estadio Nacional, los azules vuelven a la competencia oficial cuando enfrente en su debut por Copa Chile a Curic\u00f3 Unido.<\/p>\n<p>Para ello, el elenco dirigido por Mart\u00edn Lasarte trabaja de manera intensiva para llegar de manera \u00f3ptima al duelo con los curicanos. La \u201cU\u201d viene de caer 1-3 en un partido amistoso jugado el pasado s\u00e1bado frente a Santiago Wanderers en el CDA, pero la confianza de tener un triunfo este jueves siguen intactas.<\/p>\n<p>Gonzalo Espinoza habl\u00f3 este lunes con la prensa y dej\u00f3 en claro la importancia que el plantel le da a la Copa Chile MTS 2015. <strong>\u00abHay que afrontarla de la manera que se debe. Ahora da un cupo a la Libertadores, que es muy importante. Buscaremos arrancar de la mejor manera para tener un buen ritmo de cara al inicio del campeonato\u00bb,<\/strong> asegur\u00f3 el volante azul, quien al ser consultado por su estado f\u00edsico personal asegur\u00f3 que <strong>\u00abme siento bien. Realizamos una gran pretemporada que esperemos se refleje en el campeonato. Ahora estoy con una terapia en la espalda, pero ya estoy listo para poder jugar\u00bb.<\/strong><\/p>\n<p><strong>RUBIO, GONZ\u00c1LEZ, VALENCIA\u2026 \u00bfEL PERUANO CHRISTIAN CUEVA Y MAT\u00cdAS RODR\u00cdGUEZ?<\/strong><\/p>\n<p>La \u201cU\u201d ha jugado en su pretemporada una serie de amistosos donde Lasarte ha probado diferentes formaciones. Es en estas instancias donde el retornado Patricio Rubio y el refuerzo Renato Gonz\u00e1lez han comenzado tener sus primeros minutos con los azules, pensando en conformar alg\u00fan once inicial. Sobre la incorporaci\u00f3n de ambos, Espinoza dijo <strong>\u00abel que venga \u00a0a aportar siempre ser\u00e1 bienvenido y todos saben lo que realiz\u00f3 el Pato aqu\u00ed en la \u00abU\u00bb. Renato tambi\u00e9n es un gran jugador y esperamos que se adapte r\u00e1pidamente al grupo\u00bb.<\/strong><\/p>\n<p>Otro que ha sonado como posible refuerzo es el jugador de Palestino Leonardo Valencia. Si bien la informaci\u00f3n no ha sido confirmada, la llegada del formado en la \u201cU\u201d contar\u00eda con la sesi\u00f3n a pr\u00e9stamo de Enzo Guti\u00e9rrez y Nicol\u00e1s Maturana al cuadro \u00e1rabe. Otro nombre que ha comenzado a tomar fuerza para arribar al CDA es del peruano Christian Cueva. Seg\u00fan informan medios lime\u00f1os, el ex Uni\u00f3n Espa\u00f1ola y que defendi\u00f3 a su selecci\u00f3n en la recientemente disputada Copa Am\u00e9rica 2015, ya tendr\u00eda todo arreglado con los azules y por estos d\u00edas llegar\u00eda a Chile para cerrar su incorporaci\u00f3n.<\/p>\n<p>Pero sin lugar a dudas, la informaci\u00f3n que m\u00e1s tiene desvelados\u00a0 a los hinchas del Rom\u00e1ntico Viajero es el inminente retorno de Mat\u00edas Rodr\u00edguez. Si bien algunos medios ya se aventuran a dar por confirmado el regreso del multicampe\u00f3n trasandino, desde Azul Azul a\u00fan no existe alguna informaci\u00f3n. De ser ratificada la noticia, Rodr\u00edguez firmar\u00eda esta semana su nuevo v\u00ednculo con la \u201cU\u201d.<\/p>\n<p><strong>TODOS A DAR LA BIENVENIDA A LA \u201cU\u201d EN ESTE TORNEO<\/strong><\/p>\n<p>Para el partido de este jueves ante Curic\u00f3 Unido, ya se encuentran disponibles las entradas para ver el regreso del Le\u00f3n. Para ello se ha dispuesto el sistema PuntoTicket para su venta. Como ya es tradicional, el retiro de Galer\u00edas Sur y Norte, adem\u00e1s de las entradas de Ni\u00f1o, se deber\u00e1 hacer en las boleter\u00edas del Estadio Nacional. El resto de las localidades se mantienen en el sistema E-Tickets, por lo que solo debe ser impreso.<\/p>\n<p>Los valores de las entradas para este jueves son los siguientes:<\/p>\n<p><strong>-Tribuna Marquesina: $40.000<\/strong><\/p>\n<p><strong>-Fuera Marquesina: $25.000<\/strong><\/p>\n<p><strong>-Andes: $10.000<\/strong><\/p>\n<p><strong>-Pac\u00edfico Lateral Sur: $18.000<\/strong><\/p>\n<p><strong>-Visita: $6.000<\/strong><\/p>\n<p><strong>-Galer\u00eda Sur: $6.000<\/strong><\/p>\n<p><strong>-Galer\u00eda Norte: $6.000<\/strong><\/p>\n<p><strong>-Ni\u00f1os (Galer\u00eda): $4.000<\/strong><\/p>\n","protected":false},"excerpt":{"rendered":"<p>A\u00fan no se enfr\u00edan los inolvidables recuerdos que dejar\u00e1 el t\u00edtulo de la selecci\u00f3n chilena en Copa Am\u00e9rica y los hinchas azules ya nos empezamos a preparar para ver el retorno oficial de nuestro equipo a la competencia oficial. Curic\u00f3 Unido ser\u00e1 el rival en el debut en Copa Chile MTS 2015, mientras los nombres [&#8230;]<\/p>\n","protected":false},"author":21382,"featured_media":6080,"comment_status":"closed","ping_status":"open","sticky":false,"template":"","format":"standard","meta":{"footnotes":""},"categories":[18],"tags":[454,414,261,415,224,65,157,156,83],"class_list":{"0":"post-7350","1":"post","2":"type-post","3":"status-publish","4":"format-standard","5":"has-post-thumbnail","7":"category-actualidad","8":"tag-actualidad","9":"tag-copa-chile-mts-2015","10":"tag-gonzalo-espinoza","11":"tag-leonardo-valencia","12":"tag-martin-lasarte","13":"tag-matias-rodriguez","14":"tag-portada","15":"tag-universidad-de-chile","16":"tag-venta-de-entradas"},"_links":{"self":[{"href":"https:\/\/www.rincondelbulla.cl\/portal\/wp-json\/wp\/v2\/posts\/7350","targetHints":{"allow":["GET"]}}],"collection":[{"href":"https:\/\/www.rincondelbulla.cl\/portal\/wp-json\/wp\/v2\/posts"}],"about":[{"href":"https:\/\/www.rincondelbulla.cl\/portal\/wp-json\/wp\/v2\/types\/post"}],"author":[{"embeddable":true,"href":"https:\/\/www.rincondelbulla.cl\/portal\/wp-json\/wp\/v2\/users\/21382"}],"replies":[{"embeddable":true,"href":"https:\/\/www.rincondelbulla.cl\/portal\/wp-json\/wp\/v2\/comments?post=7350"}],"version-history":[{"count":1,"href":"https:\/\/www.rincondelbulla.cl\/portal\/wp-json\/wp\/v2\/posts\/7350\/revisions"}],"predecessor-version":[{"id":7356,"href":"https:\/\/www.rincondelbulla.cl\/portal\/wp-json\/wp\/v2\/posts\/7350\/revisions\/7356"}],"wp:featuredmedia":[{"embeddable":true,"href":"https:\/\/www.rincondelbulla.cl\/portal\/wp-json\/wp\/v2\/media\/6080"}],"wp:attachment":[{"href":"https:\/\/www.rincondelbulla.cl\/portal\/wp-json\/wp\/v2\/media?parent=7350"}],"wp:term":[{"taxonomy":"category","embeddable":true,"href":"https:\/\/www.rincondelbulla.cl\/portal\/wp-json\/wp\/v2\/categories?post=7350"},{"taxonomy":"post_tag","embeddable":true,"href":"https:\/\/www.rincondelbulla.cl\/portal\/wp-json\/wp\/v2\/tags?post=7350"}],"curies":[{"name":"wp","href":"https:\/\/api.w.org\/{rel}","templated":true}]}}