{"id":7378,"date":"2015-07-10T17:47:26","date_gmt":"2015-07-10T17:47:26","guid":{"rendered":"http:\/\/www.rincondelbulla.cl\/portal\/?p=7378"},"modified":"2015-07-10T17:47:26","modified_gmt":"2015-07-10T17:47:26","slug":"marca-personal-en-la-agonia-y-en-un-mal-partido-la-u-se-impuso-a-curico","status":"publish","type":"post","link":"https:\/\/www.rincondelbulla.cl\/portal\/2015\/07\/10\/marca-personal-en-la-agonia-y-en-un-mal-partido-la-u-se-impuso-a-curico\/","title":{"rendered":"Marca Personal: En la agon\u00eda y en un mal partido la u se impuso a Curico"},"content":{"rendered":"<p><a href=\"http:\/\/www.rincondelbulla.cl\/portal\/wp-content\/uploads\/2015\/07\/debutazul.jpg\"><img loading=\"lazy\" decoding=\"async\" class=\"alignnone size-full wp-image-7379\" src=\"http:\/\/www.rincondelbulla.cl\/portal\/wp-content\/uploads\/2015\/07\/debutazul.jpg\" alt=\"debutazul\" width=\"2048\" height=\"1365\" srcset=\"https:\/\/www.rincondelbulla.cl\/portal\/wp-content\/uploads\/2015\/07\/debutazul.jpg 2048w, https:\/\/www.rincondelbulla.cl\/portal\/wp-content\/uploads\/2015\/07\/debutazul-300x200.jpg 300w, https:\/\/www.rincondelbulla.cl\/portal\/wp-content\/uploads\/2015\/07\/debutazul-768x512.jpg 768w, https:\/\/www.rincondelbulla.cl\/portal\/wp-content\/uploads\/2015\/07\/debutazul-1200x800.jpg 1200w, https:\/\/www.rincondelbulla.cl\/portal\/wp-content\/uploads\/2015\/07\/debutazul-696x464.jpg 696w, https:\/\/www.rincondelbulla.cl\/portal\/wp-content\/uploads\/2015\/07\/debutazul-1068x712.jpg 1068w, https:\/\/www.rincondelbulla.cl\/portal\/wp-content\/uploads\/2015\/07\/debutazul-630x420.jpg 630w\" sizes=\"auto, (max-width: 2048px) 100vw, 2048px\" \/><\/a><br \/>\n<strong>En un partido donde los fallos defensivos azules marcaron la t\u00f3nica, los azules lograron imponerse por la cuenta m\u00ednima a un humilde Curic\u00f3 Unido, el gol lo Marc\u00f3 Fabi\u00e1n Carmona cuando el encuentro terminaba.<\/strong><!--more--><\/p>\n<p>El partido fue el t\u00edpico partido luego de una pretemporada dura, con descoordinaciones y jugadores muy duros muscularmente hablando. Osvaldo Gonzales nunca se entendi\u00f3 con el contundido Benjam\u00edn Vidal, y antes de que acabara el primer lapso el elenco visitante ya constaba con tres ocasiones claras de Gol. Ingreso Carmona en el primer tiempo por el lesionado Martinez y el cambio t\u00e1ctico logro que la defensa se afirmara un poco m\u00e1s, aunque no signific\u00f3 que en el complemento Jim\u00e9nez se convirtiera en la figura azul al contener un par de mano a mano. Este es el Marca Personal del Rinc\u00f3n del Bulla:<\/p>\n<p>&nbsp;<\/p>\n<p><strong>1.-Miguel Jim\u00e9nez:<\/strong> <strong>con una defensa que dio muchas licencias a la ofensiva visitante, logr\u00f3 mantener el arco en cero. Nota: 5.0<\/strong><\/p>\n<p><strong>28.-Diego Gonzalez:<\/strong> Comenz\u00f3 el partido muy dubitativo, normal en el debut, termin\u00f3 comi\u00e9ndose la banda derecha. Nota 5.0<\/p>\n<p><strong>4.-Osvaldo Gonzalez:<\/strong> Lento y a destiempo. Nota:3.0<\/p>\n<p><strong>2.-Benjam\u00edn Vidal:<\/strong> Muchas licencias en el poco tiempo que jug\u00f3, sali\u00f3 lesionado. Nota:3.0<\/p>\n<p><strong>17.-Joao Ortiz<\/strong>: Muy bien en el ataque, no as\u00ed en labores defensivas. Nota 4.0<\/p>\n<p><strong>6.-Sebasti\u00e1n Martinez:<\/strong> De los mejores en el campo de juego. Nota 5.0<\/p>\n<p><strong>24.-Guzm\u00e1n Pereira:<\/strong> Le cost\u00f3 mucho agarrar el ritmo del encuentro. Nota 4.0<\/p>\n<p><strong>10: Renato Gonzalez:<\/strong> Mal debut para el 10 azul. Nota 3.0<\/p>\n<p><strong>11.-Sebasti\u00e1n Ubilla:<\/strong> se le vi\u00f3 muy poco en el primer tiempo, en el segundo estuvo imparable. Nota 4.5<\/p>\n<p><strong>19.-Gustavo Canales:<\/strong> Poco y nada del ariete. Nota 3.0<\/p>\n<p><strong>8.-Patricio Rubio:<\/strong> se le vi\u00f3 muy fuera de f\u00fatbol. Nota: 3.0<\/p>\n<p><strong>Cambios<\/strong><\/p>\n<p><strong>26.-Fabi\u00e1n Carmona (42&#8242; Por Vidal):<\/strong> Algo intermitente, fue el salvador de la jornada. Nota 4.0<\/p>\n<p><strong>7.- Francisco Castro (63&#8217;por R.Gonzalez):<\/strong> Nunca comprendi\u00f3, ni el ni nadie, su posici\u00f3n en el campo de juego. Nota: 3.0<\/p>\n<p><strong>27.- Leandro Benegas (76\u2019 por Rubio):<\/strong> Meti\u00f3 cuerpo y potencia, pero no fue suficiente. Nota 4.0<\/p>\n","protected":false},"excerpt":{"rendered":"<p>En un partido donde los fallos defensivos azules marcaron la t\u00f3nica, los azules lograron imponerse por la cuenta m\u00ednima a un humilde Curic\u00f3 Unido, el gol lo Marc\u00f3 Fabi\u00e1n Carmona cuando el encuentro terminaba.<\/p>\n","protected":false},"author":21381,"featured_media":7379,"comment_status":"closed","ping_status":"open","sticky":false,"template":"","format":"standard","meta":{"footnotes":""},"categories":[18],"tags":[154,43,157],"class_list":{"0":"post-7378","1":"post","2":"type-post","3":"status-publish","4":"format-standard","5":"has-post-thumbnail","7":"category-actualidad","8":"tag-copa-chile","9":"tag-marca-personal","10":"tag-portada"},"_links":{"self":[{"href":"https:\/\/www.rincondelbulla.cl\/portal\/wp-json\/wp\/v2\/posts\/7378","targetHints":{"allow":["GET"]}}],"collection":[{"href":"https:\/\/www.rincondelbulla.cl\/portal\/wp-json\/wp\/v2\/posts"}],"about":[{"href":"https:\/\/www.rincondelbulla.cl\/portal\/wp-json\/wp\/v2\/types\/post"}],"author":[{"embeddable":true,"href":"https:\/\/www.rincondelbulla.cl\/portal\/wp-json\/wp\/v2\/users\/21381"}],"replies":[{"embeddable":true,"href":"https:\/\/www.rincondelbulla.cl\/portal\/wp-json\/wp\/v2\/comments?post=7378"}],"version-history":[{"count":1,"href":"https:\/\/www.rincondelbulla.cl\/portal\/wp-json\/wp\/v2\/posts\/7378\/revisions"}],"predecessor-version":[{"id":7380,"href":"https:\/\/www.rincondelbulla.cl\/portal\/wp-json\/wp\/v2\/posts\/7378\/revisions\/7380"}],"wp:featuredmedia":[{"embeddable":true,"href":"https:\/\/www.rincondelbulla.cl\/portal\/wp-json\/wp\/v2\/media\/7379"}],"wp:attachment":[{"href":"https:\/\/www.rincondelbulla.cl\/portal\/wp-json\/wp\/v2\/media?parent=7378"}],"wp:term":[{"taxonomy":"category","embeddable":true,"href":"https:\/\/www.rincondelbulla.cl\/portal\/wp-json\/wp\/v2\/categories?post=7378"},{"taxonomy":"post_tag","embeddable":true,"href":"https:\/\/www.rincondelbulla.cl\/portal\/wp-json\/wp\/v2\/tags?post=7378"}],"curies":[{"name":"wp","href":"https:\/\/api.w.org\/{rel}","templated":true}]}}