{"id":7381,"date":"2015-07-13T19:15:32","date_gmt":"2015-07-13T19:15:32","guid":{"rendered":"http:\/\/www.rincondelbulla.cl\/portal\/?p=7381"},"modified":"2015-07-13T19:15:32","modified_gmt":"2015-07-13T19:15:32","slug":"marca-personal-la-u-agarra-ritmo-en-el-ano-de-carmona","status":"publish","type":"post","link":"https:\/\/www.rincondelbulla.cl\/portal\/2015\/07\/13\/marca-personal-la-u-agarra-ritmo-en-el-ano-de-carmona\/","title":{"rendered":"Marca Personal: La U agarra ritmo en el a\u00f1o de Carmona"},"content":{"rendered":"<p><a href=\"http:\/\/www.rincondelbulla.cl\/portal\/wp-content\/uploads\/2015\/07\/farfan.jpg\"><img loading=\"lazy\" decoding=\"async\" class=\"alignnone size-full wp-image-7382\" src=\"http:\/\/www.rincondelbulla.cl\/portal\/wp-content\/uploads\/2015\/07\/farfan.jpg\" alt=\"farfan\" width=\"980\" height=\"1170\" srcset=\"https:\/\/www.rincondelbulla.cl\/portal\/wp-content\/uploads\/2015\/07\/farfan.jpg 980w, https:\/\/www.rincondelbulla.cl\/portal\/wp-content\/uploads\/2015\/07\/farfan-251x300.jpg 251w, https:\/\/www.rincondelbulla.cl\/portal\/wp-content\/uploads\/2015\/07\/farfan-768x917.jpg 768w, https:\/\/www.rincondelbulla.cl\/portal\/wp-content\/uploads\/2015\/07\/farfan-696x831.jpg 696w, https:\/\/www.rincondelbulla.cl\/portal\/wp-content\/uploads\/2015\/07\/farfan-352x420.jpg 352w\" sizes=\"auto, (max-width: 980px) 100vw, 980px\" \/><\/a><br \/>\n<strong>Nuevamente Fabi\u00e1n Carmona fue el salvador en Universidad de Chile, pareciera ser el a\u00f1o de Fabi\u00e1n que en un partido entretenido supo llegar en m\u00e1s de dos ocasiones a posici\u00f3n de gol. <\/strong><!--more--><\/p>\n<p>En una cancha que aguanto estoicamente las inclemencias del tiempo se vivi\u00f3 un muy entretenido partido, con muchas llegadas a los p\u00f3rticos y muchos goles. La U comenz\u00f3 inclin\u00e1ndose con un gol en los descuentos del primer tiempo, pero en el segundo tiempo pese a un comienzo dubitativo la u asumi\u00f3 el protagonismo debido, se hizo due\u00f1o del terreno de juego y con dos goles de Carmona y otro del retornado Rub\u00e9n Farf\u00e1n hizo parte del local, que en los descuentos mediante lanzamiento penal descont\u00f3 para dejar el placard 3-2 a favor de los azules. Este es el Marca Personal del Rinc\u00f3n del Bulla:<\/p>\n<p><strong>1.-Miguel Jim\u00e9nez:<\/strong> Es prenda de garant\u00eda y es figura en el comienzo de la temporada. no tuvo mucho que hacer en los dos goles. Nota: 5.5<\/p>\n<p><strong>14.-Paulo Magalhaes:<\/strong> Muy buen partido del polifuncional hombre azul. Nota 5.0<\/p>\n<p><strong>4.-Osvaldo Gonzalez:<\/strong> Pese a un primer tiempo en que se vi\u00f3 superado constantemente, en el segundo tiempo mostr\u00f3 mucha mayor solidez. Nota 4.5<\/p>\n<p><strong>6.-Sebasti\u00e1n Martinez:<\/strong> No jug\u00f3 en su puesto natural, di\u00f3 el pase gol para la apertura de la cuenta del local, pese a eso hizo un muy correcto partido. Nota 4.5<\/p>\n<p><strong>17.-Joao Ortiz:<\/strong> Joao se afirma en la banda izquierda y le abre el abanico de alternativas al profe Lasarte. Nota 5.0<\/p>\n<p><strong>20.-Rodrigo Ure\u00f1a<\/strong>: Muy buen debut del retornado volante, luch\u00f3 por cada pelota, y adem\u00e1s con buena pegada. Nota 5.0<\/p>\n<p><strong>24.-Guzm\u00e1n Pereira:<\/strong> Cuando Pereira anda bien el equipo lo nota, estuvo presente en casi todo el campo de juego. Nota 5.5<\/p>\n<p><strong>26.-Fabi\u00e1n Carmona: Fue la figura indiscutible del encuentro, con juego muy simple, y sabiendo ocupar el espacio dejado por Canales lleg\u00f3 dos veces al gol. Nota 6.0<\/strong><\/p>\n<p><strong>11.-Sebasti\u00e1n Ubilla:<\/strong> Muy buen comienzo de temporada del \u201cConejo\u201d, recibi\u00f3 golpes durante los 75&#8242; en que estuvo en el terreno de juego, abri\u00f3 la cancha y gracias a un enganche y posterior remate suyo sale el 2do gol azul. Nota 5.6<\/p>\n<p><strong>19.-Gustavo Canales:<\/strong> Se enganch\u00f3 mucho para generar el juego azul, bien por Canales. Nota 5.0<\/p>\n<p><strong>8.-Patricio Rubio:<\/strong> se le vi\u00f3 muy fuera de f\u00fatbol. Nota: 3.0<\/p>\n<p><strong>Cambios<\/strong><\/p>\n<p><strong>7.- Francisco Castro (67 &#8216;por Rubio):<\/strong> Gener\u00f3 mucho juego por la banda y recibi\u00f3 constantemente faltas de los celestes. Nota 5.0<\/p>\n<p><strong>18.-Rub\u00e9n Farf\u00e1n (75&#8242; por Ubilla):<\/strong> Marc\u00f3 el tercer gol luego de una buena jugada de Renato Gonz\u00e1lez. Nota:5.0<\/p>\n<p><strong>10.-Renato Gonz\u00e1lez (83&#8217;por Castro):<\/strong> de una genialidad suya sali\u00f3 el 3er gol azul. Nota 5.5<\/p>\n","protected":false},"excerpt":{"rendered":"<p>Nuevamente Fabi\u00e1n Carmona fue el salvador en Universidad de Chile, pareciera ser el a\u00f1o de Fabi\u00e1n que en un partido entretenido supo llegar en m\u00e1s de dos ocasiones a posici\u00f3n de gol.<\/p>\n","protected":false},"author":21381,"featured_media":7382,"comment_status":"closed","ping_status":"open","sticky":false,"template":"","format":"standard","meta":{"footnotes":""},"categories":[18],"tags":[414,43,157],"class_list":{"0":"post-7381","1":"post","2":"type-post","3":"status-publish","4":"format-standard","5":"has-post-thumbnail","7":"category-actualidad","8":"tag-copa-chile-mts-2015","9":"tag-marca-personal","10":"tag-portada"},"_links":{"self":[{"href":"https:\/\/www.rincondelbulla.cl\/portal\/wp-json\/wp\/v2\/posts\/7381","targetHints":{"allow":["GET"]}}],"collection":[{"href":"https:\/\/www.rincondelbulla.cl\/portal\/wp-json\/wp\/v2\/posts"}],"about":[{"href":"https:\/\/www.rincondelbulla.cl\/portal\/wp-json\/wp\/v2\/types\/post"}],"author":[{"embeddable":true,"href":"https:\/\/www.rincondelbulla.cl\/portal\/wp-json\/wp\/v2\/users\/21381"}],"replies":[{"embeddable":true,"href":"https:\/\/www.rincondelbulla.cl\/portal\/wp-json\/wp\/v2\/comments?post=7381"}],"version-history":[{"count":1,"href":"https:\/\/www.rincondelbulla.cl\/portal\/wp-json\/wp\/v2\/posts\/7381\/revisions"}],"predecessor-version":[{"id":7383,"href":"https:\/\/www.rincondelbulla.cl\/portal\/wp-json\/wp\/v2\/posts\/7381\/revisions\/7383"}],"wp:featuredmedia":[{"embeddable":true,"href":"https:\/\/www.rincondelbulla.cl\/portal\/wp-json\/wp\/v2\/media\/7382"}],"wp:attachment":[{"href":"https:\/\/www.rincondelbulla.cl\/portal\/wp-json\/wp\/v2\/media?parent=7381"}],"wp:term":[{"taxonomy":"category","embeddable":true,"href":"https:\/\/www.rincondelbulla.cl\/portal\/wp-json\/wp\/v2\/categories?post=7381"},{"taxonomy":"post_tag","embeddable":true,"href":"https:\/\/www.rincondelbulla.cl\/portal\/wp-json\/wp\/v2\/tags?post=7381"}],"curies":[{"name":"wp","href":"https:\/\/api.w.org\/{rel}","templated":true}]}}