{"id":7392,"date":"2015-07-14T18:16:02","date_gmt":"2015-07-14T18:16:02","guid":{"rendered":"http:\/\/www.rincondelbulla.cl\/portal\/?p=7392"},"modified":"2015-07-14T18:16:02","modified_gmt":"2015-07-14T18:16:02","slug":"joao-ortiz-y-su-funcion-por-la-izquierda-siempre-lo-primero-es-defender","status":"publish","type":"post","link":"https:\/\/www.rincondelbulla.cl\/portal\/2015\/07\/14\/joao-ortiz-y-su-funcion-por-la-izquierda-siempre-lo-primero-es-defender\/","title":{"rendered":"Jo\u00e3o Ortiz y su funci\u00f3n por la izquierda: \u201cSiempre lo primero es defender\u201d"},"content":{"rendered":"<figure id=\"attachment_7390\" aria-describedby=\"caption-attachment-7390\" style=\"width: 999px\" class=\"wp-caption alignnone\"><a href=\"http:\/\/www.rincondelbulla.cl\/portal\/wp-content\/uploads\/2015\/07\/1.jpg\"><img loading=\"lazy\" decoding=\"async\" class=\"size-full wp-image-7390\" src=\"http:\/\/www.rincondelbulla.cl\/portal\/wp-content\/uploads\/2015\/07\/1.jpg\" alt=\"Joa Ortiz analiz\u00f3 el momento que vive en la U - Foto: Claudio C\u00e1ceres\" width=\"999\" height=\"666\" srcset=\"https:\/\/www.rincondelbulla.cl\/portal\/wp-content\/uploads\/2015\/07\/1.jpg 999w, https:\/\/www.rincondelbulla.cl\/portal\/wp-content\/uploads\/2015\/07\/1-300x200.jpg 300w, https:\/\/www.rincondelbulla.cl\/portal\/wp-content\/uploads\/2015\/07\/1-768x512.jpg 768w, https:\/\/www.rincondelbulla.cl\/portal\/wp-content\/uploads\/2015\/07\/1-696x464.jpg 696w, https:\/\/www.rincondelbulla.cl\/portal\/wp-content\/uploads\/2015\/07\/1-630x420.jpg 630w\" sizes=\"auto, (max-width: 999px) 100vw, 999px\" \/><\/a><figcaption id=\"caption-attachment-7390\" class=\"wp-caption-text\">Joa Ortiz analiz\u00f3 el momento que vive en la U &#8211; Foto: Claudio C\u00e1ceres<\/figcaption><\/figure>\n<p><strong>El lateral azul analiz\u00f3 su trabajo y desempe\u00f1o durante los primeros dos partidos de Copa Chile MTS 2015. Tambi\u00e9n tuvo tiempo para analizar a la selecci\u00f3n chilena y sus posibilidades de ser nominado, pensando en el \u201crecambio generacional\u201d.<\/strong><!--more--><\/p>\n<p>Se ha convertido en el titular por la banda izquierda y el lateral asume la responsabilidad. Jo\u00e3o Ortiz, quien frente a Curic\u00f3 Unido y O\u2019Higgins ha defendido esa posici\u00f3n en el inicio de la Copa Chile MTS 2015, funci\u00f3n que el propio Mart\u00edn Lasarte le ha inculcado en su esquema. <strong>\u201cMe dice siempre que lo primero es defender y cuando uno ya se mete en el partido, se va soltando, vaya al ataque acompa\u00f1ando al volante por izquierda\u201d<\/strong>, reconoce Ortiz.<\/p>\n<p>Consultado sobre la exigencia que tendr\u00e1 este campeonato, debido a los nombres que aparecen como refuerzos en el resto de los equipos, el lateral azul asegur\u00f3 \u00a0que <strong>\u201cser\u00e1 m\u00e1s peleado que el campeonato pasado\u201d,<\/strong> \u00a0ya que a su juicio <strong>\u201ctodos los equipos se han reforzado bien y han hecho buenos partidos en la Copa Chile\u201d.<\/strong><\/p>\n<p>Sobre el partido de este jueves en Talca ante Rangers, Jo\u00e3o Ortiz calific\u00f3 a los \u201cpiducanos\u201d como <strong>\u201cun gran rival\u201d<\/strong> y destac\u00f3 su triunfo ante O\u2019Higgins en la primera fecha.<\/p>\n<p><strong>RECAMBIO Y SUS OPCIONES EN LA ROJA<\/strong><\/p>\n<p>De padre peruano y madre chilena, Jo\u00e3o Ortiz tiene la posibilidad de defender a ambos pa\u00edses, aunque no esconde sus prioridades. <strong>\u201cSi hay una opci\u00f3n de llamarme\u00a0 a la selecci\u00f3n aqu\u00ed en Chile, voy encantado. Ahora, si no hay opci\u00f3n y est\u00e1 cerrado, elijo la opci\u00f3n en Per\u00fa\u201d.<\/strong> Consultado sobre si ya ha existido llamados desde el vecino pa\u00eds para integrarlo a la selecci\u00f3n, Ortiz reconoci\u00f3 que medios peruanos lo contactaron ante la posibilidad, pero nada oficial.<\/p>\n<p>Sobre la posibilidad de un recambio en la selecci\u00f3n, tras la obtenci\u00f3n de la copa Am\u00e9rica 2015. Ortiz asegur\u00f3 que en el medio local existen algunos nombres a tener en cuenta. De sus compa\u00f1eros de equipo, destac\u00f3 a Benjam\u00edn Vidal, Cristi\u00e1n Su\u00e1rez y Sebasti\u00e1n Ubilla.Jo\u00e3o<\/p>\n","protected":false},"excerpt":{"rendered":"<p>El lateral azul analiz\u00f3 su trabajo y desempe\u00f1o durante los primeros dos partidos de Copa Chile MTS 2015. Tambi\u00e9n tuvo tiempo para analizar a la selecci\u00f3n chilena y sus posibilidades de ser nominado, pensando en el \u201crecambio generacional\u201d.<\/p>\n","protected":false},"author":21382,"featured_media":7391,"comment_status":"closed","ping_status":"open","sticky":false,"template":"","format":"standard","meta":{"footnotes":""},"categories":[18],"tags":[454,414,417,224,157,53,418,156],"class_list":{"0":"post-7392","1":"post","2":"type-post","3":"status-publish","4":"format-standard","5":"has-post-thumbnail","7":"category-actualidad","8":"tag-actualidad","9":"tag-copa-chile-mts-2015","10":"tag-joao-ortiz","11":"tag-martin-lasarte","12":"tag-portada","13":"tag-seleccion-chilena","14":"tag-seleccion-peruana","15":"tag-universidad-de-chile"},"_links":{"self":[{"href":"https:\/\/www.rincondelbulla.cl\/portal\/wp-json\/wp\/v2\/posts\/7392","targetHints":{"allow":["GET"]}}],"collection":[{"href":"https:\/\/www.rincondelbulla.cl\/portal\/wp-json\/wp\/v2\/posts"}],"about":[{"href":"https:\/\/www.rincondelbulla.cl\/portal\/wp-json\/wp\/v2\/types\/post"}],"author":[{"embeddable":true,"href":"https:\/\/www.rincondelbulla.cl\/portal\/wp-json\/wp\/v2\/users\/21382"}],"replies":[{"embeddable":true,"href":"https:\/\/www.rincondelbulla.cl\/portal\/wp-json\/wp\/v2\/comments?post=7392"}],"version-history":[{"count":1,"href":"https:\/\/www.rincondelbulla.cl\/portal\/wp-json\/wp\/v2\/posts\/7392\/revisions"}],"predecessor-version":[{"id":7393,"href":"https:\/\/www.rincondelbulla.cl\/portal\/wp-json\/wp\/v2\/posts\/7392\/revisions\/7393"}],"wp:featuredmedia":[{"embeddable":true,"href":"https:\/\/www.rincondelbulla.cl\/portal\/wp-json\/wp\/v2\/media\/7391"}],"wp:attachment":[{"href":"https:\/\/www.rincondelbulla.cl\/portal\/wp-json\/wp\/v2\/media?parent=7392"}],"wp:term":[{"taxonomy":"category","embeddable":true,"href":"https:\/\/www.rincondelbulla.cl\/portal\/wp-json\/wp\/v2\/categories?post=7392"},{"taxonomy":"post_tag","embeddable":true,"href":"https:\/\/www.rincondelbulla.cl\/portal\/wp-json\/wp\/v2\/tags?post=7392"}],"curies":[{"name":"wp","href":"https:\/\/api.w.org\/{rel}","templated":true}]}}