{"id":7395,"date":"2015-07-14T22:45:50","date_gmt":"2015-07-14T22:45:50","guid":{"rendered":"http:\/\/www.rincondelbulla.cl\/portal\/?p=7395"},"modified":"2015-07-14T22:45:50","modified_gmt":"2015-07-14T22:45:50","slug":"al-fin-renovo-corujo-y-lasarte-respira-tranquilo","status":"publish","type":"post","link":"https:\/\/www.rincondelbulla.cl\/portal\/2015\/07\/14\/al-fin-renovo-corujo-y-lasarte-respira-tranquilo\/","title":{"rendered":"Al fin: Renov\u00f3 Corujo y Lasarte respira tranquilo"},"content":{"rendered":"<figure id=\"attachment_5643\" aria-describedby=\"caption-attachment-5643\" style=\"width: 1100px\" class=\"wp-caption alignnone\"><a href=\"http:\/\/www.rincondelbulla.cl\/portal\/wp-content\/uploads\/2014\/09\/mathias_corujo1.jpg\"><img loading=\"lazy\" decoding=\"async\" class=\"size-full wp-image-5643\" src=\"http:\/\/www.rincondelbulla.cl\/portal\/wp-content\/uploads\/2014\/09\/mathias_corujo1.jpg\" alt=\"Marca Personal del Rinc\u00f3n del Bulla en Antofagasta - Foto: Patricio Gonz\u00e1lez\" width=\"1100\" height=\"700\" srcset=\"https:\/\/www.rincondelbulla.cl\/portal\/wp-content\/uploads\/2014\/09\/mathias_corujo1.jpg 1100w, https:\/\/www.rincondelbulla.cl\/portal\/wp-content\/uploads\/2014\/09\/mathias_corujo1-300x191.jpg 300w, https:\/\/www.rincondelbulla.cl\/portal\/wp-content\/uploads\/2014\/09\/mathias_corujo1-768x489.jpg 768w, https:\/\/www.rincondelbulla.cl\/portal\/wp-content\/uploads\/2014\/09\/mathias_corujo1-696x443.jpg 696w, https:\/\/www.rincondelbulla.cl\/portal\/wp-content\/uploads\/2014\/09\/mathias_corujo1-1068x680.jpg 1068w, https:\/\/www.rincondelbulla.cl\/portal\/wp-content\/uploads\/2014\/09\/mathias_corujo1-660x420.jpg 660w\" sizes=\"auto, (max-width: 1100px) 100vw, 1100px\" \/><\/a><figcaption id=\"caption-attachment-5643\" class=\"wp-caption-text\">Marca Personal del Rinc\u00f3n del Bulla en Antofagasta &#8211; Foto: Patricio Gonz\u00e1lez<\/figcaption><\/figure>\n<p><strong>Se acab\u00f3 la teleserie y Corujo continua de azul por dos a\u00f1os, pese a que se encontraba entrenando en el CDA no hab\u00eda claridad de su continuidad.<\/strong><!--more--><\/p>\n<p>La teleserie de la intertemporada azul se vivi\u00f3 con el caso de Mathias Corujo, y es que Cerro Porte\u00f1o confiaba en que el \u201cCharrua\u201d jugar\u00e1 alg\u00fan partido por su selecci\u00f3n en la Copa Am\u00e9rica y as\u00ed subiera el valor de su pase. Corujo no jug\u00f3 la copa y desde hace una semana que entrena en la Cisterna.<\/p>\n<p>Finalmente Azul Azul pago 550 mil dolares por el pase del \u201cOriental\u201d y se queda con los servicios del lateral diestro. Ahora solo queda que llegue el transfer internacional para poder debutar con los colores azules.<\/p>\n","protected":false},"excerpt":{"rendered":"<p>Se acab\u00f3 la teleserie y Corujo continua de azul por dos a\u00f1os, pese a que se encontraba entrenando en el CDA no hab\u00eda claridad de su continuidad.<\/p>\n","protected":false},"author":21381,"featured_media":5641,"comment_status":"closed","ping_status":"open","sticky":false,"template":"","format":"standard","meta":{"footnotes":""},"categories":[18],"tags":[257,340,235],"class_list":{"0":"post-7395","1":"post","2":"type-post","3":"status-publish","4":"format-standard","5":"has-post-thumbnail","7":"category-actualidad","8":"tag-mathias-corujo","9":"tag-pretemporada-2015","10":"tag-refuerzos"},"_links":{"self":[{"href":"https:\/\/www.rincondelbulla.cl\/portal\/wp-json\/wp\/v2\/posts\/7395","targetHints":{"allow":["GET"]}}],"collection":[{"href":"https:\/\/www.rincondelbulla.cl\/portal\/wp-json\/wp\/v2\/posts"}],"about":[{"href":"https:\/\/www.rincondelbulla.cl\/portal\/wp-json\/wp\/v2\/types\/post"}],"author":[{"embeddable":true,"href":"https:\/\/www.rincondelbulla.cl\/portal\/wp-json\/wp\/v2\/users\/21381"}],"replies":[{"embeddable":true,"href":"https:\/\/www.rincondelbulla.cl\/portal\/wp-json\/wp\/v2\/comments?post=7395"}],"version-history":[{"count":1,"href":"https:\/\/www.rincondelbulla.cl\/portal\/wp-json\/wp\/v2\/posts\/7395\/revisions"}],"predecessor-version":[{"id":7396,"href":"https:\/\/www.rincondelbulla.cl\/portal\/wp-json\/wp\/v2\/posts\/7395\/revisions\/7396"}],"wp:featuredmedia":[{"embeddable":true,"href":"https:\/\/www.rincondelbulla.cl\/portal\/wp-json\/wp\/v2\/media\/5641"}],"wp:attachment":[{"href":"https:\/\/www.rincondelbulla.cl\/portal\/wp-json\/wp\/v2\/media?parent=7395"}],"wp:term":[{"taxonomy":"category","embeddable":true,"href":"https:\/\/www.rincondelbulla.cl\/portal\/wp-json\/wp\/v2\/categories?post=7395"},{"taxonomy":"post_tag","embeddable":true,"href":"https:\/\/www.rincondelbulla.cl\/portal\/wp-json\/wp\/v2\/tags?post=7395"}],"curies":[{"name":"wp","href":"https:\/\/api.w.org\/{rel}","templated":true}]}}