{"id":7431,"date":"2015-07-24T22:20:46","date_gmt":"2015-07-24T22:20:46","guid":{"rendered":"http:\/\/www.rincondelbulla.cl\/portal\/?p=7431"},"modified":"2015-07-24T22:20:46","modified_gmt":"2015-07-24T22:20:46","slug":"preparo-el-equipo-para-ser-campeon-lasarte-en-conferencia-de-prensa","status":"publish","type":"post","link":"https:\/\/www.rincondelbulla.cl\/portal\/2015\/07\/24\/preparo-el-equipo-para-ser-campeon-lasarte-en-conferencia-de-prensa\/","title":{"rendered":"\u00abPreparo el equipo para ser campe\u00f3n!\u00bb  Lasarte en conferencia de prensa"},"content":{"rendered":"<p><a href=\"http:\/\/www.rincondelbulla.cl\/portal\/wp-content\/uploads\/2015\/07\/lasarte.jpg\"><img loading=\"lazy\" decoding=\"async\" class=\"alignnone size-full wp-image-7432\" src=\"http:\/\/www.rincondelbulla.cl\/portal\/wp-content\/uploads\/2015\/07\/lasarte.jpg\" alt=\"lasarte\" width=\"1440\" height=\"692\" srcset=\"https:\/\/www.rincondelbulla.cl\/portal\/wp-content\/uploads\/2015\/07\/lasarte.jpg 1440w, https:\/\/www.rincondelbulla.cl\/portal\/wp-content\/uploads\/2015\/07\/lasarte-300x144.jpg 300w, https:\/\/www.rincondelbulla.cl\/portal\/wp-content\/uploads\/2015\/07\/lasarte-768x369.jpg 768w, https:\/\/www.rincondelbulla.cl\/portal\/wp-content\/uploads\/2015\/07\/lasarte-1200x577.jpg 1200w, https:\/\/www.rincondelbulla.cl\/portal\/wp-content\/uploads\/2015\/07\/lasarte-696x334.jpg 696w, https:\/\/www.rincondelbulla.cl\/portal\/wp-content\/uploads\/2015\/07\/lasarte-1068x513.jpg 1068w, https:\/\/www.rincondelbulla.cl\/portal\/wp-content\/uploads\/2015\/07\/lasarte-874x420.jpg 874w\" sizes=\"auto, (max-width: 1440px) 100vw, 1440px\" \/><\/a><br \/>\n<strong>Como todo viernes Mart\u00edn Lasarte habl\u00f3 distendidamente de la situaci\u00f3n del plantel, el debut del Domingo frente a Antofagasta en el Nacional, sobre el \u201cProyecto Estadio\u201d, y asegur\u00f3 que el equipo se arm\u00f3 para ser campe\u00f3n \u201c\u00bfsino para que compito?\u201d.<\/strong><!--more--><\/p>\n<p>A dos d\u00edas del debut en el Torneo de Apertura fue el propio t\u00e9cnico el encargado de se\u00f1alar que lo del Domingo es una continuidad y no un debut como tal, se\u00f1alando que \u201cLo veo como una continuidad de lo que hemos hecho en la Copa Chile, no como un debut en s\u00ed\u201d, agregando que \u201cComparto que siempre el inicio es importante porque est\u00e1n todos m\u00e1s parejos, pero estamos en condiciones de mejorar lo realizado el semestre pasado, ya que estamos en deuda con la afici\u00f3n y con nosotros mismos\u201d.<\/p>\n<p>Sobre la conformaci\u00f3n del plantel declar\u00f3 que \u201cafrontaremos ambas competencias con el plantel que tenemos\u2026. Preparamos el plantel para ser campe\u00f3n, \u00bfSino para que compito?, estamos con mucha ilusi\u00f3n\u201d dejando en claro que en este semestre el Le\u00f3n va por todo.<\/p>\n<p>Al ser consultado por la situaci\u00f3n de Rojas, Herrera y Rodriguez \u201cMachete\u201d dijo que \u00abHay deseo de participaci\u00f3n de todos y esto es bueno, pero tiene que haber una relativa preparaci\u00f3n. Reitero que en los casos de Herrera y Pepe Rojas son posiciones distintas en el campo de juego.\u201d agregando que \u201cMat\u00edas, \u00e9l est\u00e1 en un trabajo distinto hasta que se integre regularmente a los entrenamientos\u201d.<\/p>\n<p>Finalmente tuvo palabras para el tema de la semana, el proyecto estadio \u00abEs v\u00e1lido que una afici\u00f3n pretenda la posibilidad de tener un estadio propio. Pero eso no ampara que tenga que ser ahora ya. Es un estadio, no es comprarse un bol\u00edgrafo o un sandwich. Es una situaci\u00f3n de gastar mucho dinero\u00bb finalizo el \u201cCharrua\u201d<\/p>\n","protected":false},"excerpt":{"rendered":"<p>Como todo viernes Mart\u00edn Lasarte habl\u00f3 distendidamente de la situaci\u00f3n del plantel, el debut del Domingo frente a Antofagasta en el Nacional, sobre el \u201cProyecto Estadio\u201d, y asegur\u00f3 que el equipo se arm\u00f3 para ser campe\u00f3n \u201c\u00bfsino para que compito?\u201d.<\/p>\n","protected":false},"author":21381,"featured_media":7432,"comment_status":"closed","ping_status":"open","sticky":false,"template":"","format":"standard","meta":{"footnotes":""},"categories":[18],"tags":[209,224,157],"class_list":{"0":"post-7431","1":"post","2":"type-post","3":"status-publish","4":"format-standard","5":"has-post-thumbnail","7":"category-actualidad","8":"tag-conferencia-de-prensa","9":"tag-martin-lasarte","10":"tag-portada"},"_links":{"self":[{"href":"https:\/\/www.rincondelbulla.cl\/portal\/wp-json\/wp\/v2\/posts\/7431","targetHints":{"allow":["GET"]}}],"collection":[{"href":"https:\/\/www.rincondelbulla.cl\/portal\/wp-json\/wp\/v2\/posts"}],"about":[{"href":"https:\/\/www.rincondelbulla.cl\/portal\/wp-json\/wp\/v2\/types\/post"}],"author":[{"embeddable":true,"href":"https:\/\/www.rincondelbulla.cl\/portal\/wp-json\/wp\/v2\/users\/21381"}],"replies":[{"embeddable":true,"href":"https:\/\/www.rincondelbulla.cl\/portal\/wp-json\/wp\/v2\/comments?post=7431"}],"version-history":[{"count":1,"href":"https:\/\/www.rincondelbulla.cl\/portal\/wp-json\/wp\/v2\/posts\/7431\/revisions"}],"predecessor-version":[{"id":7433,"href":"https:\/\/www.rincondelbulla.cl\/portal\/wp-json\/wp\/v2\/posts\/7431\/revisions\/7433"}],"wp:featuredmedia":[{"embeddable":true,"href":"https:\/\/www.rincondelbulla.cl\/portal\/wp-json\/wp\/v2\/media\/7432"}],"wp:attachment":[{"href":"https:\/\/www.rincondelbulla.cl\/portal\/wp-json\/wp\/v2\/media?parent=7431"}],"wp:term":[{"taxonomy":"category","embeddable":true,"href":"https:\/\/www.rincondelbulla.cl\/portal\/wp-json\/wp\/v2\/categories?post=7431"},{"taxonomy":"post_tag","embeddable":true,"href":"https:\/\/www.rincondelbulla.cl\/portal\/wp-json\/wp\/v2\/tags?post=7431"}],"curies":[{"name":"wp","href":"https:\/\/api.w.org\/{rel}","templated":true}]}}