{"id":7514,"date":"2015-08-17T13:00:46","date_gmt":"2015-08-17T13:00:46","guid":{"rendered":"http:\/\/www.rincondelbulla.cl\/portal\/?p=7514"},"modified":"2015-08-17T13:08:54","modified_gmt":"2015-08-17T13:08:54","slug":"felices-pero-sabiendo-que-hay-que-mejorar","status":"publish","type":"post","link":"https:\/\/www.rincondelbulla.cl\/portal\/2015\/08\/17\/felices-pero-sabiendo-que-hay-que-mejorar\/","title":{"rendered":"Felices pero sabiendo que hay que mejorar"},"content":{"rendered":"<figure id=\"attachment_7515\" aria-describedby=\"caption-attachment-7515\" style=\"width: 2048px\" class=\"wp-caption aligncenter\"><a href=\"http:\/\/www.rincondelbulla.cl\/portal\/wp-content\/uploads\/2015\/08\/Plantel-frente-San-Luis.jpg\"><img loading=\"lazy\" decoding=\"async\" class=\"wp-image-7515 size-full\" src=\"http:\/\/www.rincondelbulla.cl\/portal\/wp-content\/uploads\/2015\/08\/Plantel-frente-San-Luis.jpg\" alt=\"Si bien el triunfo les ayuda a retomar el tranco ene l campeonato, saben que hay que mejorar si quieren ir por el t\u00edtulo. - Foto: Patricio Gonz\u00e1lez\" width=\"2048\" height=\"1365\" srcset=\"https:\/\/www.rincondelbulla.cl\/portal\/wp-content\/uploads\/2015\/08\/Plantel-frente-San-Luis.jpg 2048w, https:\/\/www.rincondelbulla.cl\/portal\/wp-content\/uploads\/2015\/08\/Plantel-frente-San-Luis-300x200.jpg 300w, https:\/\/www.rincondelbulla.cl\/portal\/wp-content\/uploads\/2015\/08\/Plantel-frente-San-Luis-768x512.jpg 768w, https:\/\/www.rincondelbulla.cl\/portal\/wp-content\/uploads\/2015\/08\/Plantel-frente-San-Luis-1200x800.jpg 1200w, https:\/\/www.rincondelbulla.cl\/portal\/wp-content\/uploads\/2015\/08\/Plantel-frente-San-Luis-696x464.jpg 696w, https:\/\/www.rincondelbulla.cl\/portal\/wp-content\/uploads\/2015\/08\/Plantel-frente-San-Luis-1068x712.jpg 1068w, https:\/\/www.rincondelbulla.cl\/portal\/wp-content\/uploads\/2015\/08\/Plantel-frente-San-Luis-630x420.jpg 630w\" sizes=\"auto, (max-width: 2048px) 100vw, 2048px\" \/><\/a><figcaption id=\"caption-attachment-7515\" class=\"wp-caption-text\">Si bien el triunfo les ayuda a retomar el tranco en el campeonato, saben que hay que mejorar si quieren ir por el t\u00edtulo. &#8211; Foto: Patricio Gonz\u00e1lez<\/figcaption><\/figure>\n<p><strong>Con mesura analizaron el triunfo 4-2 sobre San Luis de Quillota en el camar\u00edn azul. Saben que si bien el resultado les sirvi\u00f3 para conseguir los tres puntos, a\u00fan queda mucho por mejor si quieren quedarse con el t\u00edtulo del Torneo Apertura 2015-2016.<\/strong><\/p>\n<p style=\"text-align: right\"><em><strong>Por Basti\u00e1n Llanos y Marco Valdovinos<\/strong><\/em><!--more--><\/p>\n<p>Mart\u00edn Lasarte, en su tono autocr\u00edtico, valor\u00f3 la victoria y aclar\u00f3 que se debe seguir trabajando para mejorar y lograr los objetivos. <strong>\u201cFueron dos tiempos bastante distintos. En el primero, el equipo estuvo voluntarioso, pero sin tomar buenas decisiones. Equivocando los caminos, no sorprendiendo. En la segunda parte nos hicimos con el triunfo\u201d,<\/strong> indic\u00f3 el t\u00e9cnico uruguayo.<\/p>\n<p>Consultado sobre lo bien que se vio la \u201cU\u201d en el segundo tiempo, por la banda derecha, con la actuaci\u00f3n de la dupla Corujo-Rodr\u00edguez, el t\u00e9cnico que pese a que fue el hecho fortuito de la lesi\u00f3n de Guzm\u00e1n Pereira lo que propicio que tuvieran que jugar desde el principio del segundo tiempo. <strong>\u201cLo ten\u00edamos previsto para alg\u00fan partido. Creemos que se vio bien, no es desconocida. Math\u00edas Corujo ha jugado muchos partidos de volante en algunos partidos de los semestres anteriores. Mat\u00edas Rodr\u00edguez vienen evolucionando bien de sus inactividad, sus caracter\u00edsticas f\u00edsicas lo ayudan. El equipo se vio y jug\u00f3 mejor\u201d,<\/strong> reconoci\u00f3 el charr\u00faa.<\/p>\n<p>Otro que hizo un an\u00e1lisis de la victoria fue el capit\u00e1n azul Jos\u00e9 Rojas, quien asegur\u00f3 que <strong>\u201cl<\/strong><strong>o m<\/strong><strong>\u00e1s importante era ganar, independiente de quien gane en el otro lado. El equipo lo hizo muy bien y llegaron los goles en el momento justo<\/strong><strong>. El equipo se fue soltando a medida que salieron los goles y eso ayudar<\/strong><strong>\u00e1 a enfrentar lo que viene<\/strong><strong>\u201d.<\/strong><\/p>\n<p>Leandro Benegas destac\u00f3 el trabajo grupal para lograr los primeros teres puntos en el campeonato. <strong>\u201cEl grupo se lo merece y trabaj<\/strong><strong>o<\/strong><strong> para esto. Nos vamos tranquilos, pero sabiendo que no podemos conformarnos con esto, que podemos dar m<\/strong><strong>\u00e1<\/strong><strong>s<\/strong><strong>\u201d, <\/strong>dijo el mendocino.<\/p>\n<p>Renato Gonz\u00e1lez tambi\u00e9n se mostr\u00f3 contento por el triunfo ante San Luis, pero reconoci\u00f3 que <strong>\u201cfue un primer tiempo complicado. Despu\u00e9s nos soltamos m<\/strong><strong>\u00e1<\/strong><strong>s y nos pudimos llevar el triunfo<\/strong><strong>\u201d<\/strong><strong>.<\/strong><\/p>\n<p>Uno que no se le pod\u00eda borra la sonrisa de su cara fue Patricio Rubio. El delantero no hab\u00eda tenido un buen arranque de torneo, pero estos \u00faltimos partidos se ha visto mejor y ahoar logr\u00f3 su primer gol oficial desde que retorn\u00f3 a la \u201cU\u201d.<strong> \u201cContento por el triunfo. En lo personal, contento por la vuelta al gol. Fuimos generando de a poco y eso nos tiene muy feliz\u201d<\/strong>, dijo el delantero, quien reconoci\u00f3 que le faltaba poder gritar un gol tras su retorno. <strong>\u201cHab\u00eda hecho unos buenos 45 minutos con Rangers, ahora un buen segundo tiempo. Creo que voy mejorando, sinti\u00e9ndome de mejor forma. Debo mejor paso a paso y retomar la titularidad\u201d, <\/strong>finaliz\u00f3 Rubio.<\/p>\n<p>El presidente del directorio de Azul Azul, Carlos Heller, tambi\u00e9n hizo un an\u00e1lisis de la victoria y reconoci\u00f3 que como equipo <strong>\u201ct<\/strong><strong>enemos que salir a ganar todos los partidos que quedan. Ya est<\/strong><strong>\u00e1<\/strong><strong>n apareciendo los jugadores importantes<\/strong><strong>\u201d.<\/strong><\/p>\n<p><strong>\u201cSEMANA COMPLICADA\u201d: MI\u00c9RCOLES EN RANCAGUA Y EL FIN DE SEMANA A ARICA<\/strong><\/p>\n<p>Tres partidos en siete d\u00edas. Nueve importantes puntos que hay que sumar. Ese es el panorama para la \u201cU\u201d, que se inici\u00f3 este domingo con la victoria ante San Luis, pero que continuar\u00e1 con dos escalas m\u00e1s: este mi\u00e9rcoles en Rancagua ante O\u2019Higgins por el partido suspendido en la segunda fecha, y el fin de semana ante San Marcos de Arica en el norte. En el planten saben lo que se juegan estos d\u00edas y lo importante que ser\u00e1 para luchar por el campeonato.<\/p>\n<p><strong>\u201cVa a ser una semana complicada porque debido a la suspensi\u00f3n este partido qued\u00f3 pendiente. Vamos a enfrentar a O\u2019Higgins que siempre es un equipo dif\u00edcil, que adem\u00e1s viene de hacer un grand\u00edsimo partido. Y San Marcos en Arica es lo mismo, siempre complicado y dif\u00edcil. Nos toca una semanita linda\u201d<\/strong>, dijo el t\u00e9cnico Mart\u00edn Lasarte al ser consultado por esta seguidilla de partidos.<\/p>\n<p>Otros que reconoci\u00f3 la importancia de la semana, pero rest\u00f3 dramatismo al cargado calendario fue Patricio Rubio, quien indic\u00f3 que<strong> \u201cya est\u00e1. El mi\u00e9rcoles tenemos que salir\u00a0 a ganar, no tenemos margen de error. Son tres partidos en siete d\u00edas que si los ganamos nos vamos a poner all\u00e1 arriba, con buena racha y en la pelea por el t\u00edtulo\u201d.<\/strong><\/p>\n","protected":false},"excerpt":{"rendered":"<p>Con mesura analizaron el triunfo 4-2 sobre San Luis de Quillota en el camar\u00edn azul. Saben que si bien el resultado les sirvi\u00f3 para conseguir los tres puntos, a\u00fan queda mucho por mejor si quieren quedarse con el t\u00edtulo del Torneo Apertura 2015-2016. Por Basti\u00e1n Llanos y Marco Valdovinos<\/p>\n","protected":false},"author":21382,"featured_media":7516,"comment_status":"closed","ping_status":"open","sticky":false,"template":"","format":"standard","meta":{"footnotes":""},"categories":[18],"tags":[454,174,192,248,51,319,224,257,65,133,349,157,434,452,453,405,156],"class_list":{"0":"post-7514","1":"post","2":"type-post","3":"status-publish","4":"format-standard","5":"has-post-thumbnail","7":"category-actualidad","8":"tag-actualidad","9":"tag-azul-azul","10":"tag-carlos-heller","11":"tag-guzman-pereria","12":"tag-jose-rojas","13":"tag-leandro-benegas","14":"tag-martin-lasarte","15":"tag-mathias-corujo","16":"tag-matias-rodriguez","17":"tag-ohiggins","18":"tag-patricio-rubio","19":"tag-portada","20":"tag-renato-gonzalez","21":"tag-san-luis-de-quillota","22":"tag-san-marcos-de-arica","23":"tag-torneo-apertura-2015-2016","24":"tag-universidad-de-chile"},"_links":{"self":[{"href":"https:\/\/www.rincondelbulla.cl\/portal\/wp-json\/wp\/v2\/posts\/7514","targetHints":{"allow":["GET"]}}],"collection":[{"href":"https:\/\/www.rincondelbulla.cl\/portal\/wp-json\/wp\/v2\/posts"}],"about":[{"href":"https:\/\/www.rincondelbulla.cl\/portal\/wp-json\/wp\/v2\/types\/post"}],"author":[{"embeddable":true,"href":"https:\/\/www.rincondelbulla.cl\/portal\/wp-json\/wp\/v2\/users\/21382"}],"replies":[{"embeddable":true,"href":"https:\/\/www.rincondelbulla.cl\/portal\/wp-json\/wp\/v2\/comments?post=7514"}],"version-history":[{"count":5,"href":"https:\/\/www.rincondelbulla.cl\/portal\/wp-json\/wp\/v2\/posts\/7514\/revisions"}],"predecessor-version":[{"id":7521,"href":"https:\/\/www.rincondelbulla.cl\/portal\/wp-json\/wp\/v2\/posts\/7514\/revisions\/7521"}],"wp:featuredmedia":[{"embeddable":true,"href":"https:\/\/www.rincondelbulla.cl\/portal\/wp-json\/wp\/v2\/media\/7516"}],"wp:attachment":[{"href":"https:\/\/www.rincondelbulla.cl\/portal\/wp-json\/wp\/v2\/media?parent=7514"}],"wp:term":[{"taxonomy":"category","embeddable":true,"href":"https:\/\/www.rincondelbulla.cl\/portal\/wp-json\/wp\/v2\/categories?post=7514"},{"taxonomy":"post_tag","embeddable":true,"href":"https:\/\/www.rincondelbulla.cl\/portal\/wp-json\/wp\/v2\/tags?post=7514"}],"curies":[{"name":"wp","href":"https:\/\/api.w.org\/{rel}","templated":true}]}}