{"id":7523,"date":"2015-08-17T15:03:00","date_gmt":"2015-08-17T15:03:00","guid":{"rendered":"http:\/\/www.rincondelbulla.cl\/portal\/?p=7523"},"modified":"2015-08-17T15:03:00","modified_gmt":"2015-08-17T15:03:00","slug":"marca-personal-lasarte-acerto-en-los-cambios","status":"publish","type":"post","link":"https:\/\/www.rincondelbulla.cl\/portal\/2015\/08\/17\/marca-personal-lasarte-acerto-en-los-cambios\/","title":{"rendered":"Marca Personal: Lasarte acert\u00f3 en los cambios"},"content":{"rendered":"<p><a href=\"http:\/\/www.rincondelbulla.cl\/portal\/wp-content\/uploads\/2015\/08\/Lasartecalera.jpg\"><img loading=\"lazy\" decoding=\"async\" class=\"alignnone size-full wp-image-7524\" src=\"http:\/\/www.rincondelbulla.cl\/portal\/wp-content\/uploads\/2015\/08\/Lasartecalera.jpg\" alt=\"Lasartecalera\" width=\"2000\" height=\"1333\" srcset=\"https:\/\/www.rincondelbulla.cl\/portal\/wp-content\/uploads\/2015\/08\/Lasartecalera.jpg 2000w, https:\/\/www.rincondelbulla.cl\/portal\/wp-content\/uploads\/2015\/08\/Lasartecalera-300x200.jpg 300w, https:\/\/www.rincondelbulla.cl\/portal\/wp-content\/uploads\/2015\/08\/Lasartecalera-768x512.jpg 768w, https:\/\/www.rincondelbulla.cl\/portal\/wp-content\/uploads\/2015\/08\/Lasartecalera-1200x800.jpg 1200w, https:\/\/www.rincondelbulla.cl\/portal\/wp-content\/uploads\/2015\/08\/Lasartecalera-696x464.jpg 696w, https:\/\/www.rincondelbulla.cl\/portal\/wp-content\/uploads\/2015\/08\/Lasartecalera-1068x712.jpg 1068w, https:\/\/www.rincondelbulla.cl\/portal\/wp-content\/uploads\/2015\/08\/Lasartecalera-630x420.jpg 630w\" sizes=\"auto, (max-width: 2000px) 100vw, 2000px\" \/><\/a><br \/>\n<strong>Pese a un primer tiempo muy dubitativo en donde a ratos se vio sobrepasado por el equipo visitante, en el segundo tiempo el equipo mejor\u00f3 y se llev\u00f3 un merecido triunfo tras una s\u00f3lida actuaci\u00f3n.<\/strong><!--more--><\/p>\n<p>En el primer tiempo los \u201cAzules\u201d mostraron los mismos ripios que han mostrado durante el semestre o el a\u00f1o, pese a desperdiciar ocasiones clara en los pies de Ubilla y de Gonzalez, el equipo de Quillota fue superior en largos pasajes del partido. El once de Lasarte abri\u00f3 el marcador tras buena jugada de Ubilla y a los 3 minutos el cuadro \u201ccanario\u201d igual\u00f3 el marcador sembrando la incertidumbre en el gramado \u00d1u\u00f1oino. As\u00ed las cosas los equipos se fueron al descanso.<\/p>\n<p>En el segundo tiempo \u201cMachete\u201d opt\u00f3 por sacar a Pereira y meter en su lugar a Mat\u00edas Rodriguez, y el cambio le dio resultado. Corujo se vio m\u00e1s c\u00f3modo de volante mixto por el lado derecho, Rodriguez afirm\u00f3 la defensa y Lorenzetti tom\u00f3 la manija del encuentro, el \u201cConejo\u201d Ubilla en una noche espectacular marc\u00f3 dos goles y si no hubiera estado De Paul en el arco visitante el conejo hubiera marcado al menos un hat-trick. Este es el marca personal del Rinc\u00f3n del Bulla:<\/p>\n<p><strong>25.-Johnny Herrera:<\/strong> Su rendimiento va en alza y es un l\u00edder dentro del campo de juego. Nota 5.0<\/p>\n<p><strong>5.- Mathias Corujo:<\/strong> En el primer tiempo subio mucho dejando espacios en sus espaldas, con el ingreso de Rodriguez mejor\u00f3 ostensiblemente. Nota 6.0<\/p>\n<p><strong>4.-Osvaldo Gonzalez:<\/strong> Bien por Rocky, de a poco vuelve a mostrar el juego que lo llev\u00f3 a la selecci\u00f3n. Nota 5.0<\/p>\n<p><strong>6.-Sebasti\u00e1n Mart\u00ednez:<\/strong> El \u201cChinito\u201d partido a partido muestra m\u00e1s solidez en el puesto de central, pese a no ser su puesto. Nota 5.0<\/p>\n<p><strong>3.-Jos\u00e9 Rojas:<\/strong> El m\u00e1s bajo de la defensa azul. Nota 4.5<\/p>\n<p><strong>21.-Gonzalo Espinoza:<\/strong> El \u201cBulldog Azul\u201d va recuperando el nivel del t\u00edtulo del 2014. Nota 5.0<\/p>\n<p><strong>24.-Guzm\u00e1n Pereira:<\/strong> Vez que juega con Espinoza no encuentra su lugar en el medioterreno. Nota 4.0<\/p>\n<p><strong>22.- Gustavo Lorenzetti:<\/strong> En el primer tiempo se vio desubicado como casi todo el equipo, en el segundo tiempo subi\u00f3 mucho el nivel. Nota 5.5<\/p>\n<p><strong>11.-Sebasti\u00e1n Ubilla:<\/strong> Fue la figura del encuentro dando un pase gol y marcando dos tantos. Bien por el Conejo. Nota 6.5<\/p>\n<p><strong>19..-Gustavo Canales:<\/strong> Pasa por un muy buen momento el ariete azul. Marc\u00f3 y a ratos se enganch\u00f3 para ayudar en la creaci\u00f3n. Nota 5.5<\/p>\n<p><strong>10.-Renato Gonzalez:<\/strong> Pese a no hacer un mal partido, no hizo lo que nos ten\u00eda acostumbrados. Nota 5.0<\/p>\n<p><strong>Cambios<\/strong><\/p>\n<p><strong>16.-Matias Rodriguez (46&#8242; por Pereira):<\/strong> Su ingreso liber\u00f3 a Corujo de labores defensivas, se le vi\u00f3 muy bien, a ratos se chocaba con charrua. Nota 5.0<\/p>\n<p><strong>8.-Patricio Rubio (66&#8242; por Gonzalez)<\/strong>: El pato al fin se reencontr\u00f3 con las redes vistiendo de azul, a\u00fan le falta f\u00fatbol. Nota 5.0<\/p>\n<p><strong>27.-Leandro Benegas (78&#8242; por Ubilla):<\/strong> Siempre ingresa a pelear cada pelota y a apurar a los rivales. Nota 5.0<\/p>\n","protected":false},"excerpt":{"rendered":"<p>Pese a un primer tiempo muy dubitativo en donde a ratos se vio sobrepasado por el equipo visitante, en el segundo tiempo el equipo mejor\u00f3 y se llev\u00f3 un merecido triunfo tras una s\u00f3lida actuaci\u00f3n.<\/p>\n","protected":false},"author":21381,"featured_media":7524,"comment_status":"closed","ping_status":"open","sticky":false,"template":"","format":"standard","meta":{"footnotes":""},"categories":[18],"tags":[43,157,405],"class_list":{"0":"post-7523","1":"post","2":"type-post","3":"status-publish","4":"format-standard","5":"has-post-thumbnail","7":"category-actualidad","8":"tag-marca-personal","9":"tag-portada","10":"tag-torneo-apertura-2015-2016"},"_links":{"self":[{"href":"https:\/\/www.rincondelbulla.cl\/portal\/wp-json\/wp\/v2\/posts\/7523","targetHints":{"allow":["GET"]}}],"collection":[{"href":"https:\/\/www.rincondelbulla.cl\/portal\/wp-json\/wp\/v2\/posts"}],"about":[{"href":"https:\/\/www.rincondelbulla.cl\/portal\/wp-json\/wp\/v2\/types\/post"}],"author":[{"embeddable":true,"href":"https:\/\/www.rincondelbulla.cl\/portal\/wp-json\/wp\/v2\/users\/21381"}],"replies":[{"embeddable":true,"href":"https:\/\/www.rincondelbulla.cl\/portal\/wp-json\/wp\/v2\/comments?post=7523"}],"version-history":[{"count":1,"href":"https:\/\/www.rincondelbulla.cl\/portal\/wp-json\/wp\/v2\/posts\/7523\/revisions"}],"predecessor-version":[{"id":7525,"href":"https:\/\/www.rincondelbulla.cl\/portal\/wp-json\/wp\/v2\/posts\/7523\/revisions\/7525"}],"wp:featuredmedia":[{"embeddable":true,"href":"https:\/\/www.rincondelbulla.cl\/portal\/wp-json\/wp\/v2\/media\/7524"}],"wp:attachment":[{"href":"https:\/\/www.rincondelbulla.cl\/portal\/wp-json\/wp\/v2\/media?parent=7523"}],"wp:term":[{"taxonomy":"category","embeddable":true,"href":"https:\/\/www.rincondelbulla.cl\/portal\/wp-json\/wp\/v2\/categories?post=7523"},{"taxonomy":"post_tag","embeddable":true,"href":"https:\/\/www.rincondelbulla.cl\/portal\/wp-json\/wp\/v2\/tags?post=7523"}],"curies":[{"name":"wp","href":"https:\/\/api.w.org\/{rel}","templated":true}]}}