{"id":7548,"date":"2015-08-25T17:25:22","date_gmt":"2015-08-25T17:25:22","guid":{"rendered":"http:\/\/www.rincondelbulla.cl\/portal\/?p=7548"},"modified":"2015-08-25T17:25:22","modified_gmt":"2015-08-25T17:25:22","slug":"jose-rojas-la-tienen-clara-mejoramos-rapido-o-la-vamos-a-pasar-mal","status":"publish","type":"post","link":"https:\/\/www.rincondelbulla.cl\/portal\/2015\/08\/25\/jose-rojas-la-tienen-clara-mejoramos-rapido-o-la-vamos-a-pasar-mal\/","title":{"rendered":"Jos\u00e9 Rojas la tienen clara: \u00abMejoramos r\u00e1pido o la vamos a pasar mal\u00bb"},"content":{"rendered":"<figure id=\"attachment_6877\" aria-describedby=\"caption-attachment-6877\" style=\"width: 1100px\" class=\"wp-caption alignnone\"><a href=\"http:\/\/www.rincondelbulla.cl\/portal\/wp-content\/uploads\/2015\/02\/Pepe.jpg\"><img loading=\"lazy\" decoding=\"async\" class=\"size-full wp-image-6877\" src=\"http:\/\/www.rincondelbulla.cl\/portal\/wp-content\/uploads\/2015\/02\/Pepe.jpg\" alt=\"El referente azul no tuvo problemas para reconocer la falta de contundencia del equipo, pese a mantenerse entre los punteros y no haber perdido a\u00fan en este semestre. Foto: www.Rincondelbulla.cl\" width=\"1100\" height=\"733\" srcset=\"https:\/\/www.rincondelbulla.cl\/portal\/wp-content\/uploads\/2015\/02\/Pepe.jpg 1100w, https:\/\/www.rincondelbulla.cl\/portal\/wp-content\/uploads\/2015\/02\/Pepe-300x200.jpg 300w, https:\/\/www.rincondelbulla.cl\/portal\/wp-content\/uploads\/2015\/02\/Pepe-768x512.jpg 768w, https:\/\/www.rincondelbulla.cl\/portal\/wp-content\/uploads\/2015\/02\/Pepe-696x464.jpg 696w, https:\/\/www.rincondelbulla.cl\/portal\/wp-content\/uploads\/2015\/02\/Pepe-1068x712.jpg 1068w, https:\/\/www.rincondelbulla.cl\/portal\/wp-content\/uploads\/2015\/02\/Pepe-630x420.jpg 630w\" sizes=\"auto, (max-width: 1100px) 100vw, 1100px\" \/><\/a><figcaption id=\"caption-attachment-6877\" class=\"wp-caption-text\">El referente azul no tuvo problemas para reconocer la falta de contundencia del equipo, pese a mantenerse entre los punteros y no haber perdido a\u00fan en este semestre. Foto: www.Rincondelbulla.cl<\/figcaption><\/figure>\n<p><strong>El capit\u00e1n azul analiz\u00f3 el rendimiento del plantel en las primeras cuatro fechas del Torneo Apertura 2015-2016, donde pese a estar segundos y sin haber perdido alg\u00fan encuentro, no logran demostrar el poder\u00edo del equipo lo que los ha llevado a pasar m\u00e1s de alguna zozobra en los encuentros disputados.<\/strong><!--more--><\/p>\n<p><strong>\u201cLa vuelta la tenemos que encontrar r\u00e1pido o lo vamos a pasar mal\u00bb.<\/strong> As\u00ed de categ\u00f3rico fue Jos\u00e9 Rojas este martes en el CDA, donde en su rol de capit\u00e1n y l\u00edder del equipo analiz\u00f3 el presente azul que, pese a no haber perdido partidos y marchar segundos del torneo, no les ha permitido demostrar el potencial de sus jugadores.<\/p>\n<p><strong>\u201cNo se ha jugado como realmente todos queremos, eso est\u00e1 a la vista. Esperamos recuperarlo r\u00e1pidamente o vamos a enfrentar a rivales complicados en instancias m\u00e1s decisivas. Lo que no queremos es sufrir como estos \u00faltimos partidos\u00bb,<\/strong> dijo el referente azul, aunque reconoci\u00f3 que <strong>\u201cla vuelta en alg\u00fan momento la tendremos que encontrar. Se puede mejorar, ganando\u201d.<\/strong> El capit\u00e1n no se qued\u00f3 ah\u00ed y agreg\u00f3 que <strong>\u00absomos un equipo grande y estamos expuestos a la cr\u00edtica. El que no quiera estar ac\u00e1 y no quiera que lo critiquen, que se vaya a otro equipo. Siempre ha sido igual\u00bb.<\/strong><\/p>\n<p>Sobre su opini\u00f3n de este torneo corto, Jos\u00e9 Rojas le quit\u00f3 dramatismo a las cr\u00edticas y asegur\u00f3 que <strong>\u201chay que disfrutarlo si est\u00e1 este campeonato. El m\u00e9rito es del que arranca mejor y el que tiene regularidad es el que sale campe\u00f3n. Ac\u00e1 no hay que prenderse en los \u00faltimos partidos para ser campe\u00f3n, porque no va a alcanzar\u201d.<\/strong><\/p>\n<p>Finalmente, el zaguero azul indic\u00f3 que tanto Gonzalo Espinoza como Osvaldo Gonz\u00e1lez trabajaron este martes enfocados principalmente en reponerse de algunas contusiones ya s\u00ed estar disponibles para el partido de este domingo, cuando las \u201cU\u201d reciba a Palestino en el Estadio Nacional a contar de las 17:30 hrs., con la obligaci\u00f3n de ganar y mantenerse en lo m\u00e1s alto de la tabla de posiciones.<\/p>\n","protected":false},"excerpt":{"rendered":"<p>El capit\u00e1n azul analiz\u00f3 el rendimiento del plantel en las primeras cuatro fechas del Torneo Apertura 2015-2016, donde pese a estar segundos y sin haber perdido alg\u00fan encuentro, no logran demostrar el poder\u00edo del equipo lo que los ha llevado a pasar m\u00e1s de alguna zozobra en los encuentros disputados.<\/p>\n","protected":false},"author":21382,"featured_media":7549,"comment_status":"closed","ping_status":"open","sticky":false,"template":"","format":"standard","meta":{"footnotes":""},"categories":[18],"tags":[454,242,424,261,51,88,457,200,157,405,294,156],"class_list":{"0":"post-7548","1":"post","2":"type-post","3":"status-publish","4":"format-standard","5":"has-post-thumbnail","7":"category-actualidad","8":"tag-actualidad","9":"tag-capitan","10":"tag-estadio-nacional","11":"tag-gonzalo-espinoza","12":"tag-jose-rojas","13":"tag-osvaldo-gonzalez","14":"tag-palestino","15":"tag-pepe-rojas","16":"tag-portada","17":"tag-torneo-apertura-2015-2016","18":"tag-u-de-chile","19":"tag-universidad-de-chile"},"_links":{"self":[{"href":"https:\/\/www.rincondelbulla.cl\/portal\/wp-json\/wp\/v2\/posts\/7548","targetHints":{"allow":["GET"]}}],"collection":[{"href":"https:\/\/www.rincondelbulla.cl\/portal\/wp-json\/wp\/v2\/posts"}],"about":[{"href":"https:\/\/www.rincondelbulla.cl\/portal\/wp-json\/wp\/v2\/types\/post"}],"author":[{"embeddable":true,"href":"https:\/\/www.rincondelbulla.cl\/portal\/wp-json\/wp\/v2\/users\/21382"}],"replies":[{"embeddable":true,"href":"https:\/\/www.rincondelbulla.cl\/portal\/wp-json\/wp\/v2\/comments?post=7548"}],"version-history":[{"count":1,"href":"https:\/\/www.rincondelbulla.cl\/portal\/wp-json\/wp\/v2\/posts\/7548\/revisions"}],"predecessor-version":[{"id":7550,"href":"https:\/\/www.rincondelbulla.cl\/portal\/wp-json\/wp\/v2\/posts\/7548\/revisions\/7550"}],"wp:featuredmedia":[{"embeddable":true,"href":"https:\/\/www.rincondelbulla.cl\/portal\/wp-json\/wp\/v2\/media\/7549"}],"wp:attachment":[{"href":"https:\/\/www.rincondelbulla.cl\/portal\/wp-json\/wp\/v2\/media?parent=7548"}],"wp:term":[{"taxonomy":"category","embeddable":true,"href":"https:\/\/www.rincondelbulla.cl\/portal\/wp-json\/wp\/v2\/categories?post=7548"},{"taxonomy":"post_tag","embeddable":true,"href":"https:\/\/www.rincondelbulla.cl\/portal\/wp-json\/wp\/v2\/tags?post=7548"}],"curies":[{"name":"wp","href":"https:\/\/api.w.org\/{rel}","templated":true}]}}