{"id":7578,"date":"2015-09-02T00:46:04","date_gmt":"2015-09-02T00:46:04","guid":{"rendered":"http:\/\/www.rincondelbulla.cl\/portal\/?p=7578"},"modified":"2015-09-02T00:50:22","modified_gmt":"2015-09-02T00:50:22","slug":"jimenez-prepara-su-vuelta-a-la-titularidad-y-reconoce-que-el-equipo-esta-al-debe","status":"publish","type":"post","link":"https:\/\/www.rincondelbulla.cl\/portal\/2015\/09\/02\/jimenez-prepara-su-vuelta-a-la-titularidad-y-reconoce-que-el-equipo-esta-al-debe\/","title":{"rendered":"Jim\u00e9nez prepara su vuelta  a la titularidad y reconoce que el equipo est\u00e1 al debe"},"content":{"rendered":"<figure id=\"attachment_7033\" aria-describedby=\"caption-attachment-7033\" style=\"width: 1440px\" class=\"wp-caption alignnone\"><a href=\"http:\/\/www.rincondelbulla.cl\/portal\/wp-content\/uploads\/2015\/03\/jimenez.jpg\"><img loading=\"lazy\" decoding=\"async\" class=\"size-full wp-image-7033\" src=\"http:\/\/www.rincondelbulla.cl\/portal\/wp-content\/uploads\/2015\/03\/jimenez.jpg\" alt=\"Tras semans fuera de las convocatorias, el portero volver\u00e1 a la titularidad frente a San Luis, por Copa Chile MTS 2015. Foto: Claudio C\u00e1ceres\" width=\"1440\" height=\"692\" srcset=\"https:\/\/www.rincondelbulla.cl\/portal\/wp-content\/uploads\/2015\/03\/jimenez.jpg 1440w, https:\/\/www.rincondelbulla.cl\/portal\/wp-content\/uploads\/2015\/03\/jimenez-300x144.jpg 300w, https:\/\/www.rincondelbulla.cl\/portal\/wp-content\/uploads\/2015\/03\/jimenez-768x369.jpg 768w, https:\/\/www.rincondelbulla.cl\/portal\/wp-content\/uploads\/2015\/03\/jimenez-1200x577.jpg 1200w, https:\/\/www.rincondelbulla.cl\/portal\/wp-content\/uploads\/2015\/03\/jimenez-696x334.jpg 696w, https:\/\/www.rincondelbulla.cl\/portal\/wp-content\/uploads\/2015\/03\/jimenez-1068x513.jpg 1068w, https:\/\/www.rincondelbulla.cl\/portal\/wp-content\/uploads\/2015\/03\/jimenez-874x420.jpg 874w\" sizes=\"auto, (max-width: 1440px) 100vw, 1440px\" \/><\/a><figcaption id=\"caption-attachment-7033\" class=\"wp-caption-text\">Tras semanas fuera de las convocatorias, el portero volver\u00e1 a la titularidad frente a San Luis, por Copa Chile MTS 2015. Foto: Claudio C\u00e1ceres<\/figcaption><\/figure>\n<p><strong>Relegado incluso de las convocatorias por la norma del \u201cSub 20\u201d en el torneo Apertura 2015-2016, esa ha sido la constante de Miguel Jim\u00e9nez este semestre. Sin embargo, este mi\u00e9rcoles en Copa Chile entr\u00e9 la posibilidad de ser titular desde el primer minuto por Copa Chile MTS 2015, en el duelo que los azules sostendr\u00e1n con San Luis en Quillota.<\/strong><!--more--><\/p>\n<p><strong>\u201cCon este nivel no nos alcanza para ser campe\u00f3n\u201d. <\/strong>As\u00ed de tajante fue el an\u00e1lisis del primer tercio del campeonato de la \u201cU\u201d hecho por Miguel Jim\u00e9nez. Y es que el ex Huachipato, pese a no ser considerado en los \u00faltimos partidos, vive el d\u00eda a d\u00eda en la interna y sabe el sentir del plantel. \u201c<strong>Nos puede alcanzar con el empuje en algunos partidos, con la gente que te apoya en otros, pero tenemos muy claro que estamos muy lejos de tener un buen rendimiento<\/strong><strong>\u00a0y de tener un nivel \u00f3ptimo que nos permita estar peleando\u00bb<\/strong>, explic\u00f3 el jugador.<\/p>\n<p>El portero asegur\u00f3 que pese a lo inestable que se ve el nivel presentado por el equipo hasta ahora, <strong>\u00abnos preparamos para ganar, pero a veces las cosas no se dan y los rivales siempre tienen cosas que decir.<\/strong>\u00a0<strong>Palestino era un rival importante, quiz\u00e1s no a nivel medi\u00e1tico, pero juega bien, te hace da\u00f1o\u00bb.<\/strong><\/p>\n<p>Pese a ello, Jim\u00e9nez conf\u00eda en el repunte azul en las pr\u00f3ximas fechas y que finalmente lograran demostrar el nivel de juego que tanto los jugadores como los hinchas esperan de la \u201cU\u201d. El golero dijo que a pesar de todo, hasta ahora <strong>\u00abafortunadamente los resultados han sido positivos, estamos invictos en la Copa Chile y en el Torneo. Eso te permite corregir los errores con m\u00e1s tranquilidad.\u00a0Se han hecho un an\u00e1lisis dentro del equipo t\u00e9cnico, pero nosotros tambi\u00e9n somos bastante autocr\u00edticos y sabemos que el rendimiento no ha sido de los mejores\u00bb. <\/strong>Agreg\u00f3 que a diario se trata de hacer bien las cosas para poder repuntar y llevar a la \u201cU\u201d al sitial que le corresponde. <strong>\u00abEstamos tratando de corregir cosas y de buscar el rendimiento colectivo, eso hay que hacerlo r\u00e1pido sin pensar en lo que viene, porque es innegable que nos han convertido bastante, pero tambi\u00e9n hemos convertido bastante\u00bb,<\/strong> explic\u00f3.<\/p>\n<p>\u00bfDif\u00edcil poder alcanzar al actual puntero? El arquero no lo cree as\u00ed. <strong>\u00abEs alcanzable la diferencia que se mantiene.\u00a0Es importante, pero no es imposible alcanzarlos. Son seis puntos, es un partido y tenemos que jugar ante ellos tambi\u00e9n\u00bb, <\/strong>analiz\u00f3 Jim\u00e9nez.<\/p>\n<p><strong>SU PRESENTE PERSONAL Y LA VUELTA A LA TITULARIDAD<\/strong><\/p>\n<p>Alejado de las convocatorias principalmente por la norma del \u201cSub 20\u201d, este mi\u00e9rcoles en Quillota Miguel Jim\u00e9nez es el llamado a ocupar la titularidad en la porter\u00eda azul.<\/p>\n<p>Con Johnny Herrera en la Selecci\u00f3n Chilena, Mart\u00edn Lasarte le devolver\u00eda el puesto en Copa Chile, lo que el golero agradece y se manifiesta confiado de responder a las expectativas.<\/p>\n<p><strong>\u00abEstar fuera no le agrada a nadie, pero yo sab\u00eda que las oportunidades para jugar ser\u00edan pocas y hay que aprovecharlas. Me ha tocado jugar varios partidos y ojal\u00e1 pueda ser un punto alto y aportar para lograr un buen resultado\u00bb<\/strong>, finaliz\u00f3 Jim\u00e9nez.<\/p>\n","protected":false},"excerpt":{"rendered":"<p>Relegado incluso de las convocatorias por la norma del \u201cSub 20\u201d en el torneo Apertura 2015-2016, esa ha sido la constante de Miguel Jim\u00e9nez este semestre. Sin embargo, este mi\u00e9rcoles en Copa Chile entr\u00e9 la posibilidad de ser titular desde el primer minuto por Copa Chile MTS 2015, en el duelo que los azules sostendr\u00e1n [&#8230;]<\/p>\n","protected":false},"author":21382,"featured_media":7228,"comment_status":"closed","ping_status":"open","sticky":false,"template":"","format":"standard","meta":{"footnotes":""},"categories":[18],"tags":[454,414,41,224,353,157,452,405,156],"class_list":{"0":"post-7578","1":"post","2":"type-post","3":"status-publish","4":"format-standard","5":"has-post-thumbnail","7":"category-actualidad","8":"tag-actualidad","9":"tag-copa-chile-mts-2015","10":"tag-johnny-herrera","11":"tag-martin-lasarte","12":"tag-miguel-jimenez","13":"tag-portada","14":"tag-san-luis-de-quillota","15":"tag-torneo-apertura-2015-2016","16":"tag-universidad-de-chile"},"_links":{"self":[{"href":"https:\/\/www.rincondelbulla.cl\/portal\/wp-json\/wp\/v2\/posts\/7578","targetHints":{"allow":["GET"]}}],"collection":[{"href":"https:\/\/www.rincondelbulla.cl\/portal\/wp-json\/wp\/v2\/posts"}],"about":[{"href":"https:\/\/www.rincondelbulla.cl\/portal\/wp-json\/wp\/v2\/types\/post"}],"author":[{"embeddable":true,"href":"https:\/\/www.rincondelbulla.cl\/portal\/wp-json\/wp\/v2\/users\/21382"}],"replies":[{"embeddable":true,"href":"https:\/\/www.rincondelbulla.cl\/portal\/wp-json\/wp\/v2\/comments?post=7578"}],"version-history":[{"count":1,"href":"https:\/\/www.rincondelbulla.cl\/portal\/wp-json\/wp\/v2\/posts\/7578\/revisions"}],"predecessor-version":[{"id":7579,"href":"https:\/\/www.rincondelbulla.cl\/portal\/wp-json\/wp\/v2\/posts\/7578\/revisions\/7579"}],"wp:featuredmedia":[{"embeddable":true,"href":"https:\/\/www.rincondelbulla.cl\/portal\/wp-json\/wp\/v2\/media\/7228"}],"wp:attachment":[{"href":"https:\/\/www.rincondelbulla.cl\/portal\/wp-json\/wp\/v2\/media?parent=7578"}],"wp:term":[{"taxonomy":"category","embeddable":true,"href":"https:\/\/www.rincondelbulla.cl\/portal\/wp-json\/wp\/v2\/categories?post=7578"},{"taxonomy":"post_tag","embeddable":true,"href":"https:\/\/www.rincondelbulla.cl\/portal\/wp-json\/wp\/v2\/tags?post=7578"}],"curies":[{"name":"wp","href":"https:\/\/api.w.org\/{rel}","templated":true}]}}