{"id":7580,"date":"2015-09-03T12:45:13","date_gmt":"2015-09-03T12:45:13","guid":{"rendered":"http:\/\/www.rincondelbulla.cl\/portal\/?p=7580"},"modified":"2015-09-03T12:52:37","modified_gmt":"2015-09-03T12:52:37","slug":"perdimos-el-rumbo-y-el-invicto","status":"publish","type":"post","link":"https:\/\/www.rincondelbulla.cl\/portal\/2015\/09\/03\/perdimos-el-rumbo-y-el-invicto\/","title":{"rendered":"Perdimos el rumbo y el invicto"},"content":{"rendered":"<figure id=\"attachment_7582\" aria-describedby=\"caption-attachment-7582\" style=\"width: 1032px\" class=\"wp-caption alignnone\"><a href=\"http:\/\/www.rincondelbulla.cl\/portal\/wp-content\/uploads\/2015\/09\/2.jpg\"><img loading=\"lazy\" decoding=\"async\" class=\"wp-image-7582\" src=\"http:\/\/www.rincondelbulla.cl\/portal\/wp-content\/uploads\/2015\/09\/2.jpg\" alt=\"Un equipo incomodo, impreciso y a ratos fato de actitud fue el que se vio en al derrota ante San Luis en Quillota - Foto: www.udechile.cl\" width=\"1032\" height=\"581\" srcset=\"https:\/\/www.rincondelbulla.cl\/portal\/wp-content\/uploads\/2015\/09\/2.jpg 860w, https:\/\/www.rincondelbulla.cl\/portal\/wp-content\/uploads\/2015\/09\/2-300x169.jpg 300w, https:\/\/www.rincondelbulla.cl\/portal\/wp-content\/uploads\/2015\/09\/2-768x432.jpg 768w, https:\/\/www.rincondelbulla.cl\/portal\/wp-content\/uploads\/2015\/09\/2-696x392.jpg 696w, https:\/\/www.rincondelbulla.cl\/portal\/wp-content\/uploads\/2015\/09\/2-746x420.jpg 746w\" sizes=\"auto, (max-width: 1032px) 100vw, 1032px\" \/><\/a><figcaption id=\"caption-attachment-7582\" class=\"wp-caption-text\">Un equipo incomodo, impreciso y a ratos fato de actitud fue el que se vio en la derrota ante San Luis en Quillota. Con la obligaci\u00f3n de ganar se debe enfrentar la vuelta el pr\u00f3ximo mi\u00e9rcoles en el Nacional &#8211; Foto: www.udechile.cl<\/figcaption><\/figure>\n<p><strong>En un m\u00e1s que opaco partido, La \u201cU\u201d cay\u00f3 ente San Luis en Quillota y pone en riesgo su paso a la siguiente ronda de Copa Chile MTS 2015. La revancha se juega el pr\u00f3ximo mi\u00e9rcoles, pero el camar\u00edn est\u00e1 m\u00e1s que golpeado con la actual situaci\u00f3n del equipo.<\/strong><!--more--><\/p>\n<p>Sin brillo, sin chispa, sin actitud, sin motivaci\u00f3n. P\u00f3ngale el calificativo que usted quiera. No lo decimos de manera ir\u00f3nica, sino que es la mejor forma de representar el actual momento que vive la \u201cU\u201d y que no le permitido despertar y despegar en los torneos que actualmente disputa.<\/p>\n<p>Los azules jam\u00e1s pudieron afirmarse en la cancha del Lucio Fari\u00f1a de Quillota este mi\u00e9rcoles y eso qued\u00f3 reflejado en el marcador. Un 3-1 categ\u00f3rico (Autogol Joao Ortiz, Gast\u00f3n Sirino y Sebasti\u00e1n Zu\u00f1iga para el local, descuento de Leandro Benegas), que incluso pudo ser una goleada m\u00e1s estrepitosa. Imprecisos en los pases, mal tomadas las marcas y falta de actitud en la mayor\u00eda del partido, fueron factores que indudablemente influyeron en la primera ca\u00edda del semestre para la \u201cU\u201d. Apelando m\u00e1s a m\u00edstica que ha buen juego, se trat\u00f3 de remontar el encuentro, pero las fallas propias no lo permitieron. La lesi\u00f3n de Fabi\u00e1n Carmona, que nos dej\u00f3 con 10 jugadores de manera obligada pocos minutos del final, enturbiaba las opciones, y la expulsi\u00f3n de francisco castro termin\u00f3 por sepultarlas.<\/p>\n<p>\u00bfResponsables? Todos. No hay quien se salve. Desde los jugadores hasta el cuerpo t\u00e9cnico no han hecho bien las cosas, siendo Mart\u00edn Lasarte el principal centro de cr\u00edticas los \u00faltimos partidos, llegando incluso a pedir su salida de la banca. \u00bfPero ser\u00e1 el charr\u00faa el responsable que jugadores no muestren el coraje y la actitud necesaria a la hora de enfrentar un partido?<\/p>\n<p>Si bien el descuento de Benegas abre una importante chance de remontar la llave el pr\u00f3ximo mi\u00e9rcoles 9 de septiembre en el Nacional, el juego mostrado sobre la carpeta sint\u00e9tica de Quillota deja un manto de dudas para lo que ser\u00e1 el pr\u00f3ximo desaf\u00edo azul por el Torneo Apertura 2015-2016: visitar a Audax Italiano en La Florida el domingo 13 de septiembre.<\/p>\n<p><strong>\u00bfSOLUCIONES? CAMBIOS DE ESQUEMAS Y DE ACTITUD<\/strong><\/p>\n<p>Una vez sentenciada la derrota, en el camar\u00edn azul la autocr\u00edtica y los lamentos nos e hicieron esperar.<\/p>\n<p><strong>\u00abSiempre convertimos, pero siempre nos anotan. Tendremos que buscar alternativas para ser un equipo que maneje mejor el bal\u00f3n y se sienta m\u00e1s seguro\u201d, <\/strong>dijo Mart\u00edn Lasarte, al mismo tiempo que reconoci\u00f3 que esto <strong>\u201cya no es un tema solo de nombres, hay otros aspectos a considerar para ser el equipo que pretendemos\u00bb. <\/strong>De paso, reconoci\u00f3 que el ambiente est\u00e1 enrarecido.<strong> \u00abEs l\u00f3gico que nadie anda tranquilo, no andamos con una sonrisa. Hay una preocupaci\u00f3n deportiva l\u00f3gica\u00bb, <\/strong>asegur\u00f3 el DT.<\/p>\n<p>Otro que habl\u00f3 fue el autor del \u00fanico descuento de la \u201cU\u201d, Leandro Benegas. El goleador fue cr\u00edtico y se\u00f1al\u00f3 que <strong>\u00bbno podemos pasar m\u00e1s por estos momentos. Tenemos muy buen equipo, pero sabemos que lo que el \u00abprofe\u00bb trabaja no lo estamos cumpliendo en la cancha. Con la camiseta nadie gana, hay que asumir y prepararse para lo que viene\u00bb.<\/strong><\/p>\n<p>Mat\u00edas Rodr\u00edguez tambi\u00e9n tuvo palabras para analizar el mal pasar que vive el equipo y reconoci\u00f3 factores externos que estar\u00edan perjudicando el juego del plantel. <strong>\u00bbHay que buscar alternativas para ser un equipo que maneje mejor el bal\u00f3n y se sienta m\u00e1s seguro. No es un tema solo de nombres, hay otros aspectos a considerar para ser el equipo que pretendemos\u00bb,<\/strong> sentenci\u00f3 \u201cMaticrack\u201d.<\/p>\n<p><strong>EL \u201cLO DAMOS VUELTA\u201d QUIERE REFLOTAR EN \u00d1U\u00d1OA<\/strong><\/p>\n<p>El 2012 fue la frase y consigna que defini\u00f3 a la \u201cU\u201d. Pese a resultados imposibles de remontar, el equipo los pudo dar vuelta y conseguir importantes resultados que ayudaron en esa campa\u00f1a. Para este mi\u00e9rcoles se espera volver a repetirlo.<\/p>\n<p>Pese a no estar con sus compa\u00f1eros, por ser parte de la Selecci\u00f3n Chile, Johnny Herrera fue el encargado de recordarnos a los hinchas azules que nada es imposible y que la fe debe seguir intacta. A trav\u00e9s de su cuenta de Twitter, el referente azul subi\u00f3 una fotograf\u00eda con al promesa de dar vuelta la llave ante San Luis.<\/p>\n<figure id=\"attachment_7583\" aria-describedby=\"caption-attachment-7583\" style=\"width: 552px\" class=\"wp-caption aligncenter\"><a href=\"http:\/\/www.rincondelbulla.cl\/portal\/wp-content\/uploads\/2015\/09\/JH25.jpg\"><img loading=\"lazy\" decoding=\"async\" class=\"size-full wp-image-7583\" src=\"http:\/\/www.rincondelbulla.cl\/portal\/wp-content\/uploads\/2015\/09\/JH25.jpg\" alt=\"Foto: Twitter @SamuraiAzul25\" width=\"552\" height=\"518\" srcset=\"https:\/\/www.rincondelbulla.cl\/portal\/wp-content\/uploads\/2015\/09\/JH25.jpg 552w, https:\/\/www.rincondelbulla.cl\/portal\/wp-content\/uploads\/2015\/09\/JH25-300x282.jpg 300w, https:\/\/www.rincondelbulla.cl\/portal\/wp-content\/uploads\/2015\/09\/JH25-448x420.jpg 448w\" sizes=\"auto, (max-width: 552px) 100vw, 552px\" \/><\/a><figcaption id=\"caption-attachment-7583\" class=\"wp-caption-text\">Foto: Twitter @SamuraiAzul25<\/figcaption><\/figure>\n","protected":false},"excerpt":{"rendered":"<p>En un m\u00e1s que opaco partido, La \u201cU\u201d cay\u00f3 ente San Luis en Quillota y pone en riesgo su paso a la siguiente ronda de Copa Chile MTS 2015. La revancha se juega el pr\u00f3ximo mi\u00e9rcoles, pero el camar\u00edn est\u00e1 m\u00e1s que golpeado con la actual situaci\u00f3n del equipo.<\/p>\n","protected":false},"author":21382,"featured_media":7581,"comment_status":"closed","ping_status":"open","sticky":false,"template":"","format":"standard","meta":{"footnotes":""},"categories":[18],"tags":[454,414,190,424,416,81,417,41,319,460,459,224,65,157,452,436,458,156],"class_list":{"0":"post-7580","1":"post","2":"type-post","3":"status-publish","4":"format-standard","5":"has-post-thumbnail","7":"category-actualidad","8":"tag-actualidad","9":"tag-copa-chile-mts-2015","10":"tag-estadio","11":"tag-estadio-nacional","12":"tag-fabian-carmona","13":"tag-francisco-castro","14":"tag-joao-ortiz","15":"tag-johnny-herrera","16":"tag-leandro-benegas","17":"tag-lo-damos-vuelta","18":"tag-lucio-farina","19":"tag-martin-lasarte","20":"tag-matias-rodriguez","21":"tag-portada","22":"tag-san-luis-de-quillota","23":"tag-torneo-de-apertura-2015-2016","24":"tag-twitter","25":"tag-universidad-de-chile"},"_links":{"self":[{"href":"https:\/\/www.rincondelbulla.cl\/portal\/wp-json\/wp\/v2\/posts\/7580","targetHints":{"allow":["GET"]}}],"collection":[{"href":"https:\/\/www.rincondelbulla.cl\/portal\/wp-json\/wp\/v2\/posts"}],"about":[{"href":"https:\/\/www.rincondelbulla.cl\/portal\/wp-json\/wp\/v2\/types\/post"}],"author":[{"embeddable":true,"href":"https:\/\/www.rincondelbulla.cl\/portal\/wp-json\/wp\/v2\/users\/21382"}],"replies":[{"embeddable":true,"href":"https:\/\/www.rincondelbulla.cl\/portal\/wp-json\/wp\/v2\/comments?post=7580"}],"version-history":[{"count":1,"href":"https:\/\/www.rincondelbulla.cl\/portal\/wp-json\/wp\/v2\/posts\/7580\/revisions"}],"predecessor-version":[{"id":7584,"href":"https:\/\/www.rincondelbulla.cl\/portal\/wp-json\/wp\/v2\/posts\/7580\/revisions\/7584"}],"wp:featuredmedia":[{"embeddable":true,"href":"https:\/\/www.rincondelbulla.cl\/portal\/wp-json\/wp\/v2\/media\/7581"}],"wp:attachment":[{"href":"https:\/\/www.rincondelbulla.cl\/portal\/wp-json\/wp\/v2\/media?parent=7580"}],"wp:term":[{"taxonomy":"category","embeddable":true,"href":"https:\/\/www.rincondelbulla.cl\/portal\/wp-json\/wp\/v2\/categories?post=7580"},{"taxonomy":"post_tag","embeddable":true,"href":"https:\/\/www.rincondelbulla.cl\/portal\/wp-json\/wp\/v2\/tags?post=7580"}],"curies":[{"name":"wp","href":"https:\/\/api.w.org\/{rel}","templated":true}]}}