{"id":7588,"date":"2015-09-08T02:06:44","date_gmt":"2015-09-08T02:06:44","guid":{"rendered":"http:\/\/www.rincondelbulla.cl\/portal\/?p=7588"},"modified":"2015-09-08T02:06:44","modified_gmt":"2015-09-08T02:06:44","slug":"el-mejor-del-mes-entrega-su-apoyo-a-lasarte","status":"publish","type":"post","link":"https:\/\/www.rincondelbulla.cl\/portal\/2015\/09\/08\/el-mejor-del-mes-entrega-su-apoyo-a-lasarte\/","title":{"rendered":"El mejor del mes entrega su apoyo a Lasarte"},"content":{"rendered":"<figure id=\"attachment_7516\" aria-describedby=\"caption-attachment-7516\" style=\"width: 2048px\" class=\"wp-caption aligncenter\"><a href=\"http:\/\/www.rincondelbulla.cl\/portal\/wp-content\/uploads\/2015\/08\/Ubilla-Gol.jpg\"><img loading=\"lazy\" decoding=\"async\" class=\"size-full wp-image-7516\" src=\"http:\/\/www.rincondelbulla.cl\/portal\/wp-content\/uploads\/2015\/08\/Ubilla-Gol.jpg\" alt=\"El delantero azul cree que la U pude dar vuelta el marcador ante San Luis - Foto: Patricio Gonz\u00e1lez\" width=\"2048\" height=\"1365\" srcset=\"https:\/\/www.rincondelbulla.cl\/portal\/wp-content\/uploads\/2015\/08\/Ubilla-Gol.jpg 2048w, https:\/\/www.rincondelbulla.cl\/portal\/wp-content\/uploads\/2015\/08\/Ubilla-Gol-300x200.jpg 300w, https:\/\/www.rincondelbulla.cl\/portal\/wp-content\/uploads\/2015\/08\/Ubilla-Gol-768x512.jpg 768w, https:\/\/www.rincondelbulla.cl\/portal\/wp-content\/uploads\/2015\/08\/Ubilla-Gol-1200x800.jpg 1200w, https:\/\/www.rincondelbulla.cl\/portal\/wp-content\/uploads\/2015\/08\/Ubilla-Gol-696x464.jpg 696w, https:\/\/www.rincondelbulla.cl\/portal\/wp-content\/uploads\/2015\/08\/Ubilla-Gol-1068x712.jpg 1068w, https:\/\/www.rincondelbulla.cl\/portal\/wp-content\/uploads\/2015\/08\/Ubilla-Gol-630x420.jpg 630w\" sizes=\"auto, (max-width: 2048px) 100vw, 2048px\" \/><\/a><figcaption id=\"caption-attachment-7516\" class=\"wp-caption-text\">El delantero azul cree que la U pude dar vuelta el marcador ante San Luis &#8211; Foto: Patricio Gonz\u00e1lez<\/figcaption><\/figure>\n<p>&nbsp;<\/p>\n<p class=\"p1\"><strong><span class=\"s1\">El delantero de Universidad de Chile fue elegido por los hinchas azules como el mejor jugador de Agosto, el \u201cConejo\u201d entreg\u00f3 todo el respaldo para el actual cuerpo t\u00e9cnico.<\/span><\/strong><!--more--><\/p>\n<p class=\"p1\">\n<p class=\"p2\"><span class=\"s1\">Sebasti\u00e1n Ubilla pasa por un buen momento futbol\u00edstico y s\u00f3lo un fuerte estado gripal lo ha tenido alejado de las canchas, sin embargo para este mi\u00e9rcoles, el delantero asoma como titular. El delantero azul ratifica este buen momento con la elecci\u00f3n hecha por los hinchas azules como el mejor jugador del mes de agosto.<\/span><\/p>\n<p class=\"p2\"><span class=\"s1\">En relaci\u00f3n a este premio entregado por los fan\u00e1ticos azules, Ubilla se\u00f1al\u00f3, <strong>\u201csiempre es positivo obtener este tipo de reconocimientos y m\u00e1s si es por votaci\u00f3n de los hinchas. En lo personal tratar\u00e9 de seguir trabajando para sumar al equipo y en lo grupal sabemos que todav\u00eda queda por mejorar\u201d<\/strong>.<\/span><\/p>\n<p class=\"p2\"><span class=\"s1\">El delantero azul tambi\u00e9n se refiri\u00f3 al actual momento que viven los azules, en donde marchan 5\u00ba en la tabla de posiciones del Apertura y deben dar vuela una llave de 3-1 ante San Luis, <strong>\u201cnos falta un partido los 90 minutos buenos. Jugamos a ratos bien pero decaemos. Nos falta un partido para despegar. Estamos ah\u00ed, pero caemos\u201d<\/strong>, a\u00f1adi\u00f3 el \u201cConejo\u201d.<\/span><\/p>\n<p class=\"p2\"><strong><span class=\"s1\">RESPALDO AL CUERPO T\u00c9CNICO<\/span><\/strong><\/p>\n<p class=\"p2\"><span class=\"s1\">En la U no se vive el mejor momento, el equipo a\u00fan no logra mostea un juego regular y la paciencia de los hinchas comienza a acabarse, ante estos cuestionamientos hacia el equipo, Ubilla fue enf\u00e1tico en defender a Mart\u00edn Lasarte y su cuerpo t\u00e9cnico, <strong>\u201csin duda que es Lasarte el hombre indicado para sacar el equipo adelante, hace poco salimos campeones con \u00e9l. A Mart\u00edn lo vemos tranquilo, habla harto con nosotros, como siempre. No veo nada distinto\u201d<\/strong>.<\/span><\/p>\n<p class=\"p2\"><span class=\"s1\">En este sentido el delantero asume que son los jugadores los responsables del juego mostrado en cancha, <strong>\u201cMart\u00edn nos da la herramienta y nosotros tomamos las decisiones.<\/strong> Somos los responsables. La presi\u00f3n tenemos que manejarla\u2026 nosotros somos los responsables de las decisiones que tomamos y eso se refleja en los errores y en los resultados\u201d, declar\u00f3 el 11 de los azules.<\/span><\/p>\n<p class=\"p2\"><span class=\"s1\">Finalmente el delantero azul se refiri\u00f3 al ambiente que se vive al interior del camar\u00edn de Universidad de Chile, <strong>\u201cel camar\u00edn est\u00e1 muy bien. Uno no puede ser amigo de todos, pero tenemos buena convivencia.<\/strong> Somos como hermanos que defienden a otro\u201d, sentenci\u00f3 el Ubilla.<\/span><\/p>\n<p class=\"p2\"><span class=\"s1\">La U saldr\u00e1 a dar vuelta la llave ante San Luis este mi\u00e9rcoles a contar de las 18:00 hrs. en el Estadio Nacional. <strong>No dejen de seguir todos los pormenores de este encuentro en el minuto e minuto del Fan Page del Rinc\u00f3n del Bulla.<\/strong><\/span><\/p>\n","protected":false},"excerpt":{"rendered":"<p>&nbsp; El delantero de Universidad de Chile fue elegido por los hinchas azules como el mejor jugador de Agosto, el \u201cConejo\u201d entreg\u00f3 todo el respaldo para el actual cuerpo t\u00e9cnico.<\/p>\n","protected":false},"author":56,"featured_media":7516,"comment_status":"closed","ping_status":"open","sticky":false,"template":"","format":"standard","meta":{"footnotes":""},"categories":[18],"tags":[454,362,157,118,156],"class_list":{"0":"post-7588","1":"post","2":"type-post","3":"status-publish","4":"format-standard","5":"has-post-thumbnail","7":"category-actualidad","8":"tag-actualidad","9":"tag-apertura-2015","10":"tag-portada","11":"tag-sebastian-ubilla","12":"tag-universidad-de-chile"},"_links":{"self":[{"href":"https:\/\/www.rincondelbulla.cl\/portal\/wp-json\/wp\/v2\/posts\/7588","targetHints":{"allow":["GET"]}}],"collection":[{"href":"https:\/\/www.rincondelbulla.cl\/portal\/wp-json\/wp\/v2\/posts"}],"about":[{"href":"https:\/\/www.rincondelbulla.cl\/portal\/wp-json\/wp\/v2\/types\/post"}],"author":[{"embeddable":true,"href":"https:\/\/www.rincondelbulla.cl\/portal\/wp-json\/wp\/v2\/users\/56"}],"replies":[{"embeddable":true,"href":"https:\/\/www.rincondelbulla.cl\/portal\/wp-json\/wp\/v2\/comments?post=7588"}],"version-history":[{"count":1,"href":"https:\/\/www.rincondelbulla.cl\/portal\/wp-json\/wp\/v2\/posts\/7588\/revisions"}],"predecessor-version":[{"id":7589,"href":"https:\/\/www.rincondelbulla.cl\/portal\/wp-json\/wp\/v2\/posts\/7588\/revisions\/7589"}],"wp:featuredmedia":[{"embeddable":true,"href":"https:\/\/www.rincondelbulla.cl\/portal\/wp-json\/wp\/v2\/media\/7516"}],"wp:attachment":[{"href":"https:\/\/www.rincondelbulla.cl\/portal\/wp-json\/wp\/v2\/media?parent=7588"}],"wp:term":[{"taxonomy":"category","embeddable":true,"href":"https:\/\/www.rincondelbulla.cl\/portal\/wp-json\/wp\/v2\/categories?post=7588"},{"taxonomy":"post_tag","embeddable":true,"href":"https:\/\/www.rincondelbulla.cl\/portal\/wp-json\/wp\/v2\/tags?post=7588"}],"curies":[{"name":"wp","href":"https:\/\/api.w.org\/{rel}","templated":true}]}}