{"id":7598,"date":"2015-09-09T01:37:02","date_gmt":"2015-09-09T01:37:02","guid":{"rendered":"http:\/\/www.rincondelbulla.cl\/portal\/?p=7598"},"modified":"2015-09-09T12:01:26","modified_gmt":"2015-09-09T12:01:26","slug":"renato-gonzalez-si-ponemos-de-nuestra-parte-lo-sacaremos-adelante","status":"publish","type":"post","link":"https:\/\/www.rincondelbulla.cl\/portal\/2015\/09\/09\/renato-gonzalez-si-ponemos-de-nuestra-parte-lo-sacaremos-adelante\/","title":{"rendered":"Renato Gonz\u00e1lez: \u201cSi ponemos de nuestra parte lo sacaremos adelante\u201d"},"content":{"rendered":"<figure id=\"attachment_7438\" aria-describedby=\"caption-attachment-7438\" style=\"width: 1100px\" class=\"wp-caption aligncenter\"><a href=\"http:\/\/www.rincondelbulla.cl\/portal\/wp-content\/uploads\/2015\/07\/Ramos.jpg\"><img loading=\"lazy\" decoding=\"async\" class=\"size-full wp-image-7438\" src=\"http:\/\/www.rincondelbulla.cl\/portal\/wp-content\/uploads\/2015\/07\/Ramos.jpg\" alt=\"En el plantel azul saben que tienen que dar todo su esfuerzo para lograra la clasificaci\u00f3n  - Fotos: Claudio C\u00e1ceres\" width=\"1100\" height=\"733\" srcset=\"https:\/\/www.rincondelbulla.cl\/portal\/wp-content\/uploads\/2015\/07\/Ramos.jpg 1100w, https:\/\/www.rincondelbulla.cl\/portal\/wp-content\/uploads\/2015\/07\/Ramos-300x200.jpg 300w, https:\/\/www.rincondelbulla.cl\/portal\/wp-content\/uploads\/2015\/07\/Ramos-768x512.jpg 768w, https:\/\/www.rincondelbulla.cl\/portal\/wp-content\/uploads\/2015\/07\/Ramos-696x464.jpg 696w, https:\/\/www.rincondelbulla.cl\/portal\/wp-content\/uploads\/2015\/07\/Ramos-1068x712.jpg 1068w, https:\/\/www.rincondelbulla.cl\/portal\/wp-content\/uploads\/2015\/07\/Ramos-630x420.jpg 630w\" sizes=\"auto, (max-width: 1100px) 100vw, 1100px\" \/><\/a><figcaption id=\"caption-attachment-7438\" class=\"wp-caption-text\">En el plantel azul saben que tienen que dar todo su esfuerzo para lograra la clasificaci\u00f3n &#8211; Fotos: Claudio C\u00e1ceres<\/figcaption><\/figure>\n<p><strong>Saben que ser\u00e1 un partido dif\u00edcil, pero el plantel azul no esconde su confianza de poder remontar la llave ante San Luis este mi\u00e9rcoles por Copa Chile MTS 2015. La derrota 3-1 cosechada en Quillota no es impedimento para que los jugadores sue\u00f1en con la haza\u00f1a, aunque no restan pergaminos al rival.<\/strong><!--more--><\/p>\n<p>Ha pasado una semana desde la derrota frente a los quillotanos y el marcador a seguido dando vuelta en el CDA. Pese\u00a0 a ello, el plantel de Universidad de Chile ha querido hacer o\u00eddos sordos a las cr\u00edticas y prepararse para poder remontar el marcador adverso este mi\u00e9rcoles en el Nacional.<\/p>\n<p><strong>\u00abYa dimos vuelta la p\u00e1gina de lo que fue el anterior partido y ahora estamos pensando en ma\u00f1ana\u201d<\/strong>, declar\u00f3 este martes Renato Gonz\u00e1lez. El volante azul sabe que <strong>\u201cel resultando no nos favorece, pero si ponemos de nuestra parte, lo sacaremos adelante<\/strong>\u201d, en clara se\u00f1al de la confianza existente en el camar\u00edn.<\/p>\n<p>Sobre el rendimiento que ha demostrado el plantel y c\u00f3mo este podr\u00eda mermar sus posibilidades, Gonz\u00e1lez dijo <strong>\u00abuno nunca quiere jugar mal, pero sabemos que en este partido no tenemos chances, tenemos una sola opci\u00f3n y debemos aprovecharla. Nosotros no vamos a salir a especular y tenemos que darlo vuelta\u201d.<\/strong> Agreg\u00f3 que <strong>\u00abcomo plantel, hemos tenido mucha autocr\u00edtica y en general, tambi\u00e9n. Sabemos que no hay chance de error. Es s\u00ed o s\u00ed, porque o clasificamos o quedamos eliminados de la Copa Chile, as\u00ed es que hay darlo todo\u00bb.<\/strong><\/p>\n<p>Consultado sobre el rival, San Luis de Quillota, Renato Gonz\u00e1lez declar\u00f3 que <strong>\u201cle ganamos en el Campeonato, y despu\u00e9s perdimos, pero ahora es un partido diferente y hay que dejarlo todo. Somos locales, y eso ellos lo pueden sentir\u201d.<\/strong><\/p>\n","protected":false},"excerpt":{"rendered":"<p>Saben que ser\u00e1 un partido dif\u00edcil, pero el plantel azul no esconde su confianza de poder remontar la llave ante San Luis este mi\u00e9rcoles por Copa Chile MTS 2015. La derrota 3-1 cosechada en Quillota no es impedimento para que los jugadores sue\u00f1en con la haza\u00f1a, aunque no restan pergaminos al rival.<\/p>\n","protected":false},"author":21382,"featured_media":7438,"comment_status":"closed","ping_status":"open","sticky":false,"template":"","format":"standard","meta":{"footnotes":""},"categories":[18],"tags":[454,414,424,157,434,452,294,156],"class_list":{"0":"post-7598","1":"post","2":"type-post","3":"status-publish","4":"format-standard","5":"has-post-thumbnail","7":"category-actualidad","8":"tag-actualidad","9":"tag-copa-chile-mts-2015","10":"tag-estadio-nacional","11":"tag-portada","12":"tag-renato-gonzalez","13":"tag-san-luis-de-quillota","14":"tag-u-de-chile","15":"tag-universidad-de-chile"},"_links":{"self":[{"href":"https:\/\/www.rincondelbulla.cl\/portal\/wp-json\/wp\/v2\/posts\/7598","targetHints":{"allow":["GET"]}}],"collection":[{"href":"https:\/\/www.rincondelbulla.cl\/portal\/wp-json\/wp\/v2\/posts"}],"about":[{"href":"https:\/\/www.rincondelbulla.cl\/portal\/wp-json\/wp\/v2\/types\/post"}],"author":[{"embeddable":true,"href":"https:\/\/www.rincondelbulla.cl\/portal\/wp-json\/wp\/v2\/users\/21382"}],"replies":[{"embeddable":true,"href":"https:\/\/www.rincondelbulla.cl\/portal\/wp-json\/wp\/v2\/comments?post=7598"}],"version-history":[{"count":3,"href":"https:\/\/www.rincondelbulla.cl\/portal\/wp-json\/wp\/v2\/posts\/7598\/revisions"}],"predecessor-version":[{"id":7602,"href":"https:\/\/www.rincondelbulla.cl\/portal\/wp-json\/wp\/v2\/posts\/7598\/revisions\/7602"}],"wp:featuredmedia":[{"embeddable":true,"href":"https:\/\/www.rincondelbulla.cl\/portal\/wp-json\/wp\/v2\/media\/7438"}],"wp:attachment":[{"href":"https:\/\/www.rincondelbulla.cl\/portal\/wp-json\/wp\/v2\/media?parent=7598"}],"wp:term":[{"taxonomy":"category","embeddable":true,"href":"https:\/\/www.rincondelbulla.cl\/portal\/wp-json\/wp\/v2\/categories?post=7598"},{"taxonomy":"post_tag","embeddable":true,"href":"https:\/\/www.rincondelbulla.cl\/portal\/wp-json\/wp\/v2\/tags?post=7598"}],"curies":[{"name":"wp","href":"https:\/\/api.w.org\/{rel}","templated":true}]}}