{"id":7637,"date":"2015-09-15T00:54:30","date_gmt":"2015-09-15T00:54:30","guid":{"rendered":"http:\/\/www.rincondelbulla.cl\/portal\/?p=7637"},"modified":"2015-09-15T00:54:30","modified_gmt":"2015-09-15T00:54:30","slug":"martin-lasarte-se-peleara-hasta-el-final","status":"publish","type":"post","link":"https:\/\/www.rincondelbulla.cl\/portal\/2015\/09\/15\/martin-lasarte-se-peleara-hasta-el-final\/","title":{"rendered":"Mart\u00edn Lasarte: \u00abSe pelear\u00e1 hasta el final\u00bb"},"content":{"rendered":"<figure id=\"attachment_7619\" aria-describedby=\"caption-attachment-7619\" style=\"width: 1000px\" class=\"wp-caption aligncenter\"><a href=\"http:\/\/www.rincondelbulla.cl\/portal\/wp-content\/uploads\/2015\/09\/9.jpg\"><img loading=\"lazy\" decoding=\"async\" class=\"size-full wp-image-7619\" src=\"http:\/\/www.rincondelbulla.cl\/portal\/wp-content\/uploads\/2015\/09\/9.jpg\" alt=\"Mart\u00edn Lasarte analiz\u00f3 el presente azul, el partido ante Audax y los rumores sobre un posible reemplazante para su puesto - Foto: Claudio C\u00e1ceres\" width=\"1000\" height=\"667\" srcset=\"https:\/\/www.rincondelbulla.cl\/portal\/wp-content\/uploads\/2015\/09\/9.jpg 1000w, https:\/\/www.rincondelbulla.cl\/portal\/wp-content\/uploads\/2015\/09\/9-300x200.jpg 300w, https:\/\/www.rincondelbulla.cl\/portal\/wp-content\/uploads\/2015\/09\/9-768x512.jpg 768w, https:\/\/www.rincondelbulla.cl\/portal\/wp-content\/uploads\/2015\/09\/9-696x464.jpg 696w, https:\/\/www.rincondelbulla.cl\/portal\/wp-content\/uploads\/2015\/09\/9-630x420.jpg 630w\" sizes=\"auto, (max-width: 1000px) 100vw, 1000px\" \/><\/a><figcaption id=\"caption-attachment-7619\" class=\"wp-caption-text\">Mart\u00edn Lasarte analiz\u00f3 el presente azul, el partido ante Audax y los rumores sobre un posible reemplazante para su puesto &#8211; Foto: Claudio C\u00e1ceres<\/figcaption><\/figure>\n<p>&nbsp;<\/p>\n<p class=\"p1\"><strong><span class=\"s1\">En la previa al partido entre Audax Italiano y Universidad de Chile el t\u00e9cnico azul Mart\u00edn Lasarte atendi\u00f3 a los medios de prensa en el CDA. El uruguayo analiz\u00f3 el presente azul y tambi\u00e9n tuvo palabras para los rumores de un posible reemplazante en la banca de la U.<\/span><\/strong><!--more--><\/p>\n<p class=\"p1\">\n<p class=\"p2\"><span class=\"s1\">Universidad de Chile sigue buscando el juego regular que mostr\u00f3 en el primer semestre al mando de Mart\u00edn Lasarte. Los azules tienen un encuentro clave este martes ante Audax Italiano, si se pretende seguir en disputa por el t\u00edtulo, el triunfo se hace una exigencia.<\/span><\/p>\n<p class=\"p2\"><span class=\"s1\">En este contexto el t\u00e9cnico de los azules, Mart\u00edn Lasarte respondi\u00f3 las preguntas de los medios de comunicaci\u00f3n en la sala de prensa del CDA.<\/span><\/p>\n<p class=\"p2\"><span class=\"s1\">Consultado sobre el actual momento azul y la posibilidad de alcanzar el t\u00edtulo el uruguayo se\u00f1al\u00f3 que pelear\u00e1n hasta el final, y que deben mejorar el nivel futbol\u00edstico.<\/span><\/p>\n<p class=\"p2\"><span class=\"s1\"><strong>\u201cYo soy siempre de pelear hasta el final y ese es el objetivo que buscaremos. Hasta que la realidad o matem\u00e1tica indique lo contrario, nosotros seguiremos trabajando\u201d<\/strong>, declar\u00f3.<\/span><\/p>\n<p class=\"p2\"><span class=\"s1\">En relaci\u00f3n al partido de este martes ante Audax Italiano el uruguayo se refiri\u00f3 a la superficie que tiene la cancha del Bicentenario La Florida,<strong> \u201ces una cancha distinta, en la que no jugamos frecuentemente. Nuestra \u00faltima presencia en un campo sint\u00e9tico fue negativa, pero m\u00e1s all\u00e1 de la cancha, le tenemos respeto al propio Audax\u201d<\/strong>.<\/span><\/p>\n<p class=\"p2\"><span class=\"s1\">Si bien Universidad de Chile logr\u00f3 dar vuelta una dif\u00edcil llave Ante San Luis de Quillota por Copa Chile, los cuestionamiento sobre el desempe\u00f1o de Mart\u00edn Lasarte al mando del primer equipo no disminuyeron, es m\u00e1s, seg\u00fan diversos medios de prensa la separaci\u00f3n de Sebasti\u00e1n Beccacece del cuerpo t\u00e9cnico de la Selecci\u00f3n Chilena para comenzar una carrera como director t\u00e9cnico, signific\u00f3 que el nombre del ayudante de Sampaoli sonara de inmediato para reemplazar a Lasarrte.<\/span><\/p>\n<p class=\"p2\"><span class=\"s1\">Respecto a estos rumores el uruguayo se\u00f1al\u00f3, <strong>\u201cno me corresponde hablar de Beccacece. Que colegas de prestigio sean pensados para el futuro forma parte de esto\u201d<\/strong>.<\/span><\/p>\n<p class=\"p2\"><span class=\"s1\">Finalmente el t\u00e9cnico azul tuvo palabras para los rumores sobre su posiblepartida al final del presente torneo, <strong>\u201csiento el respaldo y el apoyo del club. Tengo una responsabilidad y una obligaci\u00f3n mayor que el mero contrato, porque me siento involucrado en el proyecto. Y cuando uno est\u00e1 as\u00ed de involucrado en alg\u00fan momento uno puede sentir que el fusible es uno. Pero hoy siento el gran respaldo y la gran confianza \u2026 Si los resultados no son los que queremos, es evidente que hay que revisar el contrato. Lo tengo asumido, pero me muevo en el mundo en que todos nos movemos\u201d<\/strong>, finaliz\u00f3.<\/span><\/p>\n","protected":false},"excerpt":{"rendered":"<p>&nbsp; En la previa al partido entre Audax Italiano y Universidad de Chile el t\u00e9cnico azul Mart\u00edn Lasarte atendi\u00f3 a los medios de prensa en el CDA. El uruguayo analiz\u00f3 el presente azul y tambi\u00e9n tuvo palabras para los rumores de un posible reemplazante en la banca de la U.<\/p>\n","protected":false},"author":56,"featured_media":7619,"comment_status":"closed","ping_status":"open","sticky":false,"template":"","format":"standard","meta":{"footnotes":""},"categories":[18],"tags":[454,224,157,405,156],"class_list":{"0":"post-7637","1":"post","2":"type-post","3":"status-publish","4":"format-standard","5":"has-post-thumbnail","7":"category-actualidad","8":"tag-actualidad","9":"tag-martin-lasarte","10":"tag-portada","11":"tag-torneo-apertura-2015-2016","12":"tag-universidad-de-chile"},"_links":{"self":[{"href":"https:\/\/www.rincondelbulla.cl\/portal\/wp-json\/wp\/v2\/posts\/7637","targetHints":{"allow":["GET"]}}],"collection":[{"href":"https:\/\/www.rincondelbulla.cl\/portal\/wp-json\/wp\/v2\/posts"}],"about":[{"href":"https:\/\/www.rincondelbulla.cl\/portal\/wp-json\/wp\/v2\/types\/post"}],"author":[{"embeddable":true,"href":"https:\/\/www.rincondelbulla.cl\/portal\/wp-json\/wp\/v2\/users\/56"}],"replies":[{"embeddable":true,"href":"https:\/\/www.rincondelbulla.cl\/portal\/wp-json\/wp\/v2\/comments?post=7637"}],"version-history":[{"count":1,"href":"https:\/\/www.rincondelbulla.cl\/portal\/wp-json\/wp\/v2\/posts\/7637\/revisions"}],"predecessor-version":[{"id":7638,"href":"https:\/\/www.rincondelbulla.cl\/portal\/wp-json\/wp\/v2\/posts\/7637\/revisions\/7638"}],"wp:featuredmedia":[{"embeddable":true,"href":"https:\/\/www.rincondelbulla.cl\/portal\/wp-json\/wp\/v2\/media\/7619"}],"wp:attachment":[{"href":"https:\/\/www.rincondelbulla.cl\/portal\/wp-json\/wp\/v2\/media?parent=7637"}],"wp:term":[{"taxonomy":"category","embeddable":true,"href":"https:\/\/www.rincondelbulla.cl\/portal\/wp-json\/wp\/v2\/categories?post=7637"},{"taxonomy":"post_tag","embeddable":true,"href":"https:\/\/www.rincondelbulla.cl\/portal\/wp-json\/wp\/v2\/tags?post=7637"}],"curies":[{"name":"wp","href":"https:\/\/api.w.org\/{rel}","templated":true}]}}