{"id":7650,"date":"2015-09-23T17:18:02","date_gmt":"2015-09-23T17:18:02","guid":{"rendered":"http:\/\/www.rincondelbulla.cl\/portal\/?p=7650"},"modified":"2016-02-24T22:28:52","modified_gmt":"2016-02-24T22:28:52","slug":"salio-el-bombo-no-mejoro-el-comportamiento","status":"publish","type":"post","link":"https:\/\/www.rincondelbulla.cl\/portal\/2015\/09\/23\/salio-el-bombo-no-mejoro-el-comportamiento\/","title":{"rendered":"Sali\u00f3 el bombo, no mejor\u00f3 el comportamiento"},"content":{"rendered":"<p><a href=\"http:\/\/www.rincondelbulla.cl\/portal\/wp-content\/uploads\/2015\/09\/Ca\u00edda.jpg\"><img loading=\"lazy\" decoding=\"async\" class=\"size-full wp-image-7651 alignnone\" src=\"http:\/\/www.rincondelbulla.cl\/portal\/wp-content\/uploads\/2015\/09\/Ca\u00edda.jpg\" alt=\"Foto: Google\" width=\"620\" height=\"350\" srcset=\"https:\/\/www.rincondelbulla.cl\/portal\/wp-content\/uploads\/2015\/09\/Ca\u00edda.jpg 620w, https:\/\/www.rincondelbulla.cl\/portal\/wp-content\/uploads\/2015\/09\/Ca\u00edda-300x169.jpg 300w\" sizes=\"auto, (max-width: 620px) 100vw, 620px\" \/><\/a><strong><span class=\"s1\">El martes reci\u00e9n pasado la \u201cU\u201d visit\u00f3 La Florida, y su gente, como siempre, se hizo presente en masa. Fuimos testigos de varios hechos lamentables en las gradas. Dos hinchas cayeron desde el sector norte de la tribuna Andes a la cancha, sufriendo lesiones, y teniendo que ser evacuados en ambulancia a un centro asistencial. En la galer\u00eda norte se vio una pelea con elementos cortopunzantes, y desde el mismo sector se aventaron diversos proyectiles a Nicol\u00e1s Peric, arquero de Audax Italiano. En resumen, un mal ejemplo de comportamiento de algunos hinchas, con consecuencias sobre s\u00ed mismos, sobre otros hinchas, sobre un jugador y a fin de cuentas, sobre el partido en s\u00ed.<\/span><\/strong><\/p>\n<p class=\"p1\"><!--more--><\/p>\n<p class=\"p2\"><strong><span class=\"s1\">Por Daniel Albornoz<\/span><\/strong><\/p>\n<p class=\"p2\"><strong><span class=\"s1\">Secretario Asociaci\u00f3n Hinchas Azules.<\/span><\/strong><\/p>\n<p class=\"p2\"><span class=\"s1\">Nada nuevo bajo el sol, desde fines de los \u201980 que se dan eventos de este tipo en los estadios, desde los \u201990 que se hacen diagn\u00f3sticos y se establecen soluciones desde las leyes, desde el 2011 que el Ejecutivo se propuso coordinar esfuerzos, y se han ido \u201cperfeccionando\u201d las leyes espec\u00edficas para estos eventos. Cabe destacar que han pasado 25 a\u00f1os al menos que el foco de la prensa y de diversas autoridades est\u00e1 puesto en esto, con los resultados a la vista.<\/span><\/p>\n<p class=\"p1\"><span class=\"s1\">En particular, evaluemos un punto que resulta, a mi entender, clave. El Estado diagnostic\u00f3 enf\u00e1ticamente, una y otra vez, que los il\u00edcitos, los hechos de violencia, y todos los males de este mundo estaban ligados a la organizaci\u00f3n de hinchas. El mal decantar\u00eda naturalmente de las relaciones que mantienen los hinchas en torno, por ejemplo, a llevar un bombo (o cualquier set de instrumentos musicales para animar al equipo y a la hinchada misma) a los estadios. \u201cSe mata la perra, se acaba la leva\u201d, dijo alguna vez un dictador chileno, inspirado en el orden portaliano. Inspirados en las mismas concepciones de vida social, los que manejan el Estado en nuestra d\u00e9cada han apuntado a matar la organizaci\u00f3n de hinchas, para que se acaben los problemas conductuales. En concreto, se prohibi\u00f3 el ingreso del bombo a galer\u00eda para evitar la organizaci\u00f3n que ello conllevaba.<\/span><\/p>\n<p class=\"p1\"><span class=\"s1\">Pues bien, \u00bfhan disminuido los il\u00edcitos? A las Sociedades An\u00f3nimas, uno que les duele particularmente es la falsificaci\u00f3n y reventa de entradas. Quien acude a los estadios puede ver que siguen habiendo revendedores, muchos de ellos ni siquiera identificados con los clubes convocados al partido. Incluso, las SA dan la pauta de los il\u00edcitos sobrevendiendo eventos de alta convocatoria, como fue el caso de Blanco y Negro SA para el partido de Colo Colo vs Universidad de Chile del pasado 19 de octubre 2014. \u00bfHan disminuido las ri\u00f1as en los estadios? Bueno, este martes vimos, nuevamente, que no. \u00bfHa dejado de invadir la cancha o subirse a lugares peligrosos ciertos barristas? A todas luces, no. \u00bfHan dejado de lanzar proyectiles a la cancha los hinchas? Preg\u00fantenle a Nicol\u00e1s Peric.<\/span><\/p>\n<p class=\"p1\"><strong><span class=\"s1\">\u00bfMatando la perra, se acab\u00f3 la leva? No. \u00a1Diantres!<\/span><\/strong><\/p>\n<p class=\"p1\"><span class=\"s1\">Personalmente, y tal vez por deformaci\u00f3n profesional, prefiero citar a Einstein que a Pinochet: \u201clocura es seguir haciendo lo mismo y esperar resultados diferentes\u201d. Cuando la evaluaci\u00f3n de un plan de acci\u00f3n no da resultados, es tal vez hora de replantearse el plan.<\/span><\/p>\n<p class=\"p1\"><span class=\"s1\">Por ejemplo, si yo fuera autoridad, me interesar\u00eda profundamente saber si esos hinchas que se cayeron recibieron alguna vez alguna informaci\u00f3n, alguna preocupaci\u00f3n, alguna invitaci\u00f3n bien dirigida hacia la prevenci\u00f3n. Me gustar\u00eda saber si a quienes lanzan objetos se les ha dado la opci\u00f3n de no estar enajenados en los estadios. Me pregunto, sinceramente, si esperamos que sacando el bombo (o con los otros focos del plan Estadio Seguro) vamos a obtener un cambio.<\/span><\/p>\n<p class=\"p1\"><a href=\"http:\/\/www.rincondelbulla.cl\/portal\/wp-content\/uploads\/2014\/12\/caos.jpg\"><img loading=\"lazy\" decoding=\"async\" class=\"aligncenter size-full wp-image-6300\" src=\"http:\/\/www.rincondelbulla.cl\/portal\/wp-content\/uploads\/2014\/12\/caos.jpg\" alt=\"caos\" width=\"1100\" height=\"700\" srcset=\"https:\/\/www.rincondelbulla.cl\/portal\/wp-content\/uploads\/2014\/12\/caos.jpg 1100w, https:\/\/www.rincondelbulla.cl\/portal\/wp-content\/uploads\/2014\/12\/caos-300x191.jpg 300w, https:\/\/www.rincondelbulla.cl\/portal\/wp-content\/uploads\/2014\/12\/caos-768x489.jpg 768w, https:\/\/www.rincondelbulla.cl\/portal\/wp-content\/uploads\/2014\/12\/caos-696x443.jpg 696w, https:\/\/www.rincondelbulla.cl\/portal\/wp-content\/uploads\/2014\/12\/caos-1068x680.jpg 1068w, https:\/\/www.rincondelbulla.cl\/portal\/wp-content\/uploads\/2014\/12\/caos-660x420.jpg 660w\" sizes=\"auto, (max-width: 1100px) 100vw, 1100px\" \/><\/a><\/p>\n<p class=\"p1\"><strong><span class=\"s1\">Ahondemos un poquito m\u00e1s: qu\u00e9 cambio queremos, hacia d\u00f3nde se apunta.<\/span><\/strong><\/p>\n<p class=\"p1\"><span class=\"s1\">Las autoridades lo tienen claro, apuntan a la represi\u00f3n, al control, a reducir el espacio social y a vulnerar el espacio individual con amedrentamiento y palos. Es decir, dividir, asustar, traumar. Me recuerda, tristemente, a las \u201cestrategias pedag\u00f3gicas\u201d de hace cien a\u00f1os. Hoy, afortunadamente, ya nadie, o casi nadie, cree que golpeando a los ni\u00f1os se los educa, nadie cree que obtener una disciplina aparente, un silencio sepulcral, un orden estricto, mediante la aplicaci\u00f3n de golpes de varilla, gritos y humillaciones, sea una forma eficiente de formar a los m\u00e1s peque\u00f1os. Sin embargo, dichas aberraciones son exactamente las que se practican en los estadios, buscando el mismo resultado: un silencio sepulcral, un orden estricto, mediante el miedo a la autoridad y el control abusivo aplicado sin criterio.<\/span><\/p>\n<p class=\"p1\"><strong><span class=\"s1\">Si en educaci\u00f3n comprendimos que el objetivo no es la disciplina aparente, sino la disciplina interior de cada individuo, aprendimos despu\u00e9s de generaciones que a palos y a punta de traumas est\u00e1bamos cultivando la violencia intrafamiliar, de g\u00e9nero y a todo nivel en la sociedad, si entendimos que era mejor propiciar las buenas pr\u00e1cticas m\u00e1s que sancionar las malas pr\u00e1cticas, entonces \u00bfpor qu\u00e9 en los estadios seguimos creyendo en las mismas barbaridades de anta\u00f1o?<\/span><\/strong><\/p>\n<p class=\"p1\"><a href=\"http:\/\/www.rincondelbulla.cl\/portal\/wp-content\/uploads\/2012\/10\/bfac7b33633cff2302bb9ac5f5db27de.jpg\"><img loading=\"lazy\" decoding=\"async\" class=\"aligncenter size-full wp-image-4889\" src=\"http:\/\/www.rincondelbulla.cl\/portal\/wp-content\/uploads\/2012\/10\/bfac7b33633cff2302bb9ac5f5db27de.jpg\" alt=\"Foto: Claudio C\u00e1ceres\" width=\"700\" height=\"396\" srcset=\"https:\/\/www.rincondelbulla.cl\/portal\/wp-content\/uploads\/2012\/10\/bfac7b33633cff2302bb9ac5f5db27de.jpg 700w, https:\/\/www.rincondelbulla.cl\/portal\/wp-content\/uploads\/2012\/10\/bfac7b33633cff2302bb9ac5f5db27de-300x170.jpg 300w, https:\/\/www.rincondelbulla.cl\/portal\/wp-content\/uploads\/2012\/10\/bfac7b33633cff2302bb9ac5f5db27de-696x394.jpg 696w\" sizes=\"auto, (max-width: 700px) 100vw, 700px\" \/><\/a><\/p>\n<p class=\"p1\"><span class=\"s1\">Hay que sacarse el velo portaliano de una vez, comprender que los hinchas somos arte y parte en esto, y que si no se cultiva un espacio com\u00fan adecuado desde la promoci\u00f3n de la cultura, jam\u00e1s vamos a cosechar buen comportamiento social. D\u00e9mosle la chance al individuo de desarrollarse grupalmente, y tal vez obtengamos un grupo sano. Podemos aprovechar nuestra propia cultura, esa del bombo, del canto, de las banderas, del colorido, de la fiesta, de la unidad de la gente en torno al apoyo a su club, y ponerla al servicio de nuestra propia autoeducaci\u00f3n. Podemos fortalecer nuestros espacios sociales, para obtener una sociedad autorregulada. Fractur\u00e1ndolos, solo vamos a obtener m\u00e1s y m\u00e1s hechos lamentables.<\/span><\/p>\n<p class=\"p1\"><span class=\"s1\"><strong>Luchar contra la violencia de la autoridad, a la vez que luchar contra el desmembramiento interno de nuestra comunidad, es tarea tit\u00e1nica y en la pr\u00e1ctica, imposible.<\/strong> No dejaremos nunca de trabajar en fortalecer en lo posible la organizaci\u00f3n interna de las y los Hinchas Azules. Pero en la contraparte, les digo a ustedes, se\u00f1ores Intendente y Subrogante, se\u00f1ores Orrego y Morales: est\u00e1n muy equivocados cuando esgrimen que la soluci\u00f3n es que la \u201cU\u201d no lleve p\u00fablico de visita. En vez de ello, trabajen de una buena vez con la(s) comunidad(es). No echen la basura debajo de la alfombra, ni tiren por la borda la oportunidad de proponer, alguna vez, otra forma de ver y vivir el espacio p\u00fablico. Nos merecemos todos algo mejor que eso.<\/span><\/p>\n","protected":false},"excerpt":{"rendered":"<p>El martes reci\u00e9n pasado la \u201cU\u201d visit\u00f3 La Florida, y su gente, como siempre, se hizo presente en masa. Fuimos testigos de varios hechos lamentables en las gradas. Dos hinchas cayeron desde el sector norte de la tribuna Andes a la cancha, sufriendo lesiones, y teniendo que ser evacuados en ambulancia a un centro asistencial. [&#8230;]<\/p>\n","protected":false},"author":56,"featured_media":6221,"comment_status":"closed","ping_status":"open","sticky":false,"template":"","format":"standard","meta":{"footnotes":""},"categories":[18],"tags":[102,36,157,294],"class_list":{"0":"post-7650","1":"post","2":"type-post","3":"status-publish","4":"format-standard","5":"has-post-thumbnail","7":"category-actualidad","8":"tag-los-de-abajo","9":"tag-opinion","10":"tag-portada","11":"tag-u-de-chile"},"_links":{"self":[{"href":"https:\/\/www.rincondelbulla.cl\/portal\/wp-json\/wp\/v2\/posts\/7650","targetHints":{"allow":["GET"]}}],"collection":[{"href":"https:\/\/www.rincondelbulla.cl\/portal\/wp-json\/wp\/v2\/posts"}],"about":[{"href":"https:\/\/www.rincondelbulla.cl\/portal\/wp-json\/wp\/v2\/types\/post"}],"author":[{"embeddable":true,"href":"https:\/\/www.rincondelbulla.cl\/portal\/wp-json\/wp\/v2\/users\/56"}],"replies":[{"embeddable":true,"href":"https:\/\/www.rincondelbulla.cl\/portal\/wp-json\/wp\/v2\/comments?post=7650"}],"version-history":[{"count":3,"href":"https:\/\/www.rincondelbulla.cl\/portal\/wp-json\/wp\/v2\/posts\/7650\/revisions"}],"predecessor-version":[{"id":8345,"href":"https:\/\/www.rincondelbulla.cl\/portal\/wp-json\/wp\/v2\/posts\/7650\/revisions\/8345"}],"wp:featuredmedia":[{"embeddable":true,"href":"https:\/\/www.rincondelbulla.cl\/portal\/wp-json\/wp\/v2\/media\/6221"}],"wp:attachment":[{"href":"https:\/\/www.rincondelbulla.cl\/portal\/wp-json\/wp\/v2\/media?parent=7650"}],"wp:term":[{"taxonomy":"category","embeddable":true,"href":"https:\/\/www.rincondelbulla.cl\/portal\/wp-json\/wp\/v2\/categories?post=7650"},{"taxonomy":"post_tag","embeddable":true,"href":"https:\/\/www.rincondelbulla.cl\/portal\/wp-json\/wp\/v2\/tags?post=7650"}],"curies":[{"name":"wp","href":"https:\/\/api.w.org\/{rel}","templated":true}]}}